{"id":206892,"date":"2026-02-07T06:43:17","date_gmt":"2026-02-07T10:43:17","guid":{"rendered":"https:\/\/mspontocom.com.br\/site\/?p=206892"},"modified":"2026-02-07T06:43:17","modified_gmt":"2026-02-07T10:43:17","slug":"ucas-kallas-socio-de-vorcaro","status":"publish","type":"post","link":"https:\/\/mspontocom.com.br\/site\/ucas-kallas-socio-de-vorcaro\/","title":{"rendered":"Mulher de Moraes assume novo caso no STF em defesa de s\u00f3cio de Vorcaro"},"content":{"rendered":"<p style=\"text-align: justify;\"><img loading=\"lazy\" class=\"alignnone size-large wp-image-206900\" src=\"http:\/\/mspontocom.com.br\/site\/wp-content\/uploads\/2026\/02\/site-mulher-de-moraes-assume-novo-caso-no-stf-em-defesa-de-lucas-kallas-socio-de-vorcaro-alemaster-1024x614.jpeg\" alt=\"\" width=\"1024\" height=\"614\" srcset=\"https:\/\/mspontocom.com.br\/site\/wp-content\/uploads\/2026\/02\/site-mulher-de-moraes-assume-novo-caso-no-stf-em-defesa-de-lucas-kallas-socio-de-vorcaro-alemaster-1024x614.jpeg 1024w, https:\/\/mspontocom.com.br\/site\/wp-content\/uploads\/2026\/02\/site-mulher-de-moraes-assume-novo-caso-no-stf-em-defesa-de-lucas-kallas-socio-de-vorcaro-alemaster-260x156.jpeg 260w, https:\/\/mspontocom.com.br\/site\/wp-content\/uploads\/2026\/02\/site-mulher-de-moraes-assume-novo-caso-no-stf-em-defesa-de-lucas-kallas-socio-de-vorcaro-alemaster-768x461.jpeg 768w, https:\/\/mspontocom.com.br\/site\/wp-content\/uploads\/2026\/02\/site-mulher-de-moraes-assume-novo-caso-no-stf-em-defesa-de-lucas-kallas-socio-de-vorcaro-alemaster-1536x922.jpeg 1536w, https:\/\/mspontocom.com.br\/site\/wp-content\/uploads\/2026\/02\/site-mulher-de-moraes-assume-novo-caso-no-stf-em-defesa-de-lucas-kallas-socio-de-vorcaro-alemaster.jpeg 1600w\" sizes=\"(max-width: 1024px) 100vw, 1024px\" \/>A advogada Viviane Barci de Moraes, mulher do ministro do STF Alexandre de Moraes, passou a atuar em um novo processo na Corte do marido, desta vez em defesa do empres\u00e1rio Lucas Kallas, que \u00e9 acionista junto com o banqueiro Daniel Vorcaro &#8211; dono do Banco Master\u00a0&#8211; na empresa de medicamentos Biomm.<\/p>\n<p style=\"text-align: justify;\">O caso foi protocolado no STF na \u00faltima segunda-feira, 2, e Viviane aparece como a \u00fanica advogada da causa.<\/p>\n<p style=\"text-align: justify;\">Nas pe\u00e7as juntadas no processo, consta que Kallas deu plenos poderes ao escrit\u00f3rio da fam\u00edlia Moraes, o Barci de Moraes advogados, para que atuem em sua defesa.<\/p>\n<p style=\"text-align: justify;\">Procurado, Kallas afirma que foi \u201cindevidamente citado em investiga\u00e7\u00e3o relacionada \u00e0 Empabra<em>\u00a0(Empresa de Minera\u00e7\u00e3o Pau Branco)<\/em>, empresa da qual se afastou em 2017\u2033.<\/p>\n<p style=\"text-align: justify;\">A nota diz ainda que ele \u00e9 assistido pelos escrit\u00f3rios Grimaldi &amp; Rodrigues e Barci de Moraes, que atuam de forma conjunta no caso desde 2024, e que n\u00e3o h\u00e1 a\u00e7\u00e3o penal instaurada.<\/p>\n<p style=\"text-align: justify;\">O escrit\u00f3rio Barci de Moraes advogados n\u00e3o se manifestou.<\/p>\n<p style=\"text-align: justify;\"><strong>Al\u00e9m de Viviane, assinam a peti\u00e7\u00e3o inicial para que o caso tramite no STF os advogados Alexandre Barci de Moraes e Giuliana Barci de Moraes, filhos do ministro e da advogada.<\/strong><\/p>\n<p>&nbsp;<\/p>\n<p style=\"text-align: justify;\"><i><b>Continue em nossa companhia em:<\/b><\/i> <a href=\"http:\/\/www.mspontocom.com.br\/\"><span style=\"color: #0000ff;\"><span style=\"font-family: Comic Sans MS, cursive;\"><span style=\"font-size: small;\"><u>www.mspontocom.com.br<\/u><\/span><\/span><\/span><\/a><\/p>\n<p style=\"text-align: justify;\">fonte: <a title=\"Ir para p\u00e1gina do autor\" href=\"https:\/\/www.estadao.com.br\/autores\/weslley-galzo\/\" data-component-name=\"pagina-autor\">Weslley Galzo, Estad\u00e3o<\/a><\/p>\n","protected":false},"excerpt":{"rendered":"<p>A advogada Viviane Barci de Moraes, mulher do ministro do STF Alexandre de Moraes, passou a atuar em um novo processo na Corte do marido, desta vez em defesa do empres\u00e1rio Lucas Kallas, que \u00e9 acionista junto com o banqueiro Daniel Vorcaro &#8211; dono do Banco Master\u00a0&#8211; na empresa de medicamentos Biomm. O caso foi [&hellip;]<\/p>\n","protected":false},"author":2,"featured_media":206900,"comment_status":"open","ping_status":"open","sticky":false,"template":"","format":"standard","meta":{"_monsterinsights_skip_tracking":false,"_monsterinsights_sitenote_active":false,"_monsterinsights_sitenote_note":"","_monsterinsights_sitenote_category":0},"categories":[6,30260,2528,30259,12],"tags":[35247,355,44200,34796,3014,44148],"aioseo_notices":[],"_links":{"self":[{"href":"https:\/\/mspontocom.com.br\/site\/wp-json\/wp\/v2\/posts\/206892"}],"collection":[{"href":"https:\/\/mspontocom.com.br\/site\/wp-json\/wp\/v2\/posts"}],"about":[{"href":"https:\/\/mspontocom.com.br\/site\/wp-json\/wp\/v2\/types\/post"}],"author":[{"embeddable":true,"href":"https:\/\/mspontocom.com.br\/site\/wp-json\/wp\/v2\/users\/2"}],"replies":[{"embeddable":true,"href":"https:\/\/mspontocom.com.br\/site\/wp-json\/wp\/v2\/comments?post=206892"}],"version-history":[{"count":2,"href":"https:\/\/mspontocom.com.br\/site\/wp-json\/wp\/v2\/posts\/206892\/revisions"}],"predecessor-version":[{"id":206901,"href":"https:\/\/mspontocom.com.br\/site\/wp-json\/wp\/v2\/posts\/206892\/revisions\/206901"}],"wp:featuredmedia":[{"embeddable":true,"href":"https:\/\/mspontocom.com.br\/site\/wp-json\/wp\/v2\/media\/206900"}],"wp:attachment":[{"href":"https:\/\/mspontocom.com.br\/site\/wp-json\/wp\/v2\/media?parent=206892"}],"wp:term":[{"taxonomy":"category","embeddable":true,"href":"https:\/\/mspontocom.com.br\/site\/wp-json\/wp\/v2\/categories?post=206892"},{"taxonomy":"post_tag","embeddable":true,"href":"https:\/\/mspontocom.com.br\/site\/wp-json\/wp\/v2\/tags?post=206892"}],"curies":[{"name":"wp","href":"https:\/\/api.w.org\/{rel}","templated":true}]}}