{"id":206951,"date":"2026-02-10T04:00:35","date_gmt":"2026-02-10T08:00:35","guid":{"rendered":"https:\/\/mspontocom.com.br\/site\/?p=206951"},"modified":"2026-02-10T06:25:22","modified_gmt":"2026-02-10T10:25:22","slug":"spacex-prioriza-lua-e-adia-planos-para-marte-diz-musk","status":"publish","type":"post","link":"https:\/\/mspontocom.com.br\/site\/spacex-prioriza-lua-e-adia-planos-para-marte-diz-musk\/","title":{"rendered":"SpaceX prioriza Lua e adia planos para Marte, diz Musk"},"content":{"rendered":"<p style=\"text-align: justify;\"><img loading=\"lazy\" class=\"alignnone size-full wp-image-206973\" src=\"http:\/\/mspontocom.com.br\/site\/wp-content\/uploads\/2026\/02\/site-spacex-prioriza-lua-e-adia-planos-para-marte-diz-musk-lua.jpeg\" alt=\"\" width=\"985\" height=\"554\" srcset=\"https:\/\/mspontocom.com.br\/site\/wp-content\/uploads\/2026\/02\/site-spacex-prioriza-lua-e-adia-planos-para-marte-diz-musk-lua.jpeg 985w, https:\/\/mspontocom.com.br\/site\/wp-content\/uploads\/2026\/02\/site-spacex-prioriza-lua-e-adia-planos-para-marte-diz-musk-lua-260x146.jpeg 260w, https:\/\/mspontocom.com.br\/site\/wp-content\/uploads\/2026\/02\/site-spacex-prioriza-lua-e-adia-planos-para-marte-diz-musk-lua-768x432.jpeg 768w\" sizes=\"(max-width: 985px) 100vw, 985px\" \/>O empres\u00e1rio <strong>Elon Musk<\/strong> anunciou no domingo que a SpaceX mudou seu foco para a constru\u00e7\u00e3o de uma \u201ccidade autossustent\u00e1vel\u201d na Lua, deixando de lado o projeto em Marte.<\/p>\n<p style=\"text-align: justify;\">A declara\u00e7\u00e3o foi feita em post no X, rede social de propriedade do empres\u00e1rio.<\/p>\n<p style=\"text-align: justify;\">Segundo o empres\u00e1rio, embora Marte continue nos planos da empresa, o foco imediato passou a ser a Lula por quest\u00f5es log\u00edsticas.<\/p>\n<p style=\"text-align: justify;\">O projeto lunar poderia ser concretizado em menos de 10 anos, disse Musk.<\/p>\n<p style=\"text-align: justify;\">\u201cA prioridade absoluta \u00e9 garantir o futuro da civiliza\u00e7\u00e3o e a Lua \u00e9 mais r\u00e1pida\u201d, afirmou.<\/p>\n<p style=\"text-align: justify;\">O plano atual estabelece mar\u00e7o de 2027 como data-alvo para a SpaceX realizar um pouso lunar n\u00e3o tripulado, segundo o WSJ. Estados Unidos e China competem para levar seres humanos \u00e0 superf\u00edcie da Lua ainda nesta d\u00e9cada \u2014algo que n\u00e3o acontece desde a miss\u00e3o Apollo 17, em 1972.<\/p>\n<p style=\"text-align: justify;\"><i><b>Continue em nossa companhia em:<\/b><\/i> <a href=\"http:\/\/www.mspontocom.com.br\/\"><span style=\"color: #0000ff;\"><span style=\"font-family: Comic Sans MS, cursive;\"><span style=\"font-size: small;\"><u>www.mspontocom.com.br<\/u><\/span><\/span><\/span><\/a><\/p>\n<p style=\"text-align: justify;\">fonte: Poder 360<\/p>\n","protected":false},"excerpt":{"rendered":"<p>O empres\u00e1rio Elon Musk anunciou no domingo que a SpaceX mudou seu foco para a constru\u00e7\u00e3o de uma \u201ccidade autossustent\u00e1vel\u201d na Lua, deixando de lado o projeto em Marte. A declara\u00e7\u00e3o foi feita em post no X, rede social de propriedade do empres\u00e1rio. Segundo o empres\u00e1rio, embora Marte continue nos planos da empresa, o foco [&hellip;]<\/p>\n","protected":false},"author":2,"featured_media":206973,"comment_status":"open","ping_status":"open","sticky":false,"template":"","format":"standard","meta":{"_monsterinsights_skip_tracking":false,"_monsterinsights_sitenote_active":false,"_monsterinsights_sitenote_note":"","_monsterinsights_sitenote_category":0},"categories":[7752],"tags":[26388,44211,480,4337,41048,1988,44212],"aioseo_notices":[],"_links":{"self":[{"href":"https:\/\/mspontocom.com.br\/site\/wp-json\/wp\/v2\/posts\/206951"}],"collection":[{"href":"https:\/\/mspontocom.com.br\/site\/wp-json\/wp\/v2\/posts"}],"about":[{"href":"https:\/\/mspontocom.com.br\/site\/wp-json\/wp\/v2\/types\/post"}],"author":[{"embeddable":true,"href":"https:\/\/mspontocom.com.br\/site\/wp-json\/wp\/v2\/users\/2"}],"replies":[{"embeddable":true,"href":"https:\/\/mspontocom.com.br\/site\/wp-json\/wp\/v2\/comments?post=206951"}],"version-history":[{"count":2,"href":"https:\/\/mspontocom.com.br\/site\/wp-json\/wp\/v2\/posts\/206951\/revisions"}],"predecessor-version":[{"id":206974,"href":"https:\/\/mspontocom.com.br\/site\/wp-json\/wp\/v2\/posts\/206951\/revisions\/206974"}],"wp:featuredmedia":[{"embeddable":true,"href":"https:\/\/mspontocom.com.br\/site\/wp-json\/wp\/v2\/media\/206973"}],"wp:attachment":[{"href":"https:\/\/mspontocom.com.br\/site\/wp-json\/wp\/v2\/media?parent=206951"}],"wp:term":[{"taxonomy":"category","embeddable":true,"href":"https:\/\/mspontocom.com.br\/site\/wp-json\/wp\/v2\/categories?post=206951"},{"taxonomy":"post_tag","embeddable":true,"href":"https:\/\/mspontocom.com.br\/site\/wp-json\/wp\/v2\/tags?post=206951"}],"curies":[{"name":"wp","href":"https:\/\/api.w.org\/{rel}","templated":true}]}}