{"id":206987,"date":"2026-02-11T05:26:45","date_gmt":"2026-02-11T09:26:45","guid":{"rendered":"https:\/\/mspontocom.com.br\/site\/?p=206987"},"modified":"2026-02-11T05:26:45","modified_gmt":"2026-02-11T09:26:45","slug":"stf-faz-brasil-ter-liberdade-parcial-na-internet-diz-estudo","status":"publish","type":"post","link":"https:\/\/mspontocom.com.br\/site\/stf-faz-brasil-ter-liberdade-parcial-na-internet-diz-estudo\/","title":{"rendered":"STF faz Brasil ter liberdade parcial na internet, diz estudo"},"content":{"rendered":"<p style=\"text-align: justify;\"><img loading=\"lazy\" class=\"alignnone size-large wp-image-207000\" src=\"http:\/\/mspontocom.com.br\/site\/wp-content\/uploads\/2026\/02\/site-moraes-faz-brasil-ter-liberdade-parcial-na-internet-diz-estudo-censura1-1024x683.jpg\" alt=\"\" width=\"1024\" height=\"683\" srcset=\"https:\/\/mspontocom.com.br\/site\/wp-content\/uploads\/2026\/02\/site-moraes-faz-brasil-ter-liberdade-parcial-na-internet-diz-estudo-censura1-1024x683.jpg 1024w, https:\/\/mspontocom.com.br\/site\/wp-content\/uploads\/2026\/02\/site-moraes-faz-brasil-ter-liberdade-parcial-na-internet-diz-estudo-censura1-260x173.jpg 260w, https:\/\/mspontocom.com.br\/site\/wp-content\/uploads\/2026\/02\/site-moraes-faz-brasil-ter-liberdade-parcial-na-internet-diz-estudo-censura1-768x512.jpg 768w, https:\/\/mspontocom.com.br\/site\/wp-content\/uploads\/2026\/02\/site-moraes-faz-brasil-ter-liberdade-parcial-na-internet-diz-estudo-censura1.jpg 1300w\" sizes=\"(max-width: 1024px) 100vw, 1024px\" \/>Relat\u00f3rio elaborado pela organiza\u00e7\u00e3o Freedom House atribuiu apenas 65 pontos (de 100) \u00e0 liberdade para acessar e navegar a internet no Brasil.<\/p>\n<p style=\"text-align: justify;\">Segundo o estudo Freedom on the Net 2025, o que derruba a nota brasileira o bloqueio de perfis de redes sociais pelo ministro do STF Alexandre de Moraes, citado no estudo, e outras puni\u00e7\u00f5es contra jornalistas e usu\u00e1rios da internet.<\/p>\n<div id=\"Nota-7\" class=\"entry-block ch-nota Nota-7\" style=\"text-align: justify;\">\n<h3><span style=\"font-size: 18pt;\">Grande problema<\/span><\/h3>\n<\/div>\n<p style=\"text-align: justify;\">A Freedom House aponta: \u201cjornalistas independentes e ativistas correm o risco de ass\u00e9dio e ataques violentos, e a viol\u00eancia pol\u00edtica \u00e9 elevada\u201d.<\/p>\n<div id=\"Nota-8\" class=\"entry-block ch-nota Nota-8\" style=\"text-align: justify;\">\n<h3><span style=\"font-size: 18pt;\">N\u00e3o s\u00f3 no topo<\/span><\/h3>\n<\/div>\n<p style=\"text-align: justify;\">O risco de a\u00e7\u00f5es judiciais e puni\u00e7\u00f5es contra jornalistas que denunciam poderosos tamb\u00e9m derruba da nota da liberdade na internet do Brasil.<\/p>\n<div id=\"Nota-9\" class=\"entry-block ch-nota Nota-9\" style=\"text-align: justify;\"><\/div>\n<div id=\"Nota-10\" class=\"entry-block ch-nota Nota-10\" style=\"text-align: justify;\">\n<h3><span style=\"font-size: 18pt;\">Pol\u00edtica de desilus\u00e3o<\/span><\/h3>\n<\/div>\n<p style=\"text-align: justify;\">J\u00e1 o relat\u00f3rio Freedom in the World, que sobre liberdades pol\u00edticas e civis das na\u00e7\u00f5es, diz que o Brasil \u00e9 democracia livre, mas \u201ca corrup\u00e7\u00e3o \u00e9 end\u00eamica nos altos escal\u00f5es\u201d e gera \u201campla desilus\u00e3o da popula\u00e7\u00e3o\u201d.<\/p>\n<p style=\"text-align: justify;\"><i><b>Continue em nossa companhia em:<\/b><\/i> <a href=\"http:\/\/www.mspontocom.com.br\/\"><span style=\"color: #0000ff;\"><span style=\"font-family: Comic Sans MS, cursive;\"><span style=\"font-size: small;\"><u>www.mspontocom.com.br<\/u><\/span><\/span><\/span><\/a><\/p>\n<p style=\"text-align: justify;\">fonte: Coluna Claudio Humberto, Di\u00e1rio do Poder<\/p>\n","protected":false},"excerpt":{"rendered":"<p>Relat\u00f3rio elaborado pela organiza\u00e7\u00e3o Freedom House atribuiu apenas 65 pontos (de 100) \u00e0 liberdade para acessar e navegar a internet no Brasil. Segundo o estudo Freedom on the Net 2025, o que derruba a nota brasileira o bloqueio de perfis de redes sociais pelo ministro do STF Alexandre de Moraes, citado no estudo, e outras [&hellip;]<\/p>\n","protected":false},"author":2,"featured_media":207000,"comment_status":"open","ping_status":"open","sticky":false,"template":"","format":"standard","meta":{"_monsterinsights_skip_tracking":false,"_monsterinsights_sitenote_active":false,"_monsterinsights_sitenote_note":"","_monsterinsights_sitenote_category":0},"categories":[6,30260,2528,30259,12],"tags":[30254,3099,44215,204,44214,35247,3014],"aioseo_notices":[],"_links":{"self":[{"href":"https:\/\/mspontocom.com.br\/site\/wp-json\/wp\/v2\/posts\/206987"}],"collection":[{"href":"https:\/\/mspontocom.com.br\/site\/wp-json\/wp\/v2\/posts"}],"about":[{"href":"https:\/\/mspontocom.com.br\/site\/wp-json\/wp\/v2\/types\/post"}],"author":[{"embeddable":true,"href":"https:\/\/mspontocom.com.br\/site\/wp-json\/wp\/v2\/users\/2"}],"replies":[{"embeddable":true,"href":"https:\/\/mspontocom.com.br\/site\/wp-json\/wp\/v2\/comments?post=206987"}],"version-history":[{"count":2,"href":"https:\/\/mspontocom.com.br\/site\/wp-json\/wp\/v2\/posts\/206987\/revisions"}],"predecessor-version":[{"id":207001,"href":"https:\/\/mspontocom.com.br\/site\/wp-json\/wp\/v2\/posts\/206987\/revisions\/207001"}],"wp:featuredmedia":[{"embeddable":true,"href":"https:\/\/mspontocom.com.br\/site\/wp-json\/wp\/v2\/media\/207000"}],"wp:attachment":[{"href":"https:\/\/mspontocom.com.br\/site\/wp-json\/wp\/v2\/media?parent=206987"}],"wp:term":[{"taxonomy":"category","embeddable":true,"href":"https:\/\/mspontocom.com.br\/site\/wp-json\/wp\/v2\/categories?post=206987"},{"taxonomy":"post_tag","embeddable":true,"href":"https:\/\/mspontocom.com.br\/site\/wp-json\/wp\/v2\/tags?post=206987"}],"curies":[{"name":"wp","href":"https:\/\/api.w.org\/{rel}","templated":true}]}}