{"id":206989,"date":"2026-02-11T05:54:31","date_gmt":"2026-02-11T09:54:31","guid":{"rendered":"https:\/\/mspontocom.com.br\/site\/?p=206989"},"modified":"2026-02-11T06:11:42","modified_gmt":"2026-02-11T10:11:42","slug":"stf-estuda-incluir-cocaina-na-descriminalizacao-de-drogas","status":"publish","type":"post","link":"https:\/\/mspontocom.com.br\/site\/stf-estuda-incluir-cocaina-na-descriminalizacao-de-drogas\/","title":{"rendered":"STF estuda incluir coca\u00edna na descriminaliza\u00e7\u00e3o de drogas"},"content":{"rendered":"<p style=\"text-align: justify;\"><img loading=\"lazy\" class=\"alignnone size-full wp-image-207004\" src=\"http:\/\/mspontocom.com.br\/site\/wp-content\/uploads\/2026\/02\/site-stf-estuda-incluir-cocaina-na-descriminalizacao-de-drogas-gilmar-mendes.webp\" alt=\"\" width=\"650\" height=\"433\" srcset=\"https:\/\/mspontocom.com.br\/site\/wp-content\/uploads\/2026\/02\/site-stf-estuda-incluir-cocaina-na-descriminalizacao-de-drogas-gilmar-mendes.webp 650w, https:\/\/mspontocom.com.br\/site\/wp-content\/uploads\/2026\/02\/site-stf-estuda-incluir-cocaina-na-descriminalizacao-de-drogas-gilmar-mendes-260x173.webp 260w\" sizes=\"(max-width: 650px) 100vw, 650px\" \/><\/p>\n<p style=\"text-align: justify;\">O ministro\u00a0<strong>Gilmar Mendes<\/strong>\u00a0votou nesta ter\u00e7a-feira (10), na\u00a0<strong>2\u00aa Turma do STF<\/strong>\u00a0pela amplia\u00e7\u00e3o do entendimento que descriminalizou o porte de maconha para uso pessoal.<\/p>\n<p style=\"text-align: justify;\">Em seu voto, Mendes defendeu que o mesmo racioc\u00ednio jur\u00eddico seja aplicado tamb\u00e9m a casos envolvendo\u00a0<strong>coca\u00edna.<\/strong><\/p>\n<p style=\"text-align: justify;\">O julgamento analisa um recurso apresentado pela\u00a0Defensoria P\u00fablica do Rio Grande do Sul\u00a0em favor de uma mulher denunciada por portar\u00a0<strong>0,8 grama de coca\u00edna<\/strong>\u00a0e\u00a0<strong>2,3 gramas de maconha<\/strong>.<\/p>\n<p style=\"text-align: justify;\">A defesa recorreu ao STF ap\u00f3s a Turma Recursal Criminal do estado determinar a continuidade da a\u00e7\u00e3o penal.<\/p>\n<h2 id=\"h-fundamentacao-do-voto\" class=\"wp-block-heading\" style=\"text-align: justify;\">Fundamenta\u00e7\u00e3o do voto<\/h2>\n<p style=\"text-align: justify;\">Ao se posicionar, Gilmar Mendes reconheceu que o Tema 506 tratou expressamente apenas da maconha.<\/p>\n<p style=\"text-align: justify;\">No entanto, afirmou que os\u00a0fundamentos centrais da decis\u00e3o\u00a0\u2014 como a\u00a0baixa ofensividade da conduta, a\u00a0prote\u00e7\u00e3o \u00e0 intimidade\u00a0e a compreens\u00e3o do uso de drogas como\u00a0quest\u00e3o de sa\u00fade p\u00fablica, e n\u00e3o penal\u00a0\u2014<strong> podem ser estendidos a outras subst\u00e2ncias.<\/strong><\/p>\n<blockquote><p><em>\u201cO comportamento da recorrente n\u00e3o \u00e9 capaz de lesionar ou colocar em perigo o bem jur\u00eddico protegido\u201d, afirmou o ministro.\u00a0<\/em><\/p><\/blockquote>\n<h2 id=\"h-julgamento-suspenso-por-pedido-de-vista\" class=\"wp-block-heading\" style=\"text-align: justify;\">Julgamento suspenso por pedido de vista<\/h2>\n<p style=\"text-align: justify;\">A an\u00e1lise do caso foi interrompida ap\u00f3s pedido de vista do ministro\u00a0Andr\u00e9 Mendon\u00e7a, que indicou diverg\u00eancia inicial, mas reconheceu a profundidade da argumenta\u00e7\u00e3o apresentada.<\/p>\n<h2 id=\"h-possiveis-impactos-do-julgamento\" class=\"wp-block-heading\" style=\"text-align: justify;\">Poss\u00edveis impactos do julgamento<\/h2>\n<p style=\"text-align: justify;\">O\u00a0Tema 506\u00a0do STF estabeleceu que\u00a0<strong>n\u00e3o constitui crime<\/strong>\u00a0o porte de maconha para uso pessoal at\u00e9 o limite de\u00a040 gramas.<\/p>\n<p style=\"text-align: justify;\">Com o voto de Gilmar Mendes, surge a possibilidade de que\u00a0<strong>outras drogas<\/strong>, quando apreendidas em\u00a0quantidades reduzidas, tamb\u00e9m possam ser enquadradas como\u00a0conduta at\u00edpica, a depender da avalia\u00e7\u00e3o da 2\u00aa Turma.<\/p>\n<p style=\"text-align: justify;\">O julgamento ainda n\u00e3o tem data para ser retomado e pode abrir um novo precedente sobre a forma como o Judici\u00e1rio brasileiro trata o porte de drogas para consumo pessoal.<\/p>\n<p style=\"text-align: justify;\"><i><b>Continue em nossa companhia em:<\/b><\/i> <a href=\"http:\/\/www.mspontocom.com.br\/\"><span style=\"color: #0000ff;\"><span style=\"font-family: Comic Sans MS, cursive;\"><span style=\"font-size: small;\"><u>www.mspontocom.com.br<\/u><\/span><\/span><\/span><\/a><\/p>\n","protected":false},"excerpt":{"rendered":"<p>O ministro\u00a0Gilmar Mendes\u00a0votou nesta ter\u00e7a-feira (10), na\u00a02\u00aa Turma do STF\u00a0pela amplia\u00e7\u00e3o do entendimento que descriminalizou o porte de maconha para uso pessoal. Em seu voto, Mendes defendeu que o mesmo racioc\u00ednio jur\u00eddico seja aplicado tamb\u00e9m a casos envolvendo\u00a0coca\u00edna. O julgamento analisa um recurso apresentado pela\u00a0Defensoria P\u00fablica do Rio Grande do Sul\u00a0em favor de uma mulher [&hellip;]<\/p>\n","protected":false},"author":2,"featured_media":207004,"comment_status":"open","ping_status":"open","sticky":false,"template":"","format":"standard","meta":{"_monsterinsights_skip_tracking":false,"_monsterinsights_sitenote_active":false,"_monsterinsights_sitenote_note":"","_monsterinsights_sitenote_category":0},"categories":[2528,12],"tags":[1413,24633,606,25749,25094,3014],"aioseo_notices":[],"_links":{"self":[{"href":"https:\/\/mspontocom.com.br\/site\/wp-json\/wp\/v2\/posts\/206989"}],"collection":[{"href":"https:\/\/mspontocom.com.br\/site\/wp-json\/wp\/v2\/posts"}],"about":[{"href":"https:\/\/mspontocom.com.br\/site\/wp-json\/wp\/v2\/types\/post"}],"author":[{"embeddable":true,"href":"https:\/\/mspontocom.com.br\/site\/wp-json\/wp\/v2\/users\/2"}],"replies":[{"embeddable":true,"href":"https:\/\/mspontocom.com.br\/site\/wp-json\/wp\/v2\/comments?post=206989"}],"version-history":[{"count":3,"href":"https:\/\/mspontocom.com.br\/site\/wp-json\/wp\/v2\/posts\/206989\/revisions"}],"predecessor-version":[{"id":207008,"href":"https:\/\/mspontocom.com.br\/site\/wp-json\/wp\/v2\/posts\/206989\/revisions\/207008"}],"wp:featuredmedia":[{"embeddable":true,"href":"https:\/\/mspontocom.com.br\/site\/wp-json\/wp\/v2\/media\/207004"}],"wp:attachment":[{"href":"https:\/\/mspontocom.com.br\/site\/wp-json\/wp\/v2\/media?parent=206989"}],"wp:term":[{"taxonomy":"category","embeddable":true,"href":"https:\/\/mspontocom.com.br\/site\/wp-json\/wp\/v2\/categories?post=206989"},{"taxonomy":"post_tag","embeddable":true,"href":"https:\/\/mspontocom.com.br\/site\/wp-json\/wp\/v2\/tags?post=206989"}],"curies":[{"name":"wp","href":"https:\/\/api.w.org\/{rel}","templated":true}]}}