{"id":207032,"date":"2026-02-12T06:20:39","date_gmt":"2026-02-12T10:20:39","guid":{"rendered":"https:\/\/mspontocom.com.br\/site\/?p=207032"},"modified":"2026-02-12T07:00:03","modified_gmt":"2026-02-12T11:00:03","slug":"consorcio-stf-se-reune-com-lula-em-reuniao-secreta","status":"publish","type":"post","link":"https:\/\/mspontocom.com.br\/site\/consorcio-stf-se-reune-com-lula-em-reuniao-secreta\/","title":{"rendered":"\u2018Cons\u00f3rcio STF\u2019 se re\u00fane com Lula em reuni\u00e3o secreta"},"content":{"rendered":"<p style=\"text-align: justify;\"><img loading=\"lazy\" class=\"alignnone size-full wp-image-207033\" src=\"http:\/\/mspontocom.com.br\/site\/wp-content\/uploads\/2026\/02\/site-consorcio-stf-se-reune-para-lula-sobre-codigo-de-conduta-consorcio.webp\" alt=\"\" width=\"712\" height=\"370\" srcset=\"https:\/\/mspontocom.com.br\/site\/wp-content\/uploads\/2026\/02\/site-consorcio-stf-se-reune-para-lula-sobre-codigo-de-conduta-consorcio.webp 712w, https:\/\/mspontocom.com.br\/site\/wp-content\/uploads\/2026\/02\/site-consorcio-stf-se-reune-para-lula-sobre-codigo-de-conduta-consorcio-260x135.webp 260w\" sizes=\"(max-width: 712px) 100vw, 712px\" \/><\/p>\n<p style=\"text-align: justify;\">O presidente <strong>Lula<\/strong>\u00a0 recebeu ministros do<strong> STF<\/strong> para outra <strong>reuni\u00e3o \u201csecreta\u201d,<\/strong> fora da agenda e impr\u00f3pria, para discutir temas ou passar determina\u00e7\u00f5es que jamais ser\u00e3o conhecidos, exceto nas vers\u00f5es que combinaram divulgar.<\/p>\n<p style=\"text-align: justify;\">Ministros que s\u00e3o contra o <strong>C\u00f3digo de Conduta<\/strong> na Corte vazaram que Lula deu palpites, por exemplo, sobre essa iniciativa do seu presidente, Edson Fachin, que, por sinal, n\u00e3o figurou entre convidados do conchavo.<\/p>\n<p style=\"text-align: justify;\">O petista teria criticado o \u201ctiming\u201d do C\u00f3digo de Conduta.<\/p>\n<p style=\"text-align: justify;\">A reuni\u00e3o do grupo que a oposi\u00e7\u00e3o chama de \u201ccons\u00f3rcio\u201d, revelada pela jornalista Monica Bergamo, foi na v\u00e9spera da abertura do ano da Justi\u00e7a.<\/p>\n<p style=\"text-align: justify;\">Vazaram tamb\u00e9m que Lula voltou a atacar Dias Toffoli, mas n\u00e3o se disse o que ele acha dos neg\u00f3cios milion\u00e1rios com escrit\u00f3rios de advocacia.<\/p>\n<div id=\"ddp-ads-AD-51\" style=\"text-align: justify;\" data-google-query-id=\"CN-bt5nb05IDFR83uQYdlvoXcQ\">\n<div id=\"google_ads_iframe_\/21727414016\/AD-51_0__container__\">No evento dia seguinte, Lula discursaria usando palavras que pareciam retiradas de interven\u00e7\u00f5es de Gilmar Mendes e\/ou Alexandre de Moraes.<\/div>\n<\/div>\n<div style=\"text-align: justify;\">\n<p><i><b>Continue em nossa companhia em:<\/b><\/i> <a href=\"http:\/\/www.mspontocom.com.br\/\"><span style=\"color: #0000ff;\"><span style=\"font-family: Comic Sans MS, cursive;\"><span style=\"font-size: small;\"><u>www.mspontocom.com.br<\/u><\/span><\/span><\/span><\/a><\/p>\n<\/div>\n<div id=\"ddp-ads-AD-51\" data-google-query-id=\"CN-bt5nb05IDFR83uQYdlvoXcQ\">\n<div style=\"text-align: justify;\"><\/div>\n<div style=\"text-align: justify;\">A\u00a0 informa\u00e7\u00e3o \u00e9 da <a href=\"https:\/\/diariodopoder.com.br\/coluna-claudio-humberto\/governo-lula-vermelho#SubAbre\">Coluna Claudio Humberto<\/a>, do\u00a0<strong>Di\u00e1rio do Poder<\/strong>.<\/div>\n<\/div>\n","protected":false},"excerpt":{"rendered":"<p>O presidente Lula\u00a0 recebeu ministros do STF para outra reuni\u00e3o \u201csecreta\u201d, fora da agenda e impr\u00f3pria, para discutir temas ou passar determina\u00e7\u00f5es que jamais ser\u00e3o conhecidos, exceto nas vers\u00f5es que combinaram divulgar. Ministros que s\u00e3o contra o C\u00f3digo de Conduta na Corte vazaram que Lula deu palpites, por exemplo, sobre essa iniciativa do seu presidente, [&hellip;]<\/p>\n","protected":false},"author":2,"featured_media":207033,"comment_status":"open","ping_status":"open","sticky":false,"template":"","format":"standard","meta":{"_monsterinsights_skip_tracking":false,"_monsterinsights_sitenote_active":false,"_monsterinsights_sitenote_note":"","_monsterinsights_sitenote_category":0},"categories":[2528,12],"tags":[44218,480,26369,42214],"aioseo_notices":[],"_links":{"self":[{"href":"https:\/\/mspontocom.com.br\/site\/wp-json\/wp\/v2\/posts\/207032"}],"collection":[{"href":"https:\/\/mspontocom.com.br\/site\/wp-json\/wp\/v2\/posts"}],"about":[{"href":"https:\/\/mspontocom.com.br\/site\/wp-json\/wp\/v2\/types\/post"}],"author":[{"embeddable":true,"href":"https:\/\/mspontocom.com.br\/site\/wp-json\/wp\/v2\/users\/2"}],"replies":[{"embeddable":true,"href":"https:\/\/mspontocom.com.br\/site\/wp-json\/wp\/v2\/comments?post=207032"}],"version-history":[{"count":2,"href":"https:\/\/mspontocom.com.br\/site\/wp-json\/wp\/v2\/posts\/207032\/revisions"}],"predecessor-version":[{"id":207042,"href":"https:\/\/mspontocom.com.br\/site\/wp-json\/wp\/v2\/posts\/207032\/revisions\/207042"}],"wp:featuredmedia":[{"embeddable":true,"href":"https:\/\/mspontocom.com.br\/site\/wp-json\/wp\/v2\/media\/207033"}],"wp:attachment":[{"href":"https:\/\/mspontocom.com.br\/site\/wp-json\/wp\/v2\/media?parent=207032"}],"wp:term":[{"taxonomy":"category","embeddable":true,"href":"https:\/\/mspontocom.com.br\/site\/wp-json\/wp\/v2\/categories?post=207032"},{"taxonomy":"post_tag","embeddable":true,"href":"https:\/\/mspontocom.com.br\/site\/wp-json\/wp\/v2\/tags?post=207032"}],"curies":[{"name":"wp","href":"https:\/\/api.w.org\/{rel}","templated":true}]}}