{"id":207078,"date":"2026-02-14T05:58:47","date_gmt":"2026-02-14T09:58:47","guid":{"rendered":"https:\/\/mspontocom.com.br\/site\/?p=207078"},"modified":"2026-02-14T05:58:47","modified_gmt":"2026-02-14T09:58:47","slug":"moro-propoe-pec-para-povo-avaliar-supremo-tribunal-federal","status":"publish","type":"post","link":"https:\/\/mspontocom.com.br\/site\/moro-propoe-pec-para-povo-avaliar-supremo-tribunal-federal\/","title":{"rendered":"Moro prop\u00f5e PEC para povo avaliar Supremo Tribunal Federal"},"content":{"rendered":"<p style=\"font-weight: 400; text-align: justify;\"><img loading=\"lazy\" class=\"alignnone size-large wp-image-207079\" src=\"http:\/\/mspontocom.com.br\/site\/wp-content\/uploads\/2026\/02\/site-moro-apresenta-pec-para-submeter-ministros-do-stf-a-avaliacao-popular-sergio-moro-e-moraes-1024x544.jpeg\" alt=\"\" width=\"1024\" height=\"544\" srcset=\"https:\/\/mspontocom.com.br\/site\/wp-content\/uploads\/2026\/02\/site-moro-apresenta-pec-para-submeter-ministros-do-stf-a-avaliacao-popular-sergio-moro-e-moraes-1024x544.jpeg 1024w, https:\/\/mspontocom.com.br\/site\/wp-content\/uploads\/2026\/02\/site-moro-apresenta-pec-para-submeter-ministros-do-stf-a-avaliacao-popular-sergio-moro-e-moraes-260x138.jpeg 260w, https:\/\/mspontocom.com.br\/site\/wp-content\/uploads\/2026\/02\/site-moro-apresenta-pec-para-submeter-ministros-do-stf-a-avaliacao-popular-sergio-moro-e-moraes-768x408.jpeg 768w, https:\/\/mspontocom.com.br\/site\/wp-content\/uploads\/2026\/02\/site-moro-apresenta-pec-para-submeter-ministros-do-stf-a-avaliacao-popular-sergio-moro-e-moraes.jpeg 1300w\" sizes=\"(max-width: 1024px) 100vw, 1024px\" \/>O senador<strong> Sergio Moro<\/strong> (Uni\u00e3o-PR) afirmou que pretende apresentar uma Proposta de Emenda \u00e0 Constitui\u00e7\u00e3o (PEC) para instituir um<strong> mecanismo de avalia\u00e7\u00e3o popular<\/strong> peri\u00f3dica de ministros do <strong>STF. <\/strong><\/p>\n<p style=\"font-weight: 400; text-align: justify;\">Inspirada no modelo adotado no Jap\u00e3o, a proposta prev\u00ea que os magistrados sejam submetidos a um referendo nas urnas um ano ap\u00f3s a posse e, posteriormente, a cada dez anos.<\/p>\n<p style=\"font-weight: 400; text-align: justify;\">Segundo o parlamentar, a iniciativa surge diante do que classifica como aus\u00eancia de instrumentos eficazes de controle sobre a atua\u00e7\u00e3o da Corte.<\/p>\n<p style=\"font-weight: 400; text-align: justify;\">Para Moro, parte dos ministros tem atuado <strong>\u201csem limites\u201d,<\/strong> com desrespeito a normas processuais, e as inst\u00e2ncias institucionais hoje existentes n\u00e3o estariam sendo suficientes para corrigir eventuais excessos.<\/p>\n<blockquote>\n<p style=\"font-weight: 400;\"><span style=\"font-size: 14pt;\"><em>\u201cEu acho que colocar um meio de avalia\u00e7\u00e3o democr\u00e1tica da atua\u00e7\u00e3o dos ministros Supremo, \u00e9 algo \u00e9 positivo\u201d, afirmou Moro.<\/em><\/span><\/p>\n<\/blockquote>\n<p style=\"font-weight: 400; text-align: justify;\">Moro ressalta que n\u00e3o se trata de elei\u00e7\u00e3o direta de ju\u00edzes, modelo ao qual afirma ser contr\u00e1rio por considerar que poderia estimular decis\u00f5es populistas.<\/p>\n<p style=\"font-weight: 400; text-align: justify;\">Na avalia\u00e7\u00e3o dele, o mecanismo funcionaria como uma verifica\u00e7\u00e3o posterior da atua\u00e7\u00e3o do magistrado j\u00e1 no exerc\u00edcio do cargo, permitindo que a<strong> sociedade se manifeste<\/strong> apenas em situa\u00e7\u00f5es consideradas fora do padr\u00e3o esperado.<\/p>\n<p style=\"font-weight: 400; text-align: justify;\">A proposta ainda n\u00e3o foi formalmente protocolada e deve iniciar como debate pol\u00edtico no Congresso Nacional.<\/p>\n<p style=\"text-align: justify;\"><i><b>Continue em nossa companhia em:<\/b><\/i> <a href=\"http:\/\/www.mspontocom.com.br\/\"><span style=\"color: #0000ff;\"><span style=\"font-family: Comic Sans MS, cursive;\"><span style=\"font-size: small;\"><u>www.mspontocom.com.br<\/u><\/span><\/span><\/span><\/a><\/p>\n","protected":false},"excerpt":{"rendered":"<p>O senador Sergio Moro (Uni\u00e3o-PR) afirmou que pretende apresentar uma Proposta de Emenda \u00e0 Constitui\u00e7\u00e3o (PEC) para instituir um mecanismo de avalia\u00e7\u00e3o popular peri\u00f3dica de ministros do STF. Inspirada no modelo adotado no Jap\u00e3o, a proposta prev\u00ea que os magistrados sejam submetidos a um referendo nas urnas um ano ap\u00f3s a posse e, posteriormente, a [&hellip;]<\/p>\n","protected":false},"author":2,"featured_media":207079,"comment_status":"open","ping_status":"open","sticky":false,"template":"","format":"standard","meta":{"_monsterinsights_skip_tracking":false,"_monsterinsights_sitenote_active":false,"_monsterinsights_sitenote_note":"","_monsterinsights_sitenote_category":0},"categories":[2528,12],"tags":[42702,23158,6465,27063,3014,3338],"aioseo_notices":[],"_links":{"self":[{"href":"https:\/\/mspontocom.com.br\/site\/wp-json\/wp\/v2\/posts\/207078"}],"collection":[{"href":"https:\/\/mspontocom.com.br\/site\/wp-json\/wp\/v2\/posts"}],"about":[{"href":"https:\/\/mspontocom.com.br\/site\/wp-json\/wp\/v2\/types\/post"}],"author":[{"embeddable":true,"href":"https:\/\/mspontocom.com.br\/site\/wp-json\/wp\/v2\/users\/2"}],"replies":[{"embeddable":true,"href":"https:\/\/mspontocom.com.br\/site\/wp-json\/wp\/v2\/comments?post=207078"}],"version-history":[{"count":2,"href":"https:\/\/mspontocom.com.br\/site\/wp-json\/wp\/v2\/posts\/207078\/revisions"}],"predecessor-version":[{"id":207081,"href":"https:\/\/mspontocom.com.br\/site\/wp-json\/wp\/v2\/posts\/207078\/revisions\/207081"}],"wp:featuredmedia":[{"embeddable":true,"href":"https:\/\/mspontocom.com.br\/site\/wp-json\/wp\/v2\/media\/207079"}],"wp:attachment":[{"href":"https:\/\/mspontocom.com.br\/site\/wp-json\/wp\/v2\/media?parent=207078"}],"wp:term":[{"taxonomy":"category","embeddable":true,"href":"https:\/\/mspontocom.com.br\/site\/wp-json\/wp\/v2\/categories?post=207078"},{"taxonomy":"post_tag","embeddable":true,"href":"https:\/\/mspontocom.com.br\/site\/wp-json\/wp\/v2\/tags?post=207078"}],"curies":[{"name":"wp","href":"https:\/\/api.w.org\/{rel}","templated":true}]}}