{"id":207105,"date":"2026-02-15T06:35:51","date_gmt":"2026-02-15T10:35:51","guid":{"rendered":"https:\/\/mspontocom.com.br\/site\/?p=207105"},"modified":"2026-02-15T06:35:51","modified_gmt":"2026-02-15T10:35:51","slug":"lula-no-carnaval-por-muito-menos-bolsonaro-esta-inelegivel","status":"publish","type":"post","link":"https:\/\/mspontocom.com.br\/site\/lula-no-carnaval-por-muito-menos-bolsonaro-esta-inelegivel\/","title":{"rendered":"Lula no Carnaval. Por muito menos Bolsonaro est\u00e1 ineleg\u00edvel"},"content":{"rendered":"<p style=\"text-align: justify;\"><img loading=\"lazy\" class=\"alignnone size-large wp-image-207106\" src=\"http:\/\/mspontocom.com.br\/site\/wp-content\/uploads\/2026\/02\/site-lula-no-carnaval-por-muito-menos-bolsonaro-esta-inelegivel-carnaval-com-lula-1024x683.jpg\" alt=\"\" width=\"1024\" height=\"683\" srcset=\"https:\/\/mspontocom.com.br\/site\/wp-content\/uploads\/2026\/02\/site-lula-no-carnaval-por-muito-menos-bolsonaro-esta-inelegivel-carnaval-com-lula-1024x683.jpg 1024w, https:\/\/mspontocom.com.br\/site\/wp-content\/uploads\/2026\/02\/site-lula-no-carnaval-por-muito-menos-bolsonaro-esta-inelegivel-carnaval-com-lula-260x173.jpg 260w, https:\/\/mspontocom.com.br\/site\/wp-content\/uploads\/2026\/02\/site-lula-no-carnaval-por-muito-menos-bolsonaro-esta-inelegivel-carnaval-com-lula-768x512.jpg 768w, https:\/\/mspontocom.com.br\/site\/wp-content\/uploads\/2026\/02\/site-lula-no-carnaval-por-muito-menos-bolsonaro-esta-inelegivel-carnaval-com-lula.jpg 1200w\" sizes=\"(max-width: 1024px) 100vw, 1024px\" \/>O ex-presidente Jair Bolsonaro (PL) foi declarado ineleg\u00edvel pelo TSE em junho de 2023 pela pr\u00e1tica de <strong>suposto<\/strong> abuso de poder pol\u00edtico e uso indevido dos meios de comunica\u00e7\u00e3o.<\/p>\n<p style=\"text-align: justify;\">Com a decis\u00e3o, Bolsonaro ficou ineleg\u00edvel at\u00e9 2030.<\/p>\n<p style=\"text-align: justify;\"><span class=\"highlight\">O ponto central do caso foi uma<span style=\"font-size: 14pt;\"><strong> simples reuni\u00e3o<\/strong><\/span> realizada por Bolsonaro no Pal\u00e1cio da Alvorada, em julho de 2022, com embaixadores estrangeiros, em que ele proferiu cr\u00edticas ao sistema eleitoral. <\/span><\/p>\n<p style=\"text-align: justify;\"><span class=\"highlight\">O encontro foi transmitido ao vivo pela TV Brasil, que tem<span style=\"font-size: 14pt;\"> <strong>zero de audi\u00eancia.<\/strong><\/span><\/span><\/p>\n<p style=\"text-align: justify;\"><strong><span style=\"font-size: 18pt;\">LULA, GLOBO E O CONS\u00d3RCIO TSE-STF<\/span><\/strong><\/p>\n<p style=\"text-align: justify;\">Lula confia nos seus cupinchas do TSE e vai participar do desfile que homenageia a si pr\u00f3prio em pleno ano eleitoral.<\/p>\n<p style=\"text-align: justify;\">Parceira desde sempre, a Globo adotou um protocolo com orienta\u00e7\u00f5es para jornalistas e t\u00e9cnicos que v\u00e3o atuar na transmiss\u00e3o do primeiro dia de desfile das escolas de samba do Rio de Janeiro neste domingo.<\/p>\n<p style=\"text-align: justify;\">As medidas t\u00eam rela\u00e7\u00e3o com a apresenta\u00e7\u00e3o da Acad\u00eamicos de Niter\u00f3i, que vai homenagear o <span style=\"font-size: 14pt;\"><strong>descondenado.<\/strong><\/span><\/p>\n<p style=\"text-align: justify;\">A primeira orienta\u00e7\u00e3o dada aos profissionais pela emissora \u00e9 de que, caso haja ind\u00edcios de <span style=\"font-size: 14pt;\"><strong>propaganda pol\u00edtica<\/strong><\/span>, o coordenador de transmiss\u00e3o mude a c\u00e2mera para um plano geral das alas da escola passando pela\u00a0Marqu\u00eas de Sapuca\u00ed.<\/p>\n<p style=\"text-align: justify;\">A segunda orienta\u00e7\u00e3o \u00e9 de que os rep\u00f3rteres que participam da transmiss\u00e3o foquem apenas em alegorias e adere\u00e7os.<\/p>\n<p style=\"text-align: justify;\">Eles devem evitar falar com populares que queiram exprimir alguma posi\u00e7\u00e3o pol\u00edtica.<\/p>\n<p style=\"text-align: justify;\">Lula e a Globo confiam no<strong> cons\u00f3rcio<\/strong> TSE-STF.<\/p>\n<p style=\"text-align: justify;\">Lula n\u00e3o ficar\u00e1 ineleg\u00edvel.<\/p>\n<p style=\"text-align: justify;\"><i><b>Continue em nossa companhia em:<\/b><\/i> <a href=\"http:\/\/www.mspontocom.com.br\/\"><span style=\"color: #0000ff;\"><span style=\"font-family: Comic Sans MS, cursive;\"><span style=\"font-size: small;\"><u>www.mspontocom.com.br<\/u><\/span><\/span><\/span><\/a><\/p>\n","protected":false},"excerpt":{"rendered":"<p>O ex-presidente Jair Bolsonaro (PL) foi declarado ineleg\u00edvel pelo TSE em junho de 2023 pela pr\u00e1tica de suposto abuso de poder pol\u00edtico e uso indevido dos meios de comunica\u00e7\u00e3o. Com a decis\u00e3o, Bolsonaro ficou ineleg\u00edvel at\u00e9 2030. O ponto central do caso foi uma simples reuni\u00e3o realizada por Bolsonaro no Pal\u00e1cio da Alvorada, em julho [&hellip;]<\/p>\n","protected":false},"author":2,"featured_media":207106,"comment_status":"open","ping_status":"open","sticky":false,"template":"","format":"standard","meta":{"_monsterinsights_skip_tracking":false,"_monsterinsights_sitenote_active":false,"_monsterinsights_sitenote_note":"","_monsterinsights_sitenote_category":0},"categories":[6,30260,2528,30259,12],"tags":[21017,335,27652,480],"aioseo_notices":[],"_links":{"self":[{"href":"https:\/\/mspontocom.com.br\/site\/wp-json\/wp\/v2\/posts\/207105"}],"collection":[{"href":"https:\/\/mspontocom.com.br\/site\/wp-json\/wp\/v2\/posts"}],"about":[{"href":"https:\/\/mspontocom.com.br\/site\/wp-json\/wp\/v2\/types\/post"}],"author":[{"embeddable":true,"href":"https:\/\/mspontocom.com.br\/site\/wp-json\/wp\/v2\/users\/2"}],"replies":[{"embeddable":true,"href":"https:\/\/mspontocom.com.br\/site\/wp-json\/wp\/v2\/comments?post=207105"}],"version-history":[{"count":1,"href":"https:\/\/mspontocom.com.br\/site\/wp-json\/wp\/v2\/posts\/207105\/revisions"}],"predecessor-version":[{"id":207107,"href":"https:\/\/mspontocom.com.br\/site\/wp-json\/wp\/v2\/posts\/207105\/revisions\/207107"}],"wp:featuredmedia":[{"embeddable":true,"href":"https:\/\/mspontocom.com.br\/site\/wp-json\/wp\/v2\/media\/207106"}],"wp:attachment":[{"href":"https:\/\/mspontocom.com.br\/site\/wp-json\/wp\/v2\/media?parent=207105"}],"wp:term":[{"taxonomy":"category","embeddable":true,"href":"https:\/\/mspontocom.com.br\/site\/wp-json\/wp\/v2\/categories?post=207105"},{"taxonomy":"post_tag","embeddable":true,"href":"https:\/\/mspontocom.com.br\/site\/wp-json\/wp\/v2\/tags?post=207105"}],"curies":[{"name":"wp","href":"https:\/\/api.w.org\/{rel}","templated":true}]}}