{"id":207135,"date":"2026-02-17T05:03:52","date_gmt":"2026-02-17T09:03:52","guid":{"rendered":"https:\/\/mspontocom.com.br\/site\/?p=207135"},"modified":"2026-02-17T05:03:52","modified_gmt":"2026-02-17T09:03:52","slug":"carnaval-corrupto-direita-vai-pedir-inelegibilidade-de-lula","status":"publish","type":"post","link":"https:\/\/mspontocom.com.br\/site\/carnaval-corrupto-direita-vai-pedir-inelegibilidade-de-lula\/","title":{"rendered":"Carnaval Corrupto: Direita vai pedir inelegibilidade de Lula"},"content":{"rendered":"<p style=\"text-align: justify;\"><img loading=\"lazy\" class=\"alignnone size-full wp-image-207137\" src=\"http:\/\/mspontocom.com.br\/site\/wp-content\/uploads\/2026\/02\/site-carnaval-oposicao-afirma-que-vai-pedir-inelegibilidade-foralula.webp\" alt=\"\" width=\"700\" height=\"410\" srcset=\"https:\/\/mspontocom.com.br\/site\/wp-content\/uploads\/2026\/02\/site-carnaval-oposicao-afirma-que-vai-pedir-inelegibilidade-foralula.webp 700w, https:\/\/mspontocom.com.br\/site\/wp-content\/uploads\/2026\/02\/site-carnaval-oposicao-afirma-que-vai-pedir-inelegibilidade-foralula-260x152.webp 260w\" sizes=\"(max-width: 700px) 100vw, 700px\" \/><\/p>\n<p style=\"text-align: justify;\">A oposi\u00e7\u00e3o ao presidente Lula criticou o desfile da Acad\u00eamicos de Niter\u00f3i homenageando o petista.<\/p>\n<p style=\"text-align: justify;\">O Partido Novo anunciou que acionar\u00e1 a Justi\u00e7a Eleitoral\u00a0para pedir a <strong>inelegibilidade<\/strong> do presidente.<\/p>\n<p style=\"text-align: justify;\"><strong>O senador Fl\u00e1vio Bolsonaro (PL-RJ),<\/strong>\u00a0principal advers\u00e1rio de Lula na disputa presidencial, tamb\u00e9m criticou o petista e disse que ele\u00a0usa dinheiro p\u00fablico \u201cpara fazer campanha antecipada pra ele mesmo\u201d.<\/p>\n<blockquote><p><em>\u201cLula esfola o povo com aumento de impostos e usa esse mesmo dinheiro arrecadado para fazer campanha antecipada pra ele mesmo Sim, o dinheiro do suor do povo trabalhador brasileiro, que deveria ser devolvido \u00e0 sociedade em forma de servi\u00e7os p\u00fablicos de qualidade, est\u00e1 sendo torrado num desfile de carnaval na cara de todos os brasileiros\u201d, declarou no X o filho do ex-presidente Jair Bolsonaro.<\/em><\/p><\/blockquote>\n<p style=\"text-align: justify;\">Fl\u00e1vio disse ser \u201cum<strong> crime<\/strong> o que est\u00e1 acontecendo hoje no carnaval do Rio\u201d<strong>.<\/strong><\/p>\n<p style=\"text-align: justify;\">Reclamou do fato de seu pai ter sido condenado no TSE por uma reuni\u00e3o com embaixadores.<\/p>\n<blockquote><p><em>\u201cJair Bolsonaro foi tornado ineleg\u00edvel, na m\u00e3o grande, por uma reuni\u00e3o com embaixadores e por discursar num carro de som que n\u00e3o custou um centavo de dinheiro p\u00fablico. Isso n\u00e3o ficar\u00e1 impune! declarou o senador.<\/em><\/p><\/blockquote>\n<p style=\"text-align: justify;\">O Partido Novo e seu presidente confirmaram que v\u00e3o pedir a condena\u00e7\u00e3o de Lula na Justi\u00e7a Eleitoral.<\/p>\n<blockquote><p>\u201c<em>O desfile \u00e9 uma pe\u00e7a de propaganda do regime Lula. Financiada com o seu dinheiro. Vamos \u00e0 Justi\u00e7a Eleitoral buscar a <strong>inelegibilidade\u201d<\/strong>, afirmou o Novo em sua conta no X.<\/em><\/p><\/blockquote>\n<p style=\"text-align: justify;\"><strong>O senador e ex-juiz S\u00e9rgio Moro (Uni\u00e3o Brasil-PR) tamb\u00e9m comentou o desfile.<\/strong><\/p>\n<p style=\"text-align: justify;\">\u00a0Fez alus\u00f5es \u00e0 opera\u00e7\u00e3o Lava Jato para ironizar o presidente Lula e disse que o desfile \u201cfoi um deprimente espet\u00e1culo de abuso do poder\u201d.<\/p>\n<blockquote><p><em>\u201cFaltou o carro da Odebrecht e do S\u00edtio de Atibaia no desfile do Lula. Foi um deprimente espet\u00e1culo de abuso do poder, com enaltecimento de Lula, sem esc\u00e2ndalos de corrup\u00e7\u00e3o, e com ataques aos advers\u00e1rios, tudo financiado pelo governo. A Cor\u00e9ia do Norte n\u00e3o faria melhor\u201d, publicou no X.<\/em><\/p><\/blockquote>\n<p style=\"text-align: justify;\"><strong>O deputado federal Nikolas Ferreira (PL-MG)<\/strong> fez uma compara\u00e7\u00e3o velada entre o desfile e a reuni\u00e3o com embaixadores\u00a0que levou ao julgamento de inegibilidade de Bolsonaro no TSE.<\/p>\n<blockquote><p><em>\u201cSe esse desfile fosse em 2022, Bolsonaro estaria preso, busca e apreens\u00e3o no PL, apreens\u00e3o no barrac\u00e3o da escola, apreens\u00e3o dos carros aleg\u00f3ricos e o inegibilidade vital\u00edcia\u201d, disse em sua conta no X.<\/em><\/p><\/blockquote>\n<p style=\"text-align: justify;\"><i><b>Continue em nossa companhia em:<\/b><\/i> <a href=\"http:\/\/www.mspontocom.com.br\/\"><span style=\"color: #0000ff;\"><span style=\"font-family: Comic Sans MS, cursive;\"><span style=\"font-size: small;\"><u>www.mspontocom.com.br<\/u><\/span><\/span><\/span><\/a><\/p>\n","protected":false},"excerpt":{"rendered":"<p>A oposi\u00e7\u00e3o ao presidente Lula criticou o desfile da Acad\u00eamicos de Niter\u00f3i homenageando o petista. O Partido Novo anunciou que acionar\u00e1 a Justi\u00e7a Eleitoral\u00a0para pedir a inelegibilidade do presidente. O senador Fl\u00e1vio Bolsonaro (PL-RJ),\u00a0principal advers\u00e1rio de Lula na disputa presidencial, tamb\u00e9m criticou o petista e disse que ele\u00a0usa dinheiro p\u00fablico \u201cpara fazer campanha antecipada pra [&hellip;]<\/p>\n","protected":false},"author":2,"featured_media":207137,"comment_status":"open","ping_status":"open","sticky":false,"template":"","format":"standard","meta":{"_monsterinsights_skip_tracking":false,"_monsterinsights_sitenote_active":false,"_monsterinsights_sitenote_note":"","_monsterinsights_sitenote_category":0},"categories":[6,30260,2528,30259,12],"tags":[335,39664,480,4285],"aioseo_notices":[],"_links":{"self":[{"href":"https:\/\/mspontocom.com.br\/site\/wp-json\/wp\/v2\/posts\/207135"}],"collection":[{"href":"https:\/\/mspontocom.com.br\/site\/wp-json\/wp\/v2\/posts"}],"about":[{"href":"https:\/\/mspontocom.com.br\/site\/wp-json\/wp\/v2\/types\/post"}],"author":[{"embeddable":true,"href":"https:\/\/mspontocom.com.br\/site\/wp-json\/wp\/v2\/users\/2"}],"replies":[{"embeddable":true,"href":"https:\/\/mspontocom.com.br\/site\/wp-json\/wp\/v2\/comments?post=207135"}],"version-history":[{"count":2,"href":"https:\/\/mspontocom.com.br\/site\/wp-json\/wp\/v2\/posts\/207135\/revisions"}],"predecessor-version":[{"id":207138,"href":"https:\/\/mspontocom.com.br\/site\/wp-json\/wp\/v2\/posts\/207135\/revisions\/207138"}],"wp:featuredmedia":[{"embeddable":true,"href":"https:\/\/mspontocom.com.br\/site\/wp-json\/wp\/v2\/media\/207137"}],"wp:attachment":[{"href":"https:\/\/mspontocom.com.br\/site\/wp-json\/wp\/v2\/media?parent=207135"}],"wp:term":[{"taxonomy":"category","embeddable":true,"href":"https:\/\/mspontocom.com.br\/site\/wp-json\/wp\/v2\/categories?post=207135"},{"taxonomy":"post_tag","embeddable":true,"href":"https:\/\/mspontocom.com.br\/site\/wp-json\/wp\/v2\/tags?post=207135"}],"curies":[{"name":"wp","href":"https:\/\/api.w.org\/{rel}","templated":true}]}}