{"id":207163,"date":"2026-02-19T06:54:58","date_gmt":"2026-02-19T10:54:58","guid":{"rendered":"https:\/\/mspontocom.com.br\/site\/?p=207163"},"modified":"2026-02-19T06:54:58","modified_gmt":"2026-02-19T10:54:58","slug":"jurados-do-carnaval-substituem-tse-e-rebaixam-samba-de-lula","status":"publish","type":"post","link":"https:\/\/mspontocom.com.br\/site\/jurados-do-carnaval-substituem-tse-e-rebaixam-samba-de-lula\/","title":{"rendered":"Jurados do carnaval substituem TSE e rebaixam samba de Lula"},"content":{"rendered":"<p style=\"text-align: justify;\"><img loading=\"lazy\" class=\"alignnone size-full wp-image-207172\" src=\"http:\/\/mspontocom.com.br\/site\/wp-content\/uploads\/2026\/02\/site-jurados-do-carnaval-substituem-tse-e-rebaixam-samba-de-lula-cabeca-do-boneco-de-lula-arrastada-na-avenida.jpg\" alt=\"\" width=\"800\" height=\"557\" srcset=\"https:\/\/mspontocom.com.br\/site\/wp-content\/uploads\/2026\/02\/site-jurados-do-carnaval-substituem-tse-e-rebaixam-samba-de-lula-cabeca-do-boneco-de-lula-arrastada-na-avenida.jpg 800w, https:\/\/mspontocom.com.br\/site\/wp-content\/uploads\/2026\/02\/site-jurados-do-carnaval-substituem-tse-e-rebaixam-samba-de-lula-cabeca-do-boneco-de-lula-arrastada-na-avenida-260x181.jpg 260w, https:\/\/mspontocom.com.br\/site\/wp-content\/uploads\/2026\/02\/site-jurados-do-carnaval-substituem-tse-e-rebaixam-samba-de-lula-cabeca-do-boneco-de-lula-arrastada-na-avenida-768x535.jpg 768w\" sizes=\"(max-width: 800px) 100vw, 800px\" \/>Enquanto magistrados do<strong> TSE<\/strong>\u00a0 ignoraram e autorizaram, por omiss\u00e3o, a propaganda eleitoral de Lula no desfile da escola Acad\u00eamicos de Niter\u00f3i bajulando o pr\u00e9-candidato \u00e0 reelei\u00e7\u00e3o Lula (PT) em pleno ano eleitoral, coube aos ju\u00edzes do Carnaval do Rio tomar provid\u00eancias, batendo o martelo para rebaixar a escola que fez o pior desfile do ano.<\/p>\n<div class=\"notas\" style=\"text-align: justify;\">\n<div id=\"Nota-2\" class=\"entry-block ch-nota Nota-2\">\n<h3><span style=\"font-size: 18pt;\">Papagaiada<\/span><\/h3>\n<\/div>\n<p>A escola faturou alto, mas teve problemas na dispers\u00e3o, alegorias ruins e presas na sa\u00edda e at\u00e9 atrapalhou o andamento de outras escolas.<\/p>\n<div id=\"Nota-3\" class=\"entry-block ch-nota Nota-3\">\n<h3><span style=\"font-size: 18pt;\">Foi no m\u00e9rito<\/span><\/h3>\n<\/div>\n<p>Foi muito apertada a dist\u00e2ncia entre as escolas, separadas por d\u00e9cimos na pontua\u00e7\u00e3o, mas a escola de Lula, n\u00e3o: ficou a 3 pontos da pen\u00faltima.<\/p>\n<div id=\"Nota-4\" class=\"entry-block ch-nota Nota-4\">\n<h3><span style=\"font-size: 18pt;\"><strong>Executivo gostou<\/strong><\/span><\/h3>\n<\/div>\n<p>Um dia ap\u00f3s a apresenta\u00e7\u00e3o, o Pal\u00e1cio do Planalto defendeu o desfile e lembrou que nem TSE, nem TCU viram problemas. N\u00e3o quiseram ver.<\/p>\n<div id=\"Nota-5\" class=\"entry-block ch-nota Nota-5\">\n<h3><span style=\"font-size: 18pt;\">Sid\u00f4nio na mira<\/span><\/h3>\n<\/div>\n<p>Al\u00e9m de pagar mico pela presepada, Lula ainda corre o risco de ver sua candidatura anulada na Justi\u00e7a. Deve ir atr\u00e1s do autor da ideia de jerico.<\/p>\n<\/div>\n<p style=\"text-align: justify;\"><i><b>Continue em nossa companhia em:<\/b><\/i> <a href=\"http:\/\/www.mspontocom.com.br\/\"><span style=\"color: #0000ff;\"><span style=\"font-family: Comic Sans MS, cursive;\"><span style=\"font-size: small;\"><u>www.mspontocom.com.br<\/u><\/span><\/span><\/span><\/a><\/p>\n<p style=\"text-align: justify;\">fonte: Coluna Claudio Humberto, Di\u00e1rio do Poder<\/p>\n","protected":false},"excerpt":{"rendered":"<p>Enquanto magistrados do TSE\u00a0 ignoraram e autorizaram, por omiss\u00e3o, a propaganda eleitoral de Lula no desfile da escola Acad\u00eamicos de Niter\u00f3i bajulando o pr\u00e9-candidato \u00e0 reelei\u00e7\u00e3o Lula (PT) em pleno ano eleitoral, coube aos ju\u00edzes do Carnaval do Rio tomar provid\u00eancias, batendo o martelo para rebaixar a escola que fez o pior desfile do ano. [&hellip;]<\/p>\n","protected":false},"author":2,"featured_media":207172,"comment_status":"open","ping_status":"open","sticky":false,"template":"","format":"standard","meta":{"_monsterinsights_skip_tracking":false,"_monsterinsights_sitenote_active":false,"_monsterinsights_sitenote_note":"","_monsterinsights_sitenote_category":0},"categories":[6,30260,2528,30259,12],"tags":[335,44242,480,44243,2217,4378],"aioseo_notices":[],"_links":{"self":[{"href":"https:\/\/mspontocom.com.br\/site\/wp-json\/wp\/v2\/posts\/207163"}],"collection":[{"href":"https:\/\/mspontocom.com.br\/site\/wp-json\/wp\/v2\/posts"}],"about":[{"href":"https:\/\/mspontocom.com.br\/site\/wp-json\/wp\/v2\/types\/post"}],"author":[{"embeddable":true,"href":"https:\/\/mspontocom.com.br\/site\/wp-json\/wp\/v2\/users\/2"}],"replies":[{"embeddable":true,"href":"https:\/\/mspontocom.com.br\/site\/wp-json\/wp\/v2\/comments?post=207163"}],"version-history":[{"count":2,"href":"https:\/\/mspontocom.com.br\/site\/wp-json\/wp\/v2\/posts\/207163\/revisions"}],"predecessor-version":[{"id":207173,"href":"https:\/\/mspontocom.com.br\/site\/wp-json\/wp\/v2\/posts\/207163\/revisions\/207173"}],"wp:featuredmedia":[{"embeddable":true,"href":"https:\/\/mspontocom.com.br\/site\/wp-json\/wp\/v2\/media\/207172"}],"wp:attachment":[{"href":"https:\/\/mspontocom.com.br\/site\/wp-json\/wp\/v2\/media?parent=207163"}],"wp:term":[{"taxonomy":"category","embeddable":true,"href":"https:\/\/mspontocom.com.br\/site\/wp-json\/wp\/v2\/categories?post=207163"},{"taxonomy":"post_tag","embeddable":true,"href":"https:\/\/mspontocom.com.br\/site\/wp-json\/wp\/v2\/tags?post=207163"}],"curies":[{"name":"wp","href":"https:\/\/api.w.org\/{rel}","templated":true}]}}