{"id":207165,"date":"2026-02-19T07:57:11","date_gmt":"2026-02-19T11:57:11","guid":{"rendered":"https:\/\/mspontocom.com.br\/site\/?p=207165"},"modified":"2026-02-19T07:57:11","modified_gmt":"2026-02-19T11:57:11","slug":"justica-enterra-narrativa-da-esquerda-de-bolsonaro-genocida","status":"publish","type":"post","link":"https:\/\/mspontocom.com.br\/site\/justica-enterra-narrativa-da-esquerda-de-bolsonaro-genocida\/","title":{"rendered":"Justi\u00e7a enterra narrativa da esquerda de &#8220;Bolsonaro Genocida&#8221;"},"content":{"rendered":"<p><img loading=\"lazy\" class=\"size-full wp-image-207176\" src=\"http:\/\/mspontocom.com.br\/site\/wp-content\/uploads\/2026\/02\/site-justica-enterra-narrativa-da-esquerda-de-bolsonaro-genocida-bolsonaro-sorrindo.jpg\" alt=\"\" width=\"1024\" height=\"768\" srcset=\"https:\/\/mspontocom.com.br\/site\/wp-content\/uploads\/2026\/02\/site-justica-enterra-narrativa-da-esquerda-de-bolsonaro-genocida-bolsonaro-sorrindo.jpg 1024w, https:\/\/mspontocom.com.br\/site\/wp-content\/uploads\/2026\/02\/site-justica-enterra-narrativa-da-esquerda-de-bolsonaro-genocida-bolsonaro-sorrindo-260x195.jpg 260w, https:\/\/mspontocom.com.br\/site\/wp-content\/uploads\/2026\/02\/site-justica-enterra-narrativa-da-esquerda-de-bolsonaro-genocida-bolsonaro-sorrindo-768x576.jpg 768w\" sizes=\"(max-width: 1024px) 100vw, 1024px\" \/><\/p>\n<p style=\"text-align: justify;\">O MPF (Minist\u00e9rio P\u00fablico Federal) arquivou o pedido de investiga\u00e7\u00e3o contra o ex-presidente Jair Bolsonaro (PL) e integrantes da fam\u00edlia Bolsonaro por <strong>SUPOSTO<\/strong> genoc\u00eddio durante a pandemia de covid-19.<\/p>\n<p style=\"text-align: justify;\"><span style=\"font-size: 14pt;\"><strong>Agora \u00e9 tarde, pois a narrativa da esquerda, inclusive na CPI da Covid, tamb\u00e9m conhecida como a CPI do Circo,\u00a0 influenciou diretamente no resultado das elei\u00e7\u00f5es de 2022, vencidas, agora sabemos como, pelo descondenado Lula.<\/strong><\/span><\/p>\n<p style=\"text-align: justify;\">Em despacho,\u00a0 a Procuradoria da Rep\u00fablica em Minas Gerais afirmou que a not\u00edcia de fato se baseou em informa\u00e7\u00f5es gen\u00e9ricas e inespec\u00edficas.<\/p>\n<p style=\"text-align: justify;\">A not\u00edcia de fato \u00e9 um relato ao Minist\u00e9rio P\u00fablico sobre eventuais crimes ou irregularidades.<\/p>\n<p style=\"text-align: justify;\">A suspeita foi apresentada ao MPF na sala de atendimento ao cidad\u00e3o, alegando poss\u00edveis \u201ccrimes de lesa-p\u00e1tria\u201d, como \u201cgenoc\u00eddio durante a pandemia, envolvimento com mil\u00edcias, tr\u00e1fico de drogas, corrup\u00e7\u00e3o, uso indevido da ABIN, \u2018rachadinhas\u2019, envenenamento de autoridades, persegui\u00e7\u00e3o pol\u00edtica e atentados \u00e0 ordem democr\u00e1tica\u201d.<\/p>\n<p style=\"text-align: justify;\">Para a procuradora da Rep\u00fablica Luciana Furtado de Moraes, os fatos levantados s\u00e3o temas amplamente discutidos no debate p\u00fablico e alguns foram analisados perante o STF , TSE,\u00a0 o Tribunal de Contas da Uni\u00e3o e o pr\u00f3prio MPF.<\/p>\n<p style=\"text-align: justify;\">A procuradora procuradora entendeu que os links e conte\u00fados citados no pedido s\u00e3o material de natureza jornal\u00edstica ou opinativa, que n\u00e3o possuem valor probat\u00f3rio, sem especifica\u00e7\u00e3o de fato concreto a ser apurado.<\/p>\n<p style=\"text-align: justify;\">O arquivamento destaca que a manifesta\u00e7\u00e3o possuiu car\u00e1ter opinativo, com cr\u00edticas pol\u00edticas, avalia\u00e7\u00f5es morais e ju\u00edzes sobre a condu\u00e7\u00e3o do governo Bolsonaro.<\/p>\n<p style=\"text-align: justify;\">Para a procuradora, o pedido n\u00e3o apresenta ind\u00edcios suficientes que autorizem prosseguir com a investiga\u00e7\u00e3o criminal.<\/p>\n<p style=\"text-align: justify;\"><i><b>Continue em nossa companhia em:<\/b><\/i> <a href=\"http:\/\/www.mspontocom.com.br\/\"><span style=\"color: #0000ff;\"><span style=\"font-family: Comic Sans MS, cursive;\"><span style=\"font-size: small;\"><u>www.mspontocom.com.br<\/u><\/span><\/span><\/span><\/a><\/p>\n","protected":false},"excerpt":{"rendered":"<p>O MPF (Minist\u00e9rio P\u00fablico Federal) arquivou o pedido de investiga\u00e7\u00e3o contra o ex-presidente Jair Bolsonaro (PL) e integrantes da fam\u00edlia Bolsonaro por SUPOSTO genoc\u00eddio durante a pandemia de covid-19. Agora \u00e9 tarde, pois a narrativa da esquerda, inclusive na CPI da Covid, tamb\u00e9m conhecida como a CPI do Circo,\u00a0 influenciou diretamente no resultado das elei\u00e7\u00f5es [&hellip;]<\/p>\n","protected":false},"author":2,"featured_media":207176,"comment_status":"open","ping_status":"open","sticky":false,"template":"","format":"standard","meta":{"_monsterinsights_skip_tracking":false,"_monsterinsights_sitenote_active":false,"_monsterinsights_sitenote_note":"","_monsterinsights_sitenote_category":0},"categories":[6,30260,2528,30259,12],"tags":[21017,38874,40730,1350,40613],"aioseo_notices":[],"_links":{"self":[{"href":"https:\/\/mspontocom.com.br\/site\/wp-json\/wp\/v2\/posts\/207165"}],"collection":[{"href":"https:\/\/mspontocom.com.br\/site\/wp-json\/wp\/v2\/posts"}],"about":[{"href":"https:\/\/mspontocom.com.br\/site\/wp-json\/wp\/v2\/types\/post"}],"author":[{"embeddable":true,"href":"https:\/\/mspontocom.com.br\/site\/wp-json\/wp\/v2\/users\/2"}],"replies":[{"embeddable":true,"href":"https:\/\/mspontocom.com.br\/site\/wp-json\/wp\/v2\/comments?post=207165"}],"version-history":[{"count":2,"href":"https:\/\/mspontocom.com.br\/site\/wp-json\/wp\/v2\/posts\/207165\/revisions"}],"predecessor-version":[{"id":207177,"href":"https:\/\/mspontocom.com.br\/site\/wp-json\/wp\/v2\/posts\/207165\/revisions\/207177"}],"wp:featuredmedia":[{"embeddable":true,"href":"https:\/\/mspontocom.com.br\/site\/wp-json\/wp\/v2\/media\/207176"}],"wp:attachment":[{"href":"https:\/\/mspontocom.com.br\/site\/wp-json\/wp\/v2\/media?parent=207165"}],"wp:term":[{"taxonomy":"category","embeddable":true,"href":"https:\/\/mspontocom.com.br\/site\/wp-json\/wp\/v2\/categories?post=207165"},{"taxonomy":"post_tag","embeddable":true,"href":"https:\/\/mspontocom.com.br\/site\/wp-json\/wp\/v2\/tags?post=207165"}],"curies":[{"name":"wp","href":"https:\/\/api.w.org\/{rel}","templated":true}]}}