{"id":207178,"date":"2026-02-19T05:01:05","date_gmt":"2026-02-19T09:01:05","guid":{"rendered":"https:\/\/mspontocom.com.br\/site\/?p=207178"},"modified":"2026-02-19T08:20:28","modified_gmt":"2026-02-19T12:20:28","slug":"trump-prepara-anuncio-sobre-ovnis-e-vida-extraterrestre","status":"publish","type":"post","link":"https:\/\/mspontocom.com.br\/site\/trump-prepara-anuncio-sobre-ovnis-e-vida-extraterrestre\/","title":{"rendered":"Trump prepara an\u00fancio sobre OVNIs e vida extraterrestre"},"content":{"rendered":"<p style=\"text-align: justify;\"><img loading=\"lazy\" class=\"alignnone size-full wp-image-207179\" src=\"http:\/\/mspontocom.com.br\/site\/wp-content\/uploads\/2026\/02\/site-trump-prepara-anuncio-sobre-ovnis-e-vida-extraterrestre-nasa-905x613-1.webp\" alt=\"\" width=\"905\" height=\"613\" srcset=\"https:\/\/mspontocom.com.br\/site\/wp-content\/uploads\/2026\/02\/site-trump-prepara-anuncio-sobre-ovnis-e-vida-extraterrestre-nasa-905x613-1.webp 905w, https:\/\/mspontocom.com.br\/site\/wp-content\/uploads\/2026\/02\/site-trump-prepara-anuncio-sobre-ovnis-e-vida-extraterrestre-nasa-905x613-1-260x176.webp 260w, https:\/\/mspontocom.com.br\/site\/wp-content\/uploads\/2026\/02\/site-trump-prepara-anuncio-sobre-ovnis-e-vida-extraterrestre-nasa-905x613-1-768x520.webp 768w\" sizes=\"(max-width: 905px) 100vw, 905px\" \/>Rumores sobre um poss\u00edvel an\u00fancio envolvendo OVNIs e vida extraterrestre ganharam for\u00e7a ap\u00f3s declara\u00e7\u00f5es de Laura Trump nora do presidente Donald Trump.<\/p>\n<p style=\"text-align: justify;\">Em entrevista ao podcast Pod Force One, ela afirmou que questionou o sogro, ao lado do marido, Eric Trump, sobre especula\u00e7\u00f5es de que ele teria preparado um discurso sobre vida fora da Terra.<\/p>\n<blockquote><p><em>\u201cEle foi um pouco reservado conosco. E isso, claro, nos fez acreditar\u2026 Eu e Eric pensamos: \u2018Se ele nem nos contou totalmente, talvez haja mais coisas por tr\u00e1s disso\u2019\u201d, declarou Laura. <\/em><\/p><\/blockquote>\n<p style=\"text-align: justify;\">Segundo ela, Trump mencionou que o<strong> discurso estaria pronto<\/strong> e seria apresentado no momento considerado adequado.<\/p>\n<h2 id=\"h-suposta-antecipacao-do-anuncio\" class=\"wp-block-heading\" style=\"text-align: justify;\">Suposta antecipa\u00e7\u00e3o do an\u00fancio<\/h2>\n<p style=\"text-align: justify;\">As especula\u00e7\u00f5es aumentaram ap\u00f3s declara\u00e7\u00f5es do diretor e uf\u00f3logo brit\u00e2nico Mark Christopher Lee ao jornal Daily Mail. Lee afirmou que um assessor da administra\u00e7\u00e3o Trump teria informado que o presidente <strong>recebeu autoriza\u00e7\u00e3o de outros l\u00edderes mundiais para fazer o an\u00fancio.<\/strong><\/p>\n<p style=\"text-align: justify;\">Inicialmente, o discurso estaria previsto para a Assembleia Geral da ONU em setembro.<\/p>\n<p style=\"text-align: justify;\">No entanto, segundo Lee, a apresenta\u00e7\u00e3o teria sido antecipada para 8 de julho, data que marca o 79\u00ba anivers\u00e1rio do caso Roswell, ocorrido em 1947.<\/p>\n<p style=\"text-align: justify;\">Ele afirmou ainda que \u201cnovos desenvolvimentos de intelig\u00eancia tornaram a divulga\u00e7\u00e3o uma quest\u00e3o urgente\u201d.<\/p>\n<p style=\"text-align: justify;\">At\u00e9 o momento, a Casa Branca\u00a0n\u00e3o comentou oficialmente o assunto.<\/p>\n<p style=\"text-align: justify;\"><i><b>Continue em nossa companhia em:<\/b><\/i> <a href=\"http:\/\/www.mspontocom.com.br\/\"><span style=\"color: #0000ff;\"><span style=\"font-family: Comic Sans MS, cursive;\"><span style=\"font-size: small;\"><u>www.mspontocom.com.br<\/u><\/span><\/span><\/span><\/a><\/p>\n","protected":false},"excerpt":{"rendered":"<p>Rumores sobre um poss\u00edvel an\u00fancio envolvendo OVNIs e vida extraterrestre ganharam for\u00e7a ap\u00f3s declara\u00e7\u00f5es de Laura Trump nora do presidente Donald Trump. Em entrevista ao podcast Pod Force One, ela afirmou que questionou o sogro, ao lado do marido, Eric Trump, sobre especula\u00e7\u00f5es de que ele teria preparado um discurso sobre vida fora da Terra. [&hellip;]<\/p>\n","protected":false},"author":2,"featured_media":207179,"comment_status":"open","ping_status":"open","sticky":false,"template":"","format":"standard","meta":{"_monsterinsights_skip_tracking":false,"_monsterinsights_sitenote_active":false,"_monsterinsights_sitenote_note":"","_monsterinsights_sitenote_category":0},"categories":[7752],"tags":[8436,3301,11610,28326],"aioseo_notices":[],"_links":{"self":[{"href":"https:\/\/mspontocom.com.br\/site\/wp-json\/wp\/v2\/posts\/207178"}],"collection":[{"href":"https:\/\/mspontocom.com.br\/site\/wp-json\/wp\/v2\/posts"}],"about":[{"href":"https:\/\/mspontocom.com.br\/site\/wp-json\/wp\/v2\/types\/post"}],"author":[{"embeddable":true,"href":"https:\/\/mspontocom.com.br\/site\/wp-json\/wp\/v2\/users\/2"}],"replies":[{"embeddable":true,"href":"https:\/\/mspontocom.com.br\/site\/wp-json\/wp\/v2\/comments?post=207178"}],"version-history":[{"count":1,"href":"https:\/\/mspontocom.com.br\/site\/wp-json\/wp\/v2\/posts\/207178\/revisions"}],"predecessor-version":[{"id":207180,"href":"https:\/\/mspontocom.com.br\/site\/wp-json\/wp\/v2\/posts\/207178\/revisions\/207180"}],"wp:featuredmedia":[{"embeddable":true,"href":"https:\/\/mspontocom.com.br\/site\/wp-json\/wp\/v2\/media\/207179"}],"wp:attachment":[{"href":"https:\/\/mspontocom.com.br\/site\/wp-json\/wp\/v2\/media?parent=207178"}],"wp:term":[{"taxonomy":"category","embeddable":true,"href":"https:\/\/mspontocom.com.br\/site\/wp-json\/wp\/v2\/categories?post=207178"},{"taxonomy":"post_tag","embeddable":true,"href":"https:\/\/mspontocom.com.br\/site\/wp-json\/wp\/v2\/tags?post=207178"}],"curies":[{"name":"wp","href":"https:\/\/api.w.org\/{rel}","templated":true}]}}