{"id":207190,"date":"2026-02-20T05:42:40","date_gmt":"2026-02-20T09:42:40","guid":{"rendered":"https:\/\/mspontocom.com.br\/site\/?p=207190"},"modified":"2026-02-20T05:42:40","modified_gmt":"2026-02-20T09:42:40","slug":"justica-permite-postagens-associando-pt-ao-narcotrafico","status":"publish","type":"post","link":"https:\/\/mspontocom.com.br\/site\/justica-permite-postagens-associando-pt-ao-narcotrafico\/","title":{"rendered":"Justi\u00e7a permite postagens associando PT ao narcotr\u00e1fico"},"content":{"rendered":"<p style=\"text-align: justify;\"><img loading=\"lazy\" class=\"alignnone size-large wp-image-207199\" src=\"http:\/\/mspontocom.com.br\/site\/wp-content\/uploads\/2026\/02\/site-justica-permite-postagens-associando-pt-ao-narcotrafico-pt-1024x683.png\" alt=\"\" width=\"1024\" height=\"683\" srcset=\"https:\/\/mspontocom.com.br\/site\/wp-content\/uploads\/2026\/02\/site-justica-permite-postagens-associando-pt-ao-narcotrafico-pt-1024x683.png 1024w, https:\/\/mspontocom.com.br\/site\/wp-content\/uploads\/2026\/02\/site-justica-permite-postagens-associando-pt-ao-narcotrafico-pt-260x173.png 260w, https:\/\/mspontocom.com.br\/site\/wp-content\/uploads\/2026\/02\/site-justica-permite-postagens-associando-pt-ao-narcotrafico-pt-768x512.png 768w, https:\/\/mspontocom.com.br\/site\/wp-content\/uploads\/2026\/02\/site-justica-permite-postagens-associando-pt-ao-narcotrafico-pt.png 1536w\" sizes=\"(max-width: 1024px) 100vw, 1024px\" \/>O Tribunal de Justi\u00e7a do Distrito Federal <span style=\"font-size: 14pt;\"><strong>negou<\/strong><\/span> um pedido de liminar do PT para a remo\u00e7\u00e3o de postagens nas redes sociais feitas pela deputada federal Bia Kicis (PL-DF).<\/p>\n<p style=\"text-align: justify;\">Nas postagens, a deputada associa o PT ao narcotr\u00e1fico, reinterpretando a sigla como <span style=\"font-size: 14pt;\"><strong>\u201cPartido dos Traficantes\u201d.<\/strong><\/span><\/p>\n<p style=\"text-align: justify;\">Na sua decis\u00e3o, o desembargador Te\u00f3filo Caetano mencionou a demora na solicita\u00e7\u00e3o, que se refere a conte\u00fados postados em outubro de 2025.<\/p>\n<p style=\"text-align: justify;\">Para o desembargador, essa espera \u201cpor si s\u00f3, mitiga a alega\u00e7\u00e3o de urg\u00eancia\u201d.<\/p>\n<p style=\"text-align: justify;\">O PT argumentou que os efeitos prejudiciais das postagens permanecem, entretanto, Caetano discorda, justificando que a legenda deveria comprovar que os conte\u00fados continuaram em destaque, o que n\u00e3o teria ocorrido.<\/p>\n<h2 style=\"text-align: justify;\">Decis\u00e3o sobre danos \u00e0 honra<\/h2>\n<p style=\"text-align: justify;\">O desembargador listou que, caso se reconhe\u00e7a eventual dano \u00e0 honra ou \u00e0 imagem, isso pode ser reparado posteriormente por meio de uma tutela definitiva, que poderia incluir compensa\u00e7\u00e3o pecuni\u00e1ria ou outras medidas apropriadas.<\/p>\n<p style=\"text-align: justify;\">Ele afirmou que n\u00e3o existem preju\u00edzos irrevers\u00edveis que derivem da preserva\u00e7\u00e3o do conte\u00fado digital at\u00e9 o julgamento do m\u00e9rito deste agravo.<\/p>\n<p style=\"text-align: justify;\">As postagens de Kicis est\u00e3o inseridas no contexto da Opera\u00e7\u00e3o Conten\u00e7\u00e3o, que visa combater o avan\u00e7o do Comando Vermelho nas comunidades do Rio de Janeiro.<\/p>\n<p style=\"text-align: justify;\">\u00a0Em primeira inst\u00e2ncia, a ju\u00edza Vanessa Maria Trevisan apontou que a a\u00e7\u00e3o do PT faz parte de uma ofensiva contra cr\u00edticas do tipo: \u201ccumpre anotar que esta \u00e9 uma das cinco a\u00e7\u00f5es propostas pelo autor em face de r\u00e9us diversos, todas com o objetivo de retirar express\u00e3o similar das redes sociais.\u201d<\/p>\n","protected":false},"excerpt":{"rendered":"<p>O Tribunal de Justi\u00e7a do Distrito Federal negou um pedido de liminar do PT para a remo\u00e7\u00e3o de postagens nas redes sociais feitas pela deputada federal Bia Kicis (PL-DF). Nas postagens, a deputada associa o PT ao narcotr\u00e1fico, reinterpretando a sigla como \u201cPartido dos Traficantes\u201d. Na sua decis\u00e3o, o desembargador Te\u00f3filo Caetano mencionou a demora [&hellip;]<\/p>\n","protected":false},"author":2,"featured_media":207199,"comment_status":"open","ping_status":"open","sticky":false,"template":"","format":"standard","meta":{"_monsterinsights_skip_tracking":false,"_monsterinsights_sitenote_active":false,"_monsterinsights_sitenote_note":"","_monsterinsights_sitenote_category":0},"categories":[2528,12],"tags":[44248,1350,13052,26583,43366,533],"aioseo_notices":[],"_links":{"self":[{"href":"https:\/\/mspontocom.com.br\/site\/wp-json\/wp\/v2\/posts\/207190"}],"collection":[{"href":"https:\/\/mspontocom.com.br\/site\/wp-json\/wp\/v2\/posts"}],"about":[{"href":"https:\/\/mspontocom.com.br\/site\/wp-json\/wp\/v2\/types\/post"}],"author":[{"embeddable":true,"href":"https:\/\/mspontocom.com.br\/site\/wp-json\/wp\/v2\/users\/2"}],"replies":[{"embeddable":true,"href":"https:\/\/mspontocom.com.br\/site\/wp-json\/wp\/v2\/comments?post=207190"}],"version-history":[{"count":2,"href":"https:\/\/mspontocom.com.br\/site\/wp-json\/wp\/v2\/posts\/207190\/revisions"}],"predecessor-version":[{"id":207200,"href":"https:\/\/mspontocom.com.br\/site\/wp-json\/wp\/v2\/posts\/207190\/revisions\/207200"}],"wp:featuredmedia":[{"embeddable":true,"href":"https:\/\/mspontocom.com.br\/site\/wp-json\/wp\/v2\/media\/207199"}],"wp:attachment":[{"href":"https:\/\/mspontocom.com.br\/site\/wp-json\/wp\/v2\/media?parent=207190"}],"wp:term":[{"taxonomy":"category","embeddable":true,"href":"https:\/\/mspontocom.com.br\/site\/wp-json\/wp\/v2\/categories?post=207190"},{"taxonomy":"post_tag","embeddable":true,"href":"https:\/\/mspontocom.com.br\/site\/wp-json\/wp\/v2\/tags?post=207190"}],"curies":[{"name":"wp","href":"https:\/\/api.w.org\/{rel}","templated":true}]}}