{"id":207192,"date":"2026-02-20T05:28:03","date_gmt":"2026-02-20T09:28:03","guid":{"rendered":"https:\/\/mspontocom.com.br\/site\/?p=207192"},"modified":"2026-02-20T05:28:03","modified_gmt":"2026-02-20T09:28:03","slug":"confirmado-cidadaos-brasileiros-nao-podem-criticar-o-stf","status":"publish","type":"post","link":"https:\/\/mspontocom.com.br\/site\/confirmado-cidadaos-brasileiros-nao-podem-criticar-o-stf\/","title":{"rendered":"Confirmado: Cidad\u00e3os brasileiros n\u00e3o podem criticar o STF"},"content":{"rendered":"<p class=\"postParagraph_post-paragraph__juWZN postParagraph_post-paragraph-innerHtml__Q5vwc\" style=\"text-align: justify;\"><img loading=\"lazy\" class=\"alignnone size-large wp-image-207197\" src=\"http:\/\/mspontocom.com.br\/site\/wp-content\/uploads\/2026\/02\/site-confirmado-cidadaos-brasileiros-nao-podem-criticar-o-stf-censura1-1024x683.jpg\" alt=\"\" width=\"1024\" height=\"683\" srcset=\"https:\/\/mspontocom.com.br\/site\/wp-content\/uploads\/2026\/02\/site-confirmado-cidadaos-brasileiros-nao-podem-criticar-o-stf-censura1-1024x683.jpg 1024w, https:\/\/mspontocom.com.br\/site\/wp-content\/uploads\/2026\/02\/site-confirmado-cidadaos-brasileiros-nao-podem-criticar-o-stf-censura1-260x173.jpg 260w, https:\/\/mspontocom.com.br\/site\/wp-content\/uploads\/2026\/02\/site-confirmado-cidadaos-brasileiros-nao-podem-criticar-o-stf-censura1-768x512.jpg 768w, https:\/\/mspontocom.com.br\/site\/wp-content\/uploads\/2026\/02\/site-confirmado-cidadaos-brasileiros-nao-podem-criticar-o-stf-censura1.jpg 1300w\" sizes=\"(max-width: 1024px) 100vw, 1024px\" \/>O presidente da Associa\u00e7\u00e3o Nacional dos Auditores Fiscais da Receita Federal (Unafisco), Kl\u00e9ber Cabral, foi<strong> intimado<\/strong> a depor na Pol\u00edcia Federal ap\u00f3s criticar a opera\u00e7\u00e3o autorizada pelo STF contra servidores do \u00f3rg\u00e3o.<\/p>\n<p class=\"postParagraph_post-paragraph__juWZN postParagraph_post-paragraph-innerHtml__Q5vwc\" style=\"text-align: justify;\">Marcado para as 15h desta sexta (20), por videoconfer\u00eancia, o depoimento ser\u00e1 realizado no \u00e2mbito do inqu\u00e9rito que investiga a suspeita de vazamentos de dados sigilosos de ministros e de seus familiares, conduzido pelo ministro <strong>Alexandre de Moraes.<\/strong><\/p>\n<p class=\"postParagraph_post-paragraph__juWZN postParagraph_post-paragraph-innerHtml__Q5vwc\" style=\"text-align: justify;\">O magistrado procura encontrar o respons\u00e1vel por vazar informa\u00e7\u00f5es de sua esposa, Viviana Barci de Moraes, e seu contrato com o Banco Master.<\/p>\n<p class=\"postParagraph_post-paragraph__juWZN postParagraph_post-paragraph-innerHtml__Q5vwc\" style=\"text-align: justify;\">Cabral concedeu uma s\u00e9rie de entrevistas em defesa dos servidores da Receita.<\/p>\n<p class=\"postParagraph_post-paragraph__juWZN postParagraph_post-paragraph-innerHtml__Q5vwc\" style=\"text-align: justify;\">O presidente da entidade disse \u00e0 <em>GloboNews<\/em>\u00a0que o atual cen\u00e1rio de press\u00e3o jur\u00eddica cria um ambiente de temor institucional, onde<span style=\"font-size: 14pt;\"><strong> \u201c\u00e9 menos arriscado fiscalizar membros do PCC do que altas autoridades da Rep\u00fablica\u201d.<\/strong><\/span><\/p>\n<p class=\"postParagraph_post-paragraph__juWZN postParagraph_post-paragraph-innerHtml__Q5vwc\" style=\"text-align: justify;\">Ele destacou que a imposi\u00e7\u00e3o de restri\u00e7\u00f5es sem um processo administrativo pr\u00e9vio ou prova de crime grave \u00e9 uma tentativa de \u201chumilhar, constranger e amedrontar\u201d a categoria.<\/p>\n<p class=\"postParagraph_post-paragraph__juWZN postParagraph_post-paragraph-innerHtml__Q5vwc\" style=\"text-align: justify;\">\u00a0Cabral refor\u00e7ou as declara\u00e7\u00f5es em entrevista ao jornal <em>O Globo<\/em>, destacando que as ordens de Moraes foram \u201cdesproporcionais\u201d e teriam car\u00e1ter \u201cintimidat\u00f3rio\u201d.<\/p>\n<p style=\"text-align: justify;\"><i><b>Continue em nossa companhia em:<\/b><\/i> <a href=\"http:\/\/www.mspontocom.com.br\/\"><span style=\"color: #0000ff;\"><span style=\"font-family: Comic Sans MS, cursive;\"><span style=\"font-size: small;\"><u>www.mspontocom.com.br<\/u><\/span><\/span><\/span><\/a><\/p>\n","protected":false},"excerpt":{"rendered":"<p>O presidente da Associa\u00e7\u00e3o Nacional dos Auditores Fiscais da Receita Federal (Unafisco), Kl\u00e9ber Cabral, foi intimado a depor na Pol\u00edcia Federal ap\u00f3s criticar a opera\u00e7\u00e3o autorizada pelo STF contra servidores do \u00f3rg\u00e3o. Marcado para as 15h desta sexta (20), por videoconfer\u00eancia, o depoimento ser\u00e1 realizado no \u00e2mbito do inqu\u00e9rito que investiga a suspeita de vazamentos [&hellip;]<\/p>\n","protected":false},"author":2,"featured_media":207197,"comment_status":"open","ping_status":"open","sticky":false,"template":"","format":"standard","meta":{"_monsterinsights_skip_tracking":false,"_monsterinsights_sitenote_active":false,"_monsterinsights_sitenote_note":"","_monsterinsights_sitenote_category":0},"categories":[6,30260,2528,30259,12],"tags":[44247,37287,3014],"aioseo_notices":[],"_links":{"self":[{"href":"https:\/\/mspontocom.com.br\/site\/wp-json\/wp\/v2\/posts\/207192"}],"collection":[{"href":"https:\/\/mspontocom.com.br\/site\/wp-json\/wp\/v2\/posts"}],"about":[{"href":"https:\/\/mspontocom.com.br\/site\/wp-json\/wp\/v2\/types\/post"}],"author":[{"embeddable":true,"href":"https:\/\/mspontocom.com.br\/site\/wp-json\/wp\/v2\/users\/2"}],"replies":[{"embeddable":true,"href":"https:\/\/mspontocom.com.br\/site\/wp-json\/wp\/v2\/comments?post=207192"}],"version-history":[{"count":2,"href":"https:\/\/mspontocom.com.br\/site\/wp-json\/wp\/v2\/posts\/207192\/revisions"}],"predecessor-version":[{"id":207198,"href":"https:\/\/mspontocom.com.br\/site\/wp-json\/wp\/v2\/posts\/207192\/revisions\/207198"}],"wp:featuredmedia":[{"embeddable":true,"href":"https:\/\/mspontocom.com.br\/site\/wp-json\/wp\/v2\/media\/207197"}],"wp:attachment":[{"href":"https:\/\/mspontocom.com.br\/site\/wp-json\/wp\/v2\/media?parent=207192"}],"wp:term":[{"taxonomy":"category","embeddable":true,"href":"https:\/\/mspontocom.com.br\/site\/wp-json\/wp\/v2\/categories?post=207192"},{"taxonomy":"post_tag","embeddable":true,"href":"https:\/\/mspontocom.com.br\/site\/wp-json\/wp\/v2\/tags?post=207192"}],"curies":[{"name":"wp","href":"https:\/\/api.w.org\/{rel}","templated":true}]}}