{"id":207210,"date":"2026-02-21T06:02:41","date_gmt":"2026-02-21T10:02:41","guid":{"rendered":"https:\/\/mspontocom.com.br\/site\/?p=207210"},"modified":"2026-02-21T06:02:41","modified_gmt":"2026-02-21T10:02:41","slug":"transparencia-internacional-critica-autoritarismo-estarrecedor-de-moraes","status":"publish","type":"post","link":"https:\/\/mspontocom.com.br\/site\/transparencia-internacional-critica-autoritarismo-estarrecedor-de-moraes\/","title":{"rendered":"Transpar\u00eancia Internacional critica \u2018autoritarismo estarrecedor\u2019 de Moraes"},"content":{"rendered":"<p style=\"text-align: justify;\"><img loading=\"lazy\" class=\"alignnone size-full wp-image-207211\" src=\"http:\/\/mspontocom.com.br\/site\/wp-content\/uploads\/2026\/02\/site-transparencia-incritica-autoritarismo-estarrecedor-de-moraes-ale-obceno.jpg\" alt=\"\" width=\"560\" height=\"315\" srcset=\"https:\/\/mspontocom.com.br\/site\/wp-content\/uploads\/2026\/02\/site-transparencia-incritica-autoritarismo-estarrecedor-de-moraes-ale-obceno.jpg 560w, https:\/\/mspontocom.com.br\/site\/wp-content\/uploads\/2026\/02\/site-transparencia-incritica-autoritarismo-estarrecedor-de-moraes-ale-obceno-260x146.jpg 260w\" sizes=\"(max-width: 560px) 100vw, 560px\" \/><\/p>\n<p style=\"text-align: justify;\">A <strong>Transpar\u00eancia Internacional<\/strong> criticou, na noite desta sexta-feira, o que classificou como gesto de <strong>\u201cautoritarismo estarrecedor\u201d<\/strong> do ministro do STF,<strong> Alexandre de Moraes<\/strong>, na determina\u00e7\u00e3o para que a Pol\u00edcia Federal interrogue o presidente da Associa\u00e7\u00e3o Nacional dos Auditores Fiscais da Receita Federal do Brasil (Unafisco), Kleber Cabral.<\/p>\n<p style=\"text-align: justify;\">Para a ONG, a decis\u00e3o de Moraes evidencia o <strong>\u201cdecl\u00ednio democr\u00e1tico brasileiro\u201d,<\/strong> por que seria motivada por cr\u00edticas do l\u00edder sindical ao fato de o ministro ter ordenado a opera\u00e7\u00e3o contra servidores da Receita suspeitos de vazar dados fiscais envolvendo ministros da c\u00fapula da Justi\u00e7a do Brasil e seus familiares.<\/p>\n<p style=\"text-align: justify;\">A rea\u00e7\u00e3o da Transpar\u00eancia Internacional ainda considera que a fala de Kleber Cabral defendeu os auditores fiscais de \u201cevidente abuso de autoridade\u201d do ministro Alexandre de Moraes.<\/p>\n<p style=\"text-align: justify;\">E considerou o depoimento do presidente da Unafisco como um ato de \u201cintimida\u00e7\u00e3o\u201d vindo de um juiz constitucional.<\/p>\n<blockquote><p><em>\u201cUm presidente de sindicato \u00e9 alvo de intimida\u00e7\u00e3o por parte de um juiz constitucional, por defender servidores (culpados ou n\u00e3o) v\u00edtimas de evidente abuso de autoridade. \u00c9 cada dia mais estarrecedor o autoritarismo que emana do STF e o decl\u00ednio democr\u00e1tico brasileiro\u201d, afirmou a Transpar\u00eancia Internacional.<\/em><\/p><\/blockquote>\n<p style=\"text-align: justify;\"><i><b>Continue em nossa companhia em:<\/b><\/i> <a href=\"http:\/\/www.mspontocom.com.br\/\"><span style=\"color: #0000ff;\"><span style=\"font-family: Comic Sans MS, cursive;\"><span style=\"font-size: small;\"><u>www.mspontocom.com.br<\/u><\/span><\/span><\/span><\/a><\/p>\n","protected":false},"excerpt":{"rendered":"<p>A Transpar\u00eancia Internacional criticou, na noite desta sexta-feira, o que classificou como gesto de \u201cautoritarismo estarrecedor\u201d do ministro do STF, Alexandre de Moraes, na determina\u00e7\u00e3o para que a Pol\u00edcia Federal interrogue o presidente da Associa\u00e7\u00e3o Nacional dos Auditores Fiscais da Receita Federal do Brasil (Unafisco), Kleber Cabral. Para a ONG, a decis\u00e3o de Moraes evidencia [&hellip;]<\/p>\n","protected":false},"author":2,"featured_media":207211,"comment_status":"open","ping_status":"open","sticky":false,"template":"","format":"standard","meta":{"_monsterinsights_skip_tracking":false,"_monsterinsights_sitenote_active":false,"_monsterinsights_sitenote_note":"","_monsterinsights_sitenote_category":0},"categories":[6,30260,2528,30259,12],"tags":[44253,24747,35247,24823],"aioseo_notices":[],"_links":{"self":[{"href":"https:\/\/mspontocom.com.br\/site\/wp-json\/wp\/v2\/posts\/207210"}],"collection":[{"href":"https:\/\/mspontocom.com.br\/site\/wp-json\/wp\/v2\/posts"}],"about":[{"href":"https:\/\/mspontocom.com.br\/site\/wp-json\/wp\/v2\/types\/post"}],"author":[{"embeddable":true,"href":"https:\/\/mspontocom.com.br\/site\/wp-json\/wp\/v2\/users\/2"}],"replies":[{"embeddable":true,"href":"https:\/\/mspontocom.com.br\/site\/wp-json\/wp\/v2\/comments?post=207210"}],"version-history":[{"count":1,"href":"https:\/\/mspontocom.com.br\/site\/wp-json\/wp\/v2\/posts\/207210\/revisions"}],"predecessor-version":[{"id":207212,"href":"https:\/\/mspontocom.com.br\/site\/wp-json\/wp\/v2\/posts\/207210\/revisions\/207212"}],"wp:featuredmedia":[{"embeddable":true,"href":"https:\/\/mspontocom.com.br\/site\/wp-json\/wp\/v2\/media\/207211"}],"wp:attachment":[{"href":"https:\/\/mspontocom.com.br\/site\/wp-json\/wp\/v2\/media?parent=207210"}],"wp:term":[{"taxonomy":"category","embeddable":true,"href":"https:\/\/mspontocom.com.br\/site\/wp-json\/wp\/v2\/categories?post=207210"},{"taxonomy":"post_tag","embeddable":true,"href":"https:\/\/mspontocom.com.br\/site\/wp-json\/wp\/v2\/tags?post=207210"}],"curies":[{"name":"wp","href":"https:\/\/api.w.org\/{rel}","templated":true}]}}