{"id":207218,"date":"2026-02-21T06:29:21","date_gmt":"2026-02-21T10:29:21","guid":{"rendered":"https:\/\/mspontocom.com.br\/site\/?p=207218"},"modified":"2026-02-21T06:29:21","modified_gmt":"2026-02-21T10:29:21","slug":"a-falacia-em-defesa-do-tal-estado-democratico-de-direito","status":"publish","type":"post","link":"https:\/\/mspontocom.com.br\/site\/a-falacia-em-defesa-do-tal-estado-democratico-de-direito\/","title":{"rendered":"A fal\u00e1cia em defesa do tal Estado Democr\u00e1tico de Direito"},"content":{"rendered":"<p style=\"text-align: justify;\"><img loading=\"lazy\" class=\"alignnone size-large wp-image-207219\" src=\"http:\/\/mspontocom.com.br\/site\/wp-content\/uploads\/2026\/02\/site-a-falacia-em-defesa-do-tal-estado-democratico-de-direito-lula-tofoli-moraes-e1771669629165-1024x517.jpeg\" alt=\"\" width=\"1024\" height=\"517\" srcset=\"https:\/\/mspontocom.com.br\/site\/wp-content\/uploads\/2026\/02\/site-a-falacia-em-defesa-do-tal-estado-democratico-de-direito-lula-tofoli-moraes-e1771669629165-1024x517.jpeg 1024w, https:\/\/mspontocom.com.br\/site\/wp-content\/uploads\/2026\/02\/site-a-falacia-em-defesa-do-tal-estado-democratico-de-direito-lula-tofoli-moraes-e1771669629165-260x131.jpeg 260w, https:\/\/mspontocom.com.br\/site\/wp-content\/uploads\/2026\/02\/site-a-falacia-em-defesa-do-tal-estado-democratico-de-direito-lula-tofoli-moraes-e1771669629165-768x388.jpeg 768w, https:\/\/mspontocom.com.br\/site\/wp-content\/uploads\/2026\/02\/site-a-falacia-em-defesa-do-tal-estado-democratico-de-direito-lula-tofoli-moraes-e1771669629165.jpeg 1252w\" sizes=\"(max-width: 1024px) 100vw, 1024px\" \/>O <strong>mspontocom<\/strong> acredita que o bord\u00e3o <strong>Estado Democr\u00e1tico de Direito<\/strong> , virou apenas um modismo entre autoridades brasileiras.<\/p>\n<p style=\"text-align: justify;\"><span style=\"font-size: 18pt;\"><strong>FACHIN<\/strong><\/span><\/p>\n<p style=\"text-align: justify;\">O ministro Edson Fachin do STF, o mesmo que descondenou Lula,\u00a0 ao tentar defender o indefens\u00e1vel disse que a administra\u00e7\u00e3o de Dias Toffoli sobre o caso escabroso do Banco Master est\u00e1 perfeita e que ele n\u00e3o admitiria ataques ao Supremo, citando o tal&#8230; <strong>estado democr\u00e1tico de direito<\/strong>.<\/p>\n<p style=\"text-align: justify;\">Como que ao soltar\u00a0 Lula, condenado em tr\u00eas inst\u00e2ncias, n\u00e3o ofendesse a democracia.<\/p>\n<p style=\"text-align: justify;\"><strong><span style=\"font-size: 18pt;\">GILMAR MENDES<\/span><\/strong><\/p>\n<p style=\"text-align: justify;\">Na mesma linha, o ministro Gilmar Mendes, do mesmo STF), diz que atua como um firme defensor do&#8230; <strong>Estado Democr\u00e1tico de Direito,<\/strong> enfatizando a intoler\u00e2ncia a tentativas de golpe e viola\u00e7\u00f5es constitucionais.<\/p>\n<p style=\"text-align: justify;\">Em 2025, o decano destacou a necessidade de responsabilizar autores de atos antidemocr\u00e1ticos, ressaltando o papel da Corte na preserva\u00e7\u00e3o da ordem constitucional e das institui\u00e7\u00f5es contra ataques.<span class=\"uJ19be notranslate\" data-wiz-uids=\"ViCBbe_c\"><span class=\"vKEkVd\" data-animation-atomic=\"\" data-wiz-attrbind=\"class=ViCBbe_b\/TKHnVd\">\u00a0<\/span><\/span><\/p>\n<p style=\"text-align: justify;\">Mendes, outrora defensor ferrenho da Opera\u00e7\u00e3o Lava Jato, em um passe de m\u00e1gica passou a critic\u00e1-la e colaborou para enterr\u00e1-la.<\/p>\n<p style=\"text-align: justify;\">Democracia?<\/p>\n<p style=\"text-align: justify;\"><span style=\"font-size: 18pt;\"><strong>ALEXANDRE DE MORAES<\/strong><\/span><\/p>\n<p style=\"text-align: justify;\">Tamb\u00e9m ao votar pela condena\u00e7\u00e3o dos r\u00e9us da suposta trama golpista de 8 de janeiro de 2023 o ministro Alexandre de Moraes fez quest\u00e3o de ressaltar a diferen\u00e7a dos crimes de golpe de Estado e de aboli\u00e7\u00e3o violenta do&#8230; <strong>Estado Democr\u00e1tico de Direito.<\/strong><\/p>\n<p style=\"text-align: justify;\">Rasquem seus t\u00edtutos de eleitor.<\/p>\n<p style=\"text-align: justify;\">O Brasil \u00e9 presidido &#8220;democraticamente&#8221; por Moraes atrav\u00e9s\u00a0 de decis\u00f5es monocr\u00e1ticas.<\/p>\n<p style=\"text-align: justify;\"><span style=\"font-size: 18pt;\"><strong>LULA<\/strong><\/span><\/p>\n<p style=\"text-align: justify;\">Lula, como um papagaio bem amestrado, n\u00e3o poderia ficar de fora.<\/p>\n<p style=\"text-align: justify;\">O descondenado tem consolidado sua gest\u00e3o com forte \u00eanfase na defesa do&#8230; <strong>Estado Democr\u00e1tico de Direito,<\/strong> especialmente ap\u00f3s os atos de 8 de janeiro de 2023.<\/p>\n<p style=\"text-align: justify;\">Em discursos e cerim\u00f4nias, como a realizada em janeiro de 2026, Lula reafirma que a democracia exige prote\u00e7\u00e3o cont\u00ednua, rejeitando ditaduras e atua\u00e7\u00f5es antidemocr\u00e1ticas.<span class=\"uJ19be notranslate\" data-wiz-uids=\"DUDmSe_b\"><span class=\"vKEkVd\" data-animation-atomic=\"\" data-wiz-attrbind=\"class=DUDmSe_a\/TKHnVd\">\u00a0<\/span><\/span><\/p>\n<p style=\"text-align: justify;\">Sob sua corrup\u00e7\u00e3o e de aliados&#8230;sil\u00eancio.<\/p>\n<p style=\"text-align: justify;\"><i><b>Continue em nossa companhia em:<\/b><\/i> <a href=\"http:\/\/www.mspontocom.com.br\/\"><span style=\"color: #0000ff;\"><span style=\"font-family: Comic Sans MS, cursive;\"><span style=\"font-size: small;\"><u>www.mspontocom.com.br<\/u><\/span><\/span><\/span><\/a><\/p>\n","protected":false},"excerpt":{"rendered":"<p>O mspontocom acredita que o bord\u00e3o Estado Democr\u00e1tico de Direito , virou apenas um modismo entre autoridades brasileiras. FACHIN O ministro Edson Fachin do STF, o mesmo que descondenou Lula,\u00a0 ao tentar defender o indefens\u00e1vel disse que a administra\u00e7\u00e3o de Dias Toffoli sobre o caso escabroso do Banco Master est\u00e1 perfeita e que ele n\u00e3o [&hellip;]<\/p>\n","protected":false},"author":2,"featured_media":207219,"comment_status":"open","ping_status":"open","sticky":false,"template":"","format":"standard","meta":{"_monsterinsights_skip_tracking":false,"_monsterinsights_sitenote_active":false,"_monsterinsights_sitenote_note":"","_monsterinsights_sitenote_category":0},"categories":[6,30260,2528,30259,12],"tags":[21772,44254,35758,18843],"aioseo_notices":[],"_links":{"self":[{"href":"https:\/\/mspontocom.com.br\/site\/wp-json\/wp\/v2\/posts\/207218"}],"collection":[{"href":"https:\/\/mspontocom.com.br\/site\/wp-json\/wp\/v2\/posts"}],"about":[{"href":"https:\/\/mspontocom.com.br\/site\/wp-json\/wp\/v2\/types\/post"}],"author":[{"embeddable":true,"href":"https:\/\/mspontocom.com.br\/site\/wp-json\/wp\/v2\/users\/2"}],"replies":[{"embeddable":true,"href":"https:\/\/mspontocom.com.br\/site\/wp-json\/wp\/v2\/comments?post=207218"}],"version-history":[{"count":1,"href":"https:\/\/mspontocom.com.br\/site\/wp-json\/wp\/v2\/posts\/207218\/revisions"}],"predecessor-version":[{"id":207220,"href":"https:\/\/mspontocom.com.br\/site\/wp-json\/wp\/v2\/posts\/207218\/revisions\/207220"}],"wp:featuredmedia":[{"embeddable":true,"href":"https:\/\/mspontocom.com.br\/site\/wp-json\/wp\/v2\/media\/207219"}],"wp:attachment":[{"href":"https:\/\/mspontocom.com.br\/site\/wp-json\/wp\/v2\/media?parent=207218"}],"wp:term":[{"taxonomy":"category","embeddable":true,"href":"https:\/\/mspontocom.com.br\/site\/wp-json\/wp\/v2\/categories?post=207218"},{"taxonomy":"post_tag","embeddable":true,"href":"https:\/\/mspontocom.com.br\/site\/wp-json\/wp\/v2\/tags?post=207218"}],"curies":[{"name":"wp","href":"https:\/\/api.w.org\/{rel}","templated":true}]}}