{"id":207234,"date":"2026-02-22T08:11:04","date_gmt":"2026-02-22T12:11:04","guid":{"rendered":"https:\/\/mspontocom.com.br\/site\/?p=207234"},"modified":"2026-02-22T08:11:04","modified_gmt":"2026-02-22T12:11:04","slug":"deltan-abre-noticia-crime-contra-moraes-por-abuso","status":"publish","type":"post","link":"https:\/\/mspontocom.com.br\/site\/deltan-abre-noticia-crime-contra-moraes-por-abuso\/","title":{"rendered":"Deltan abre not\u00edcia-crime contra Moraes por abuso"},"content":{"rendered":"<p class=\"postParagraph_post-paragraph__juWZN postParagraph_post-paragraph-innerHtml__Q5vwc\" style=\"text-align: justify;\"><img loading=\"lazy\" class=\"alignnone size-full wp-image-207235\" src=\"http:\/\/mspontocom.com.br\/site\/wp-content\/uploads\/2026\/02\/site-deltan-abre-noticia-crime-contra-moraes-por-abuso-de-autoridade-deltan1.jpg\" alt=\"\" width=\"761\" height=\"403\" srcset=\"https:\/\/mspontocom.com.br\/site\/wp-content\/uploads\/2026\/02\/site-deltan-abre-noticia-crime-contra-moraes-por-abuso-de-autoridade-deltan1.jpg 761w, https:\/\/mspontocom.com.br\/site\/wp-content\/uploads\/2026\/02\/site-deltan-abre-noticia-crime-contra-moraes-por-abuso-de-autoridade-deltan1-260x138.jpg 260w\" sizes=\"(max-width: 761px) 100vw, 761px\" \/>O ex-procurador e ex-deputado federal Deltan Dallagnol protocolou na PGR uma <strong>not\u00edcia-crime contra o ministro Alexandre de Moraes<\/strong>, do STF, pedindo a abertura de investiga\u00e7\u00e3o por\u00a0<strong> abuso de autoridade<\/strong> no caso envolvendo o presidente da Associa\u00e7\u00e3o Nacional dos Auditores Fiscais da Receita Federal (Unafisco), Kl\u00e9ber Cabral, for\u00e7ado a depor na Pol\u00edcia Federal (PF) como investigado no inqu\u00e9rito das Fake News.<\/p>\n<p class=\"postParagraph_post-paragraph__juWZN postParagraph_post-paragraph-innerHtml__Q5vwc\" style=\"text-align: justify;\">Na peti\u00e7\u00e3o, Dallagnol sustenta que medidas determinadas pelo ministro \u2014 especialmente a intima\u00e7\u00e3o do dirigente da entidade \u2014 teriam configurado intimida\u00e7\u00e3o processual e\u00a0 viola\u00e7\u00e3o \u00e0 liberdade de express\u00e3o e de imprensa, argumento que embasa o seu pedido de instaura\u00e7\u00e3o de procedimento investigat\u00f3rio criminal.<\/p>\n<blockquote>\n<p class=\"postParagraph_post-paragraph__juWZN postParagraph_post-paragraph-innerHtml__Q5vwc\"><em>\u201cO aparato estatal n\u00e3o pode ser usado como instrumento de intimida\u00e7\u00e3o contra cr\u00edticas p\u00fablicas, escreveu na plataforma X Dellagnol, que \u00e9 colunista da\u00a0<strong>Gazeta do Povo<\/strong>. \u201cA Lei de Abuso de Autoridade \u00e9 clara: n\u00e3o se pode instaurar procedimento sem ind\u00edcio concreto de infra\u00e7\u00e3o. A lei precisa valer para todos\u201d.<\/em><\/p>\n<\/blockquote>\n<p class=\"postParagraph_post-paragraph__juWZN postParagraph_post-paragraph-innerHtml__Q5vwc\" style=\"text-align: justify;\">Cabral foi ouvido pela PF ap\u00f3s cr\u00edticas p\u00fablicas \u00e0 opera\u00e7\u00e3o que apura suspeitas de vazamento de dados sigilosos por fiscais da Receita Federal envolvendo ministros do STF e familiares, investiga\u00e7\u00e3o inserida no vasto escopo do inqu\u00e9rito aberto em 2019 e sob a relatoria de Moraes.<\/p>\n<h2 class=\"postParagraph_post-paragraph__juWZN postParagraph_post-paragraph-innerHtml__Q5vwc postParagraph_type-tag-h2__TtFkT\" style=\"text-align: justify;\">A\u00e7\u00e3o contra presidente do Unafisco amplia lista de abusos e eleva tens\u00f5es<\/h2>\n<p class=\"postParagraph_post-paragraph__juWZN postParagraph_post-paragraph-innerHtml__Q5vwc\" style=\"text-align: justify;\">O epis\u00f3dio se insere em um ambiente de tens\u00e3o recorrente entre setores pol\u00edticos e institui\u00e7\u00f5es da Rep\u00fablica, especialmente em torno dos poderes ilimitados conferidos ao relator Alexandre de Moraes na investiga\u00e7\u00e3o aberta para apurar amea\u00e7as e ataques \u00e0 Corte.<\/p>\n<p class=\"postParagraph_post-paragraph__juWZN postParagraph_post-paragraph-innerHtml__Q5vwc\" style=\"text-align: justify;\">Desde ent\u00e3o, o ministro tem sido alvo de cr\u00edticas por concentra\u00e7\u00e3o de fun\u00e7\u00f5es investigativas no Judici\u00e1rio.<\/p>\n<p class=\"postParagraph_post-paragraph__juWZN postParagraph_post-paragraph-innerHtml__Q5vwc\" style=\"text-align: justify;\">A atua\u00e7\u00e3o de Moraes em casos relacionados \u00e0 dissemina\u00e7\u00e3o de desinforma\u00e7\u00e3o e ataques institucionais transformou o ministro em figura central no embate entre Judici\u00e1rio e atores pol\u00edticos, com decis\u00f5es frequentemente contestadas por parlamentares e juristas sob o argumento de <strong>extrapola\u00e7\u00e3o de compet\u00eancias<\/strong>, enquanto defensores sustentam tratar-se de resposta necess\u00e1ria a \u201camea\u00e7as institucionais\u201d.<\/p>\n<p class=\"postParagraph_post-paragraph__juWZN postParagraph_post-paragraph-innerHtml__Q5vwc\" style=\"text-align: justify;\">No documento, Dallagnol pede a instaura\u00e7\u00e3o de procedimento investigat\u00f3rio criminal, acesso \u00e0 c\u00f3pia do inqu\u00e9rito que determinou a intima\u00e7\u00e3o de Cabral e verifica\u00e7\u00e3o do intervalo entre as declara\u00e7\u00f5es p\u00fablicas e a convoca\u00e7\u00e3o para ele depor, al\u00e9m do eventual envio do caso ao Senado caso sejam identificados elementos de crime de responsabilidade, pass\u00edvel de impeachment.<\/p>\n<p class=\"postParagraph_post-paragraph__juWZN postParagraph_post-paragraph-innerHtml__Q5vwc\" style=\"text-align: justify;\">A not\u00edcia-crime tamb\u00e9m menciona um epis\u00f3dio de 2019, quando auditores foram afastados no mesmo inqu\u00e9rito e posteriormente reintegrados, como parte do contexto apresentado \u00e0 PGR.<\/p>\n<p style=\"text-align: justify;\"><i><b>Continue em nossa companhia em:<\/b><\/i> <a href=\"http:\/\/www.mspontocom.com.br\/\"><span style=\"color: #0000ff;\"><span style=\"font-family: Comic Sans MS, cursive;\"><span style=\"font-size: small;\"><u>www.mspontocom.com.br<\/u><\/span><\/span><\/span><\/a><\/p>\n","protected":false},"excerpt":{"rendered":"<p>O ex-procurador e ex-deputado federal Deltan Dallagnol protocolou na PGR uma not\u00edcia-crime contra o ministro Alexandre de Moraes, do STF, pedindo a abertura de investiga\u00e7\u00e3o por\u00a0 abuso de autoridade no caso envolvendo o presidente da Associa\u00e7\u00e3o Nacional dos Auditores Fiscais da Receita Federal (Unafisco), Kl\u00e9ber Cabral, for\u00e7ado a depor na Pol\u00edcia Federal (PF) como investigado [&hellip;]<\/p>\n","protected":false},"author":2,"featured_media":207235,"comment_status":"open","ping_status":"open","sticky":false,"template":"","format":"standard","meta":{"_monsterinsights_skip_tracking":false,"_monsterinsights_sitenote_active":false,"_monsterinsights_sitenote_note":"","_monsterinsights_sitenote_category":0},"categories":[6,30260,2528,30259,12],"tags":[27918,23797,34258,35247,35154],"aioseo_notices":[],"_links":{"self":[{"href":"https:\/\/mspontocom.com.br\/site\/wp-json\/wp\/v2\/posts\/207234"}],"collection":[{"href":"https:\/\/mspontocom.com.br\/site\/wp-json\/wp\/v2\/posts"}],"about":[{"href":"https:\/\/mspontocom.com.br\/site\/wp-json\/wp\/v2\/types\/post"}],"author":[{"embeddable":true,"href":"https:\/\/mspontocom.com.br\/site\/wp-json\/wp\/v2\/users\/2"}],"replies":[{"embeddable":true,"href":"https:\/\/mspontocom.com.br\/site\/wp-json\/wp\/v2\/comments?post=207234"}],"version-history":[{"count":1,"href":"https:\/\/mspontocom.com.br\/site\/wp-json\/wp\/v2\/posts\/207234\/revisions"}],"predecessor-version":[{"id":207236,"href":"https:\/\/mspontocom.com.br\/site\/wp-json\/wp\/v2\/posts\/207234\/revisions\/207236"}],"wp:featuredmedia":[{"embeddable":true,"href":"https:\/\/mspontocom.com.br\/site\/wp-json\/wp\/v2\/media\/207235"}],"wp:attachment":[{"href":"https:\/\/mspontocom.com.br\/site\/wp-json\/wp\/v2\/media?parent=207234"}],"wp:term":[{"taxonomy":"category","embeddable":true,"href":"https:\/\/mspontocom.com.br\/site\/wp-json\/wp\/v2\/categories?post=207234"},{"taxonomy":"post_tag","embeddable":true,"href":"https:\/\/mspontocom.com.br\/site\/wp-json\/wp\/v2\/tags?post=207234"}],"curies":[{"name":"wp","href":"https:\/\/api.w.org\/{rel}","templated":true}]}}