{"id":207237,"date":"2026-02-23T05:13:42","date_gmt":"2026-02-23T09:13:42","guid":{"rendered":"https:\/\/mspontocom.com.br\/site\/?p=207237"},"modified":"2026-02-23T05:13:42","modified_gmt":"2026-02-23T09:13:42","slug":"vergonha-fachin-arquiva-relatorio-da-pf-sobre-toffoli","status":"publish","type":"post","link":"https:\/\/mspontocom.com.br\/site\/vergonha-fachin-arquiva-relatorio-da-pf-sobre-toffoli\/","title":{"rendered":"VERGONHA:  Fachin arquiva relat\u00f3rio da PF sobre Toffoli"},"content":{"rendered":"<div id=\"chunk-1h3gj\">\n<div class=\"mc-column content-text active-extra-styles active-capital-letter\" data-block-type=\"unstyled\" data-block-weight=\"35\" data-block-id=\"1\">\n<p class=\" content-text__container theme-color-primary-first-letter\" style=\"text-align: justify;\" data-track-category=\"Link no Texto\" data-track-links=\"\" data-mrf-recirculation=\"Mat\u00e9ria - Links no Texto\"><img loading=\"lazy\" class=\"alignnone size-large wp-image-207248\" src=\"http:\/\/mspontocom.com.br\/site\/wp-content\/uploads\/2026\/02\/site-vergonha-fachin-arquiva-relatorio-da-pf-sobre-toffoli-master-1024x1024.png\" alt=\"\" width=\"1024\" height=\"1024\" srcset=\"https:\/\/mspontocom.com.br\/site\/wp-content\/uploads\/2026\/02\/site-vergonha-fachin-arquiva-relatorio-da-pf-sobre-toffoli-master.png 1024w, https:\/\/mspontocom.com.br\/site\/wp-content\/uploads\/2026\/02\/site-vergonha-fachin-arquiva-relatorio-da-pf-sobre-toffoli-master-260x260.png 260w, https:\/\/mspontocom.com.br\/site\/wp-content\/uploads\/2026\/02\/site-vergonha-fachin-arquiva-relatorio-da-pf-sobre-toffoli-master-150x150.png 150w, https:\/\/mspontocom.com.br\/site\/wp-content\/uploads\/2026\/02\/site-vergonha-fachin-arquiva-relatorio-da-pf-sobre-toffoli-master-768x768.png 768w\" sizes=\"(max-width: 1024px) 100vw, 1024px\" \/>O ministro Dias Toffoli est\u00e1 oficialmente blindado no caso envolvendo o Banco Master: o ministro Edson Fachin, presidente do STF, arquivou neste fim de semana a suspei\u00e7\u00e3o de Tofolli no caso Master.<\/p>\n<p class=\" content-text__container theme-color-primary-first-letter\" style=\"text-align: justify;\" data-track-category=\"Link no Texto\" data-track-links=\"\" data-mrf-recirculation=\"Mat\u00e9ria - Links no Texto\">O relat\u00f3rio da Pol\u00edcia Federal de cerca de duzentas p\u00e1ginas da Pol\u00edcia Federal, considerado devastador, e que foi, entregue a Fachin em 9 de fevereiro, provocou a reuni\u00e3o do \u00faltimo dia 12 que resultou na substitui\u00e7\u00e3o de Toffoli pelo ministro Andr\u00e9 Mendon\u00e7a na relatoria do caso.<\/p>\n<\/div>\n<\/div>\n<div class=\"wall protected-content\">\n<div id=\"chunk-97rdl\">\n<div class=\"mc-column content-text active-extra-styles \" data-block-type=\"unstyled\" data-block-weight=\"41\" data-block-id=\"3\">\n<p class=\" content-text__container \" style=\"text-align: justify;\" data-track-category=\"Link no Texto\" data-track-links=\"\" data-mrf-recirculation=\"Mat\u00e9ria - Links no Texto\">O relat\u00f3rio mencionava as refer\u00eancias a Toffoli, apontadas como comprometedoras, encontradas no celular de Vorcaro.<\/p>\n<p style=\"text-align: justify;\" data-track-category=\"Link no Texto\" data-track-links=\"\" data-mrf-recirculation=\"Mat\u00e9ria - Links no Texto\">Essas men\u00e7\u00f5es estavam em mensagens trocadas entre Vorcaro e o cunhado dele, Fabiano Zettel, sobre o pagamento de um resort da fam\u00edlia de Toffoli no Paran\u00e1, o Tayay\u00e1.<\/p>\n<p><i><b>Continue em nossa companhia em:<\/b><\/i> <a href=\"http:\/\/www.mspontocom.com.br\/\"><span style=\"color: #0000ff;\"><span style=\"font-family: Comic Sans MS, cursive;\"><span style=\"font-size: small;\"><u>www.mspontocom.com.br<\/u><\/span><\/span><\/span><\/a><\/p>\n<p>Foto: IA<\/p>\n<\/div>\n<\/div>\n<\/div>\n","protected":false},"excerpt":{"rendered":"<p>O ministro Dias Toffoli est\u00e1 oficialmente blindado no caso envolvendo o Banco Master: o ministro Edson Fachin, presidente do STF, arquivou neste fim de semana a suspei\u00e7\u00e3o de Tofolli no caso Master. O relat\u00f3rio da Pol\u00edcia Federal de cerca de duzentas p\u00e1ginas da Pol\u00edcia Federal, considerado devastador, e que foi, entregue a Fachin em 9 [&hellip;]<\/p>\n","protected":false},"author":2,"featured_media":207248,"comment_status":"open","ping_status":"open","sticky":false,"template":"","format":"standard","meta":{"_monsterinsights_skip_tracking":false,"_monsterinsights_sitenote_active":false,"_monsterinsights_sitenote_note":"","_monsterinsights_sitenote_category":0},"categories":[6,30260,2528,30259,12],"tags":[26042,21908,4100,4105,6675,35400],"aioseo_notices":[],"_links":{"self":[{"href":"https:\/\/mspontocom.com.br\/site\/wp-json\/wp\/v2\/posts\/207237"}],"collection":[{"href":"https:\/\/mspontocom.com.br\/site\/wp-json\/wp\/v2\/posts"}],"about":[{"href":"https:\/\/mspontocom.com.br\/site\/wp-json\/wp\/v2\/types\/post"}],"author":[{"embeddable":true,"href":"https:\/\/mspontocom.com.br\/site\/wp-json\/wp\/v2\/users\/2"}],"replies":[{"embeddable":true,"href":"https:\/\/mspontocom.com.br\/site\/wp-json\/wp\/v2\/comments?post=207237"}],"version-history":[{"count":2,"href":"https:\/\/mspontocom.com.br\/site\/wp-json\/wp\/v2\/posts\/207237\/revisions"}],"predecessor-version":[{"id":207249,"href":"https:\/\/mspontocom.com.br\/site\/wp-json\/wp\/v2\/posts\/207237\/revisions\/207249"}],"wp:featuredmedia":[{"embeddable":true,"href":"https:\/\/mspontocom.com.br\/site\/wp-json\/wp\/v2\/media\/207248"}],"wp:attachment":[{"href":"https:\/\/mspontocom.com.br\/site\/wp-json\/wp\/v2\/media?parent=207237"}],"wp:term":[{"taxonomy":"category","embeddable":true,"href":"https:\/\/mspontocom.com.br\/site\/wp-json\/wp\/v2\/categories?post=207237"},{"taxonomy":"post_tag","embeddable":true,"href":"https:\/\/mspontocom.com.br\/site\/wp-json\/wp\/v2\/tags?post=207237"}],"curies":[{"name":"wp","href":"https:\/\/api.w.org\/{rel}","templated":true}]}}