{"id":207245,"date":"2026-02-23T05:04:20","date_gmt":"2026-02-23T09:04:20","guid":{"rendered":"https:\/\/mspontocom.com.br\/site\/?p=207245"},"modified":"2026-02-23T05:04:20","modified_gmt":"2026-02-23T09:04:20","slug":"sergio-moro-defende-prender-vorcaro-e-jogar-chave-fora","status":"publish","type":"post","link":"https:\/\/mspontocom.com.br\/site\/sergio-moro-defende-prender-vorcaro-e-jogar-chave-fora\/","title":{"rendered":"Sergio Moro defende prender Vorcaro e jogar chave fora"},"content":{"rendered":"<p style=\"text-align: justify;\"><img loading=\"lazy\" class=\"alignnone size-full wp-image-207246\" src=\"http:\/\/mspontocom.com.br\/site\/wp-content\/uploads\/2026\/02\/site-moro-preside-moro-preside.jpg\" alt=\"\" width=\"768\" height=\"512\" srcset=\"https:\/\/mspontocom.com.br\/site\/wp-content\/uploads\/2026\/02\/site-moro-preside-moro-preside.jpg 768w, https:\/\/mspontocom.com.br\/site\/wp-content\/uploads\/2026\/02\/site-moro-preside-moro-preside-260x173.jpg 260w\" sizes=\"(max-width: 768px) 100vw, 768px\" \/>O senador<strong>\u00a0S\u00e9rgio Moro<\/strong>\u00a0defendeu a\u00a0pris\u00e3o do banqueiro<strong> Daniel Vorcaro<\/strong>, em entrevista ao\u00a0SBT News, mas afirmou que \u201cainda \u00e9 cedo\u201d para considerar o\u00a0caso Master\u00a0uma nova\u00a0Lava Jato, da qual foi juiz.<\/p>\n<p style=\"text-align: justify;\">Moro integra a\u00a0CPMI do INSS, que iria ouvir depoimento de\u00a0Vorcaro\u00a0nesta semana, at\u00e9 ele desistir de ir.<\/p>\n<div class=\"body_stylesheet body_stylesheet_sbtnews\" style=\"text-align: justify;\">\n<div class=\"body_stylesheet\">\n<blockquote>\n<p data-mrf-recirculation=\"Links artigo\"><span style=\"font-size: 14pt;\"><em>\u201cEu acho que o Vorcaro tinha que estar preso. Um indiv\u00edduo que \u00e9 respons\u00e1vel por um rombo de R$ 42 bilh\u00f5es, isso s\u00f3 falando dos cr\u00e9ditos que podem ser recuperados pelo fundo garantidor. Um indiv\u00edduo desse tinha que estar preso e <strong>jogar a chave fora\u201d,<\/strong> afirmou.\u00a0<\/em><\/span><\/p>\n<\/blockquote>\n<\/div>\n<\/div>\n<div class=\"body_stylesheet body_stylesheet_sbtnews\">\n<div class=\"body_stylesheet\">\n<p style=\"text-align: justify;\" data-mrf-recirculation=\"Links artigo\">Diante das conex\u00f5es pol\u00edticas de Vorcaro, o caso Master tem sido comparado com a opera\u00e7\u00e3o Lava Jato, que em 2014 investigou pol\u00edticos, banqueiros e empres\u00e1rios sobre desvios na Petrobras.<\/p>\n<p style=\"text-align: justify;\" data-mrf-recirculation=\"Links artigo\">Apesar de ter recuperado dinheiro para os cofres p\u00fablicos, a investiga\u00e7\u00e3o teve partes anuladas pelo o STF para descondenar Lula.<\/p>\n<div class=\"body_stylesheet body_stylesheet_sbtnews\" style=\"text-align: justify;\">\n<div class=\"body_stylesheet\">\n<p data-mrf-recirculation=\"Links artigo\"><span style=\"font-size: 18pt;\"><strong>Moro atribui o rev\u00e9s da Lava Jato \u00e0 manobras pol\u00edticas.<\/strong><\/span><\/p>\n<\/div>\n<\/div>\n<div class=\"body_stylesheet body_stylesheet_sbtnews\">\n<div class=\"body_stylesheet\">\n<blockquote>\n<p data-mrf-recirculation=\"Links artigo\"><span style=\"font-size: 14pt;\"><em>\u201cNa Lava Jato, tivemos tempestade perfeita em que tinha a pol\u00edcia, Minist\u00e9rio P\u00fablico, e tamb\u00e9m o Judici\u00e1rio querendo ir a fundo na apura\u00e7\u00e3o dos fatos.Infelizmente, depois tivemos reviravolta pol\u00edtica e atrav\u00e9s de manobras processuais anularam parte dessas condena\u00e7\u00f5es.\u00a0 disse.<\/em><\/span><\/p>\n<\/blockquote>\n<p style=\"text-align: justify;\"><i><b>Continue em nossa companhia em:<\/b><\/i> <a href=\"http:\/\/www.mspontocom.com.br\/\"><span style=\"color: #0000ff;\"><span style=\"font-family: Comic Sans MS, cursive;\"><span style=\"font-size: small;\"><u>www.mspontocom.com.br<\/u><\/span><\/span><\/span><\/a><\/p>\n<\/div>\n<\/div>\n<\/div>\n<\/div>\n","protected":false},"excerpt":{"rendered":"<p>O senador\u00a0S\u00e9rgio Moro\u00a0defendeu a\u00a0pris\u00e3o do banqueiro Daniel Vorcaro, em entrevista ao\u00a0SBT News, mas afirmou que \u201cainda \u00e9 cedo\u201d para considerar o\u00a0caso Master\u00a0uma nova\u00a0Lava Jato, da qual foi juiz. Moro integra a\u00a0CPMI do INSS, que iria ouvir depoimento de\u00a0Vorcaro\u00a0nesta semana, at\u00e9 ele desistir de ir. \u201cEu acho que o Vorcaro tinha que estar preso. Um indiv\u00edduo [&hellip;]<\/p>\n","protected":false},"author":2,"featured_media":207246,"comment_status":"open","ping_status":"open","sticky":false,"template":"","format":"standard","meta":{"_monsterinsights_skip_tracking":false,"_monsterinsights_sitenote_active":false,"_monsterinsights_sitenote_note":"","_monsterinsights_sitenote_category":0},"categories":[2528,12],"tags":[24612,44259,28409,20193,44148],"aioseo_notices":[],"_links":{"self":[{"href":"https:\/\/mspontocom.com.br\/site\/wp-json\/wp\/v2\/posts\/207245"}],"collection":[{"href":"https:\/\/mspontocom.com.br\/site\/wp-json\/wp\/v2\/posts"}],"about":[{"href":"https:\/\/mspontocom.com.br\/site\/wp-json\/wp\/v2\/types\/post"}],"author":[{"embeddable":true,"href":"https:\/\/mspontocom.com.br\/site\/wp-json\/wp\/v2\/users\/2"}],"replies":[{"embeddable":true,"href":"https:\/\/mspontocom.com.br\/site\/wp-json\/wp\/v2\/comments?post=207245"}],"version-history":[{"count":1,"href":"https:\/\/mspontocom.com.br\/site\/wp-json\/wp\/v2\/posts\/207245\/revisions"}],"predecessor-version":[{"id":207247,"href":"https:\/\/mspontocom.com.br\/site\/wp-json\/wp\/v2\/posts\/207245\/revisions\/207247"}],"wp:featuredmedia":[{"embeddable":true,"href":"https:\/\/mspontocom.com.br\/site\/wp-json\/wp\/v2\/media\/207246"}],"wp:attachment":[{"href":"https:\/\/mspontocom.com.br\/site\/wp-json\/wp\/v2\/media?parent=207245"}],"wp:term":[{"taxonomy":"category","embeddable":true,"href":"https:\/\/mspontocom.com.br\/site\/wp-json\/wp\/v2\/categories?post=207245"},{"taxonomy":"post_tag","embeddable":true,"href":"https:\/\/mspontocom.com.br\/site\/wp-json\/wp\/v2\/tags?post=207245"}],"curies":[{"name":"wp","href":"https:\/\/api.w.org\/{rel}","templated":true}]}}