{"id":207272,"date":"2026-02-24T04:53:33","date_gmt":"2026-02-24T08:53:33","guid":{"rendered":"https:\/\/mspontocom.com.br\/site\/?p=207272"},"modified":"2026-02-24T04:53:33","modified_gmt":"2026-02-24T08:53:33","slug":"moro-detona-indicacoes-de-lula-ao-stf-nao-gosto-de-nenhum","status":"publish","type":"post","link":"https:\/\/mspontocom.com.br\/site\/moro-detona-indicacoes-de-lula-ao-stf-nao-gosto-de-nenhum\/","title":{"rendered":"Moro detona indica\u00e7\u00f5es de Lula ao STF: &#8220;N\u00e3o gosto de nenhum&#8221;"},"content":{"rendered":"<p style=\"text-align: justify;\"><img loading=\"lazy\" class=\"alignnone size-full wp-image-207273\" src=\"http:\/\/mspontocom.com.br\/site\/wp-content\/uploads\/2026\/02\/site-moro-critica-indicacoes-de-lula-ao-stf-nao-gosto-de-nenh-moro-lula.jpg\" alt=\"\" width=\"750\" height=\"500\" srcset=\"https:\/\/mspontocom.com.br\/site\/wp-content\/uploads\/2026\/02\/site-moro-critica-indicacoes-de-lula-ao-stf-nao-gosto-de-nenh-moro-lula.jpg 750w, https:\/\/mspontocom.com.br\/site\/wp-content\/uploads\/2026\/02\/site-moro-critica-indicacoes-de-lula-ao-stf-nao-gosto-de-nenh-moro-lula-260x173.jpg 260w\" sizes=\"(max-width: 750px) 100vw, 750px\" \/>O senador <strong>Sergio Moro<\/strong> criticou os ministros j\u00e1 indicados pelo presidente<strong> Lula<\/strong> ao Supremo Tribunal Federal<strong> (STF). <\/strong><\/p>\n<p style=\"text-align: justify;\">Ele tamb\u00e9m n\u00e3o quis antecipar qual posi\u00e7\u00e3o ir\u00e1 adotar na vota\u00e7\u00e3o que o Senado ainda marcar\u00e1 sobre a indica\u00e7\u00e3o de Jorge Messias.<\/p>\n<blockquote><p><em>\u201cN\u00e3o gosto de nenhum nome indicado pelo Lula. O Lula acertou em indica\u00e7\u00f5es no primeiro mandato dele quando se sentia seguro e indicou nomes neutros, que n\u00e3o eram petistas militantes, como foi o caso do ministro Joaquim Barbosa\u201d, disse.<\/em><\/p><\/blockquote>\n<p style=\"text-align: justify;\">Atualmente, 4 dos 10 ministros em atua\u00e7\u00e3o no STF foram indicados por Lula. S\u00e3o eles: Carmen L\u00facia, Dias Toffoli, Cristiano Zanin e Fl\u00e1vio Dino.<\/p>\n<p style=\"text-align: justify;\"><span style=\"font-size: 18pt;\"><strong>REFORMAS NO SUPREMO<\/strong><\/span><\/p>\n<p style=\"text-align: justify;\">O senador tamb\u00e9m defendeu aprova\u00e7\u00e3o de reforma no STF.<\/p>\n<p style=\"text-align: justify;\">Ele afirmou que ir\u00e1 propor uma emenda \u00e0 Constitui\u00e7\u00e3o prevendo consulta p\u00fablica sobre o desempenho dos ministros.<\/p>\n<p style=\"text-align: justify;\">A avalia\u00e7\u00e3o aconteceria uma vez a cada dez anos.<\/p>\n<p style=\"text-align: justify;\">Segundo Moro, a proposta n\u00e3o iria interferir no processo de indica\u00e7\u00e3o; mas funcionaria como um recall, para interromper a perman\u00eancia de ministros que desagradem a popula\u00e7\u00e3o.<\/p>\n<p style=\"text-align: justify;\"><i><b>Continue em nossa companhia em:<\/b><\/i> <a href=\"http:\/\/www.mspontocom.com.br\/\"><span style=\"color: #0000ff;\"><span style=\"font-family: Comic Sans MS, cursive;\"><span style=\"font-size: small;\"><u>www.mspontocom.com.br<\/u><\/span><\/span><\/span><\/a><\/p>\n<p style=\"text-align: justify;\"><em>fonte: SBT News<\/em><\/p>\n","protected":false},"excerpt":{"rendered":"<p>O senador Sergio Moro criticou os ministros j\u00e1 indicados pelo presidente Lula ao Supremo Tribunal Federal (STF). Ele tamb\u00e9m n\u00e3o quis antecipar qual posi\u00e7\u00e3o ir\u00e1 adotar na vota\u00e7\u00e3o que o Senado ainda marcar\u00e1 sobre a indica\u00e7\u00e3o de Jorge Messias. \u201cN\u00e3o gosto de nenhum nome indicado pelo Lula. O Lula acertou em indica\u00e7\u00f5es no primeiro mandato [&hellip;]<\/p>\n","protected":false},"author":2,"featured_media":207273,"comment_status":"open","ping_status":"open","sticky":false,"template":"","format":"standard","meta":{"_monsterinsights_skip_tracking":false,"_monsterinsights_sitenote_active":false,"_monsterinsights_sitenote_note":"","_monsterinsights_sitenote_category":0},"categories":[2528,12],"tags":[44263,24747,7076,22043,480,23158,3014],"aioseo_notices":[],"_links":{"self":[{"href":"https:\/\/mspontocom.com.br\/site\/wp-json\/wp\/v2\/posts\/207272"}],"collection":[{"href":"https:\/\/mspontocom.com.br\/site\/wp-json\/wp\/v2\/posts"}],"about":[{"href":"https:\/\/mspontocom.com.br\/site\/wp-json\/wp\/v2\/types\/post"}],"author":[{"embeddable":true,"href":"https:\/\/mspontocom.com.br\/site\/wp-json\/wp\/v2\/users\/2"}],"replies":[{"embeddable":true,"href":"https:\/\/mspontocom.com.br\/site\/wp-json\/wp\/v2\/comments?post=207272"}],"version-history":[{"count":1,"href":"https:\/\/mspontocom.com.br\/site\/wp-json\/wp\/v2\/posts\/207272\/revisions"}],"predecessor-version":[{"id":207274,"href":"https:\/\/mspontocom.com.br\/site\/wp-json\/wp\/v2\/posts\/207272\/revisions\/207274"}],"wp:featuredmedia":[{"embeddable":true,"href":"https:\/\/mspontocom.com.br\/site\/wp-json\/wp\/v2\/media\/207273"}],"wp:attachment":[{"href":"https:\/\/mspontocom.com.br\/site\/wp-json\/wp\/v2\/media?parent=207272"}],"wp:term":[{"taxonomy":"category","embeddable":true,"href":"https:\/\/mspontocom.com.br\/site\/wp-json\/wp\/v2\/categories?post=207272"},{"taxonomy":"post_tag","embeddable":true,"href":"https:\/\/mspontocom.com.br\/site\/wp-json\/wp\/v2\/tags?post=207272"}],"curies":[{"name":"wp","href":"https:\/\/api.w.org\/{rel}","templated":true}]}}