{"id":207344,"date":"2026-02-26T05:50:34","date_gmt":"2026-02-26T09:50:34","guid":{"rendered":"https:\/\/mspontocom.com.br\/site\/?p=207344"},"modified":"2026-02-26T05:50:34","modified_gmt":"2026-02-26T09:50:34","slug":"cpi-do-crime-organizado-aprova-convites-a-toffoli-e-moraes","status":"publish","type":"post","link":"https:\/\/mspontocom.com.br\/site\/cpi-do-crime-organizado-aprova-convites-a-toffoli-e-moraes\/","title":{"rendered":"CPI do Crime Organizado aprova convites a Toffoli e Moraes"},"content":{"rendered":"<p style=\"text-align: justify;\"><img loading=\"lazy\" class=\"alignnone size-large wp-image-207345\" src=\"http:\/\/mspontocom.com.br\/site\/wp-content\/uploads\/2026\/02\/site-cpi-do-crime-organizado-aprova-convites-a-toffoli-e-moraes-aletof-1024x683.png\" alt=\"\" width=\"1024\" height=\"683\" srcset=\"https:\/\/mspontocom.com.br\/site\/wp-content\/uploads\/2026\/02\/site-cpi-do-crime-organizado-aprova-convites-a-toffoli-e-moraes-aletof-1024x683.png 1024w, https:\/\/mspontocom.com.br\/site\/wp-content\/uploads\/2026\/02\/site-cpi-do-crime-organizado-aprova-convites-a-toffoli-e-moraes-aletof-260x173.png 260w, https:\/\/mspontocom.com.br\/site\/wp-content\/uploads\/2026\/02\/site-cpi-do-crime-organizado-aprova-convites-a-toffoli-e-moraes-aletof-768x512.png 768w, https:\/\/mspontocom.com.br\/site\/wp-content\/uploads\/2026\/02\/site-cpi-do-crime-organizado-aprova-convites-a-toffoli-e-moraes-aletof.png 1536w\" sizes=\"(max-width: 1024px) 100vw, 1024px\" \/>A <strong>CPI do Crime Organizado<\/strong> aprovou, nesta quarta-feira, 25,<strong>\u00a0convite aos ministros Dias Toffoli e Alexandre de Moraes,<\/strong>\u00a0 para prestar depoimento na comiss\u00e3o<strong>. <\/strong><\/p>\n<p style=\"text-align: justify;\">Tamb\u00e9m convocou Daniel Vorcaro, dono do Banco Master<strong>.<\/strong><\/p>\n<p>O comparecimento dos magistrados n\u00e3o \u00e9 obrigat\u00f3rio, j\u00e1 a ida do banqueiro, sim.<\/p>\n<p><main id=\"content\"><\/p>\n<div id=\"wrap\">\n<div id=\"main_content\">\n<div class=\"post-template-default single single-post postid-2108660 single-format-standard container theme-jovempan woocommerce-no-js postname-caso-master-cpi-aprova-convite-a-toffoli-e-moraes-comissao-convoca-vorcaro single-politica parent-noticias\">\n<div class=\"row position-relative\">\n<div class=\"main col-md-8\" role=\"main\">\n<article id=\"post-2108660\" class=\"post-2108660 post type-post status-publish format-standard has-post-thumbnail hentry category-politica tag-cpi tag-daniel-vorcaro tag-moraes tag-toffoli acesso-free\">\n<div class=\"context\">\n<p style=\"text-align: justify;\"><strong>Tamb\u00e9m foram aprovados convite \u00e0 mulher de Moraes,<\/strong>\u00a0a advogada Viviane Barci de Moraes, ao ministro da Casa Civil, Rui Costa, ao presidente do Banco Central, Gabriel Gal\u00edpolo, e ao ex-ministro da Fazenda Guido Mantega.<\/p>\n<p style=\"text-align: justify;\">O conjunto de medidas inclui ainda fornecimento de informa\u00e7\u00f5es sobre registro de entrada de Augusto Ferreira Lima, ex-executivo do Banco Master, no Senado.<\/p>\n<p style=\"text-align: justify;\"><strong>Jos\u00e9 Carlos Dias Toffoli e Jos\u00e9 Eug\u00eanio Dias Toffoli, irm\u00e3os de Dias Toffoli, foram convocados.<\/strong><\/p>\n<p style=\"text-align: justify;\">Houve ainda aprova\u00e7\u00e3o de pedido de quebra de sigilo fiscal Maridt Participa\u00e7\u00f5es, empresa registrada em nome deles, mas que tinha como dono verdadeiro o pr\u00f3prio ministro.<\/p>\n<h2 style=\"text-align: justify;\">Ministros do STF s\u00e3o alvos de questionamentos<\/h2>\n<p style=\"text-align: justify;\"><strong>Os ministros do STF t\u00eam sido alvo de questionamentos por v\u00ednculos com a institui\u00e7\u00e3o financeira<\/strong>.<\/p>\n<p style=\"text-align: justify;\">O escrit\u00f3rio da mulher de Moraes, a advogada Viviane Barci de Moraes, firmou contrato de <strong>R$ 129 milh\u00f5es com o Master.<\/strong><\/p>\n<p style=\"text-align: justify;\">J\u00e1\u00a0<strong>Toffoli<\/strong>, que era relator das investiga\u00e7\u00f5es da Opera\u00e7\u00e3o Compliance Zero no STF,\u00a0<strong>\u00e9 s\u00f3cio an\u00f4nimo da empresa Maridt<\/strong>, que \u00e9 dirigida por dois irm\u00e3os dele e tinha participa\u00e7\u00e3o em dois resorts da rede Tayay\u00e1.<\/p>\n<p style=\"text-align: justify;\">A empresa vendeu sua fatia no neg\u00f3cio de hospedagem no Paran\u00e1 a fundo de investimento que tinham como acionista o pastor Fabiano Zettel, cunhado e operador financeiro de Vorcaro.<\/p>\n<p style=\"text-align: justify;\"><span style=\"font-size: 18pt;\"><b>MOTIVO DO CONVITE A TOFFOLI<\/b><\/span><\/p>\n<p style=\"text-align: justify;\">Al\u00e9m dos v\u00ednculos societ\u00e1rios e econ\u00f4micos indiretos, a condu\u00e7\u00e3o do inqu\u00e9rito envolvendo o Banco Master pelo ministro Dias Toffoli foi marcada por decis\u00f5es processuais e administrativas pouco usuais em investiga\u00e7\u00f5es criminais de alta complexidade.<\/p>\n<p style=\"text-align: justify;\">Entre elas, destacam-se a avoca\u00e7\u00e3o excepcional do procedimento para o Supremo Tribunal Federal, a imposi\u00e7\u00e3o de grau m\u00e1ximo de sigilo e a centraliza\u00e7\u00e3o de atos relevantes sob a relatoria.<\/p>\n<p><strong><span style=\"font-size: 18pt;\">MOTIVO DO CONVITE A MORAES<\/span><\/strong><\/p>\n<p style=\"text-align: justify;\">J\u00e1 na justificativa para o convite a Moraes, \u00e9 citado a poss\u00edvel atua\u00e7\u00e3o do ministro em benef\u00edcio de interesses privados,\u00a0 medida necess\u00e1ria, voltada a esclarecer: a natureza das interlocu\u00e7\u00f5es realizadas; os limites entre atua\u00e7\u00e3o institucional e interesses privados; e a eventual exist\u00eancia de sobreposi\u00e7\u00e3o indevida entre fun\u00e7\u00f5es p\u00fablicas e rela\u00e7\u00f5es privadas relevantes.<\/p>\n<p><i><b>Continue em nossa companhia em:<\/b><\/i> <a href=\"http:\/\/www.mspontocom.com.br\/\"><span style=\"color: #0000ff;\"><span style=\"font-family: Comic Sans MS, cursive;\"><span style=\"font-size: small;\"><u>www.mspontocom.com.br<\/u><\/span><\/span><\/span><\/a><\/p>\n<\/div>\n<\/article>\n<\/div>\n<\/div>\n<\/div>\n<\/div>\n<\/div>\n<p><\/main><\/p>\n<section class=\"player player--am\">\n<div class=\"container\">\n<div class=\"row\"><\/div>\n<\/div>\n<\/section>\n","protected":false},"excerpt":{"rendered":"<p>A CPI do Crime Organizado aprovou, nesta quarta-feira, 25,\u00a0convite aos ministros Dias Toffoli e Alexandre de Moraes,\u00a0 para prestar depoimento na comiss\u00e3o. Tamb\u00e9m convocou Daniel Vorcaro, dono do Banco Master. O comparecimento dos magistrados n\u00e3o \u00e9 obrigat\u00f3rio, j\u00e1 a ida do banqueiro, sim. Tamb\u00e9m foram aprovados convite \u00e0 mulher de Moraes,\u00a0a advogada Viviane Barci de [&hellip;]<\/p>\n","protected":false},"author":2,"featured_media":207345,"comment_status":"open","ping_status":"open","sticky":false,"template":"","format":"standard","meta":{"_monsterinsights_skip_tracking":false,"_monsterinsights_sitenote_active":false,"_monsterinsights_sitenote_note":"","_monsterinsights_sitenote_category":0},"categories":[6,30260,2528,30259,12],"tags":[44279,4381,8236,35247,6675],"aioseo_notices":[],"_links":{"self":[{"href":"https:\/\/mspontocom.com.br\/site\/wp-json\/wp\/v2\/posts\/207344"}],"collection":[{"href":"https:\/\/mspontocom.com.br\/site\/wp-json\/wp\/v2\/posts"}],"about":[{"href":"https:\/\/mspontocom.com.br\/site\/wp-json\/wp\/v2\/types\/post"}],"author":[{"embeddable":true,"href":"https:\/\/mspontocom.com.br\/site\/wp-json\/wp\/v2\/users\/2"}],"replies":[{"embeddable":true,"href":"https:\/\/mspontocom.com.br\/site\/wp-json\/wp\/v2\/comments?post=207344"}],"version-history":[{"count":1,"href":"https:\/\/mspontocom.com.br\/site\/wp-json\/wp\/v2\/posts\/207344\/revisions"}],"predecessor-version":[{"id":207346,"href":"https:\/\/mspontocom.com.br\/site\/wp-json\/wp\/v2\/posts\/207344\/revisions\/207346"}],"wp:featuredmedia":[{"embeddable":true,"href":"https:\/\/mspontocom.com.br\/site\/wp-json\/wp\/v2\/media\/207345"}],"wp:attachment":[{"href":"https:\/\/mspontocom.com.br\/site\/wp-json\/wp\/v2\/media?parent=207344"}],"wp:term":[{"taxonomy":"category","embeddable":true,"href":"https:\/\/mspontocom.com.br\/site\/wp-json\/wp\/v2\/categories?post=207344"},{"taxonomy":"post_tag","embeddable":true,"href":"https:\/\/mspontocom.com.br\/site\/wp-json\/wp\/v2\/tags?post=207344"}],"curies":[{"name":"wp","href":"https:\/\/api.w.org\/{rel}","templated":true}]}}