{"id":207364,"date":"2026-02-27T04:52:08","date_gmt":"2026-02-27T08:52:08","guid":{"rendered":"https:\/\/mspontocom.com.br\/site\/?p=207364"},"modified":"2026-02-27T04:52:08","modified_gmt":"2026-02-27T08:52:08","slug":"governo-lula-quer-blindar-moraes-e-toffoli-na-cpi-do-crime-organizado","status":"publish","type":"post","link":"https:\/\/mspontocom.com.br\/site\/governo-lula-quer-blindar-moraes-e-toffoli-na-cpi-do-crime-organizado\/","title":{"rendered":"Governo Lula quer blindar Moraes e Toffoli na CPI do Crime Organizado"},"content":{"rendered":"<p style=\"text-align: justify;\"><img loading=\"lazy\" class=\"alignnone size-large wp-image-207366\" src=\"http:\/\/mspontocom.com.br\/site\/wp-content\/uploads\/2026\/02\/site-governo-lula-articula-para-blindar-moraes-e-toffoli-na-cpi-do-crime-organizado-lulatoffolimoraes-e1772182178480-1024x520.jpeg\" alt=\"\" width=\"1024\" height=\"520\" srcset=\"https:\/\/mspontocom.com.br\/site\/wp-content\/uploads\/2026\/02\/site-governo-lula-articula-para-blindar-moraes-e-toffoli-na-cpi-do-crime-organizado-lulatoffolimoraes-e1772182178480-1024x520.jpeg 1024w, https:\/\/mspontocom.com.br\/site\/wp-content\/uploads\/2026\/02\/site-governo-lula-articula-para-blindar-moraes-e-toffoli-na-cpi-do-crime-organizado-lulatoffolimoraes-e1772182178480-260x132.jpeg 260w, https:\/\/mspontocom.com.br\/site\/wp-content\/uploads\/2026\/02\/site-governo-lula-articula-para-blindar-moraes-e-toffoli-na-cpi-do-crime-organizado-lulatoffolimoraes-e1772182178480-768x390.jpeg 768w, https:\/\/mspontocom.com.br\/site\/wp-content\/uploads\/2026\/02\/site-governo-lula-articula-para-blindar-moraes-e-toffoli-na-cpi-do-crime-organizado-lulatoffolimoraes-e1772182178480.jpeg 1260w\" sizes=\"(max-width: 1024px) 100vw, 1024px\" \/>O Pal\u00e1cio do Planalto organizou uma ofensiva pol\u00edtica para tentar proteger os ministros <strong>Alexandre de Moraes\u00a0<\/strong>e\u00a0<strong>Dias Toffoli<\/strong>, do STF, na <strong>CPI do Crime Organizado<\/strong>.<\/p>\n<p style=\"text-align: justify;\">A informa\u00e7\u00e3o foi divulgada\u00a0 pela CNN Brasil.<\/p>\n<h2 id=\"h-ofensiva-com-21-requerimentos\" class=\"wp-block-heading\" style=\"text-align: justify;\">Ofensiva com 21 requerimentos<\/h2>\n<p style=\"text-align: justify;\">O l\u00edder do governo no Congresso, Randolfe Rodrigues (PT-AP), e o senador Jaques Wagner (PT-BA) protocolaram\u00a0 21 requerimentos direcionados a nomes ligados \u00e0 oposi\u00e7\u00e3o.<\/p>\n<p style=\"text-align: justify;\">Entre os alvos est\u00e3o o governador de S\u00e3o Paulo, <strong>Tarc\u00edsio de Freitas<\/strong>, e ex-integrantes do governo\u00a0<strong>Jair Bolsonaro<\/strong>, como Paulo Guedes, Jo\u00e3o Roma e Ronaldo Bento.<\/p>\n<p style=\"text-align: justify;\">Tamb\u00e9m est\u00e1 na lista o ex-presidente do Banco Central do Brasil, Roberto Campos Neto.<\/p>\n<p style=\"text-align: justify;\">Os pedidos incluem ainda convoca\u00e7\u00f5es dos governadores Cl\u00e1udio Castro (RJ) e Ibaneis Rocha (DF).<\/p>\n<p style=\"text-align: justify;\">A estrat\u00e9gia envolve ainda atingir o senador <strong>Fl\u00e1vio Bolsonaro<\/strong>\u00a0(PL-RJ) por meio da convoca\u00e7\u00e3o de sua ex-contadora, Let\u00edcia Caetano dos Reis.<\/p>\n<h2 id=\"h-tentativa-de-esvaziar-foco-sobre-ministros\" class=\"wp-block-heading\" style=\"text-align: justify;\">Tentativa de esvaziar foco sobre ministros<\/h2>\n<p style=\"text-align: justify;\">Segundo a CNN Brasil, a inten\u00e7\u00e3o do governo \u00e9 ampliar a pauta da comiss\u00e3o com novos requerimentos para diluir o foco da oposi\u00e7\u00e3o sobre Moraes, Toffoli e integrantes do pr\u00f3prio Executivo.<\/p>\n<p style=\"text-align: justify;\">Entre os nomes citados pela oposi\u00e7\u00e3o est\u00e1 Augusto Lima, ex-s\u00f3cio de Daniel Vorcaro, dono do Banco Master, e apontado como pr\u00f3ximo de Jaques Wagner.<\/p>\n<p style=\"text-align: justify;\"><i><b>Continue em nossa companhia em:<\/b><\/i> <a href=\"http:\/\/www.mspontocom.com.br\/\"><span style=\"color: #0000ff;\"><span style=\"font-family: Comic Sans MS, cursive;\"><span style=\"font-size: small;\"><u>www.mspontocom.com.br<\/u><\/span><\/span><\/span><\/a><\/p>\n","protected":false},"excerpt":{"rendered":"<p>O Pal\u00e1cio do Planalto organizou uma ofensiva pol\u00edtica para tentar proteger os ministros Alexandre de Moraes\u00a0e\u00a0Dias Toffoli, do STF, na CPI do Crime Organizado. A informa\u00e7\u00e3o foi divulgada\u00a0 pela CNN Brasil. Ofensiva com 21 requerimentos O l\u00edder do governo no Congresso, Randolfe Rodrigues (PT-AP), e o senador Jaques Wagner (PT-BA) protocolaram\u00a0 21 requerimentos direcionados a [&hellip;]<\/p>\n","protected":false},"author":2,"featured_media":207366,"comment_status":"open","ping_status":"open","sticky":false,"template":"","format":"standard","meta":{"_monsterinsights_skip_tracking":false,"_monsterinsights_sitenote_active":false,"_monsterinsights_sitenote_note":"","_monsterinsights_sitenote_category":0},"categories":[2528,12],"tags":[30798,4381,8236,21711,35247,6675],"aioseo_notices":[],"_links":{"self":[{"href":"https:\/\/mspontocom.com.br\/site\/wp-json\/wp\/v2\/posts\/207364"}],"collection":[{"href":"https:\/\/mspontocom.com.br\/site\/wp-json\/wp\/v2\/posts"}],"about":[{"href":"https:\/\/mspontocom.com.br\/site\/wp-json\/wp\/v2\/types\/post"}],"author":[{"embeddable":true,"href":"https:\/\/mspontocom.com.br\/site\/wp-json\/wp\/v2\/users\/2"}],"replies":[{"embeddable":true,"href":"https:\/\/mspontocom.com.br\/site\/wp-json\/wp\/v2\/comments?post=207364"}],"version-history":[{"count":2,"href":"https:\/\/mspontocom.com.br\/site\/wp-json\/wp\/v2\/posts\/207364\/revisions"}],"predecessor-version":[{"id":207367,"href":"https:\/\/mspontocom.com.br\/site\/wp-json\/wp\/v2\/posts\/207364\/revisions\/207367"}],"wp:featuredmedia":[{"embeddable":true,"href":"https:\/\/mspontocom.com.br\/site\/wp-json\/wp\/v2\/media\/207366"}],"wp:attachment":[{"href":"https:\/\/mspontocom.com.br\/site\/wp-json\/wp\/v2\/media?parent=207364"}],"wp:term":[{"taxonomy":"category","embeddable":true,"href":"https:\/\/mspontocom.com.br\/site\/wp-json\/wp\/v2\/categories?post=207364"},{"taxonomy":"post_tag","embeddable":true,"href":"https:\/\/mspontocom.com.br\/site\/wp-json\/wp\/v2\/tags?post=207364"}],"curies":[{"name":"wp","href":"https:\/\/api.w.org\/{rel}","templated":true}]}}