{"id":207438,"date":"2026-03-02T06:06:05","date_gmt":"2026-03-02T10:06:05","guid":{"rendered":"https:\/\/mspontocom.com.br\/site\/?p=207438"},"modified":"2026-03-02T06:06:05","modified_gmt":"2026-03-02T10:06:05","slug":"flavio-bolsonaro-e-moro-endurecem-penas-para-quem-matar-policial","status":"publish","type":"post","link":"https:\/\/mspontocom.com.br\/site\/flavio-bolsonaro-e-moro-endurecem-penas-para-quem-matar-policial\/","title":{"rendered":"Flavio Bolsonaro e Moro endurecem penas para quem matar policial"},"content":{"rendered":"<p style=\"text-align: justify;\"><img loading=\"lazy\" class=\"alignnone size-full wp-image-207440\" src=\"http:\/\/mspontocom.com.br\/site\/wp-content\/uploads\/2026\/03\/site-flavio-bolsonaro-e-moro-endurecem-penas-para-quem-matar-policial-flaviomoro.png\" alt=\"\" width=\"932\" height=\"699\" srcset=\"https:\/\/mspontocom.com.br\/site\/wp-content\/uploads\/2026\/03\/site-flavio-bolsonaro-e-moro-endurecem-penas-para-quem-matar-policial-flaviomoro.png 932w, https:\/\/mspontocom.com.br\/site\/wp-content\/uploads\/2026\/03\/site-flavio-bolsonaro-e-moro-endurecem-penas-para-quem-matar-policial-flaviomoro-260x195.png 260w, https:\/\/mspontocom.com.br\/site\/wp-content\/uploads\/2026\/03\/site-flavio-bolsonaro-e-moro-endurecem-penas-para-quem-matar-policial-flaviomoro-768x576.png 768w\" sizes=\"(max-width: 932px) 100vw, 932px\" \/>O Plen\u00e1rio do Senado aprovou projeto de lei que determina a transfer\u00eancia, para pres\u00eddios federais, de acusados e condenados por homic\u00eddio de policiais, agentes penitenci\u00e1rios e outros agentes de seguran\u00e7a.<\/p>\n<p style=\"text-align: justify;\">Como o projeto foi alterado no Senado, retorna agora para a C\u00e2mara dos Deputados.<\/p>\n<p style=\"text-align: justify;\">Conforme o <a href=\"https:\/\/www25.senado.leg.br\/web\/atividade\/materias\/-\/materia\/154366\" target=\"_blank\" rel=\"noopener\">PL 5.391\/2020<\/a>,\u00a0 presos provis\u00f3rios ou condenados pelo homic\u00eddio de policiais federais, rodovi\u00e1rios, ferrovi\u00e1rios, civis, militares ou penais (e tamb\u00e9m de bombeiros, agentes e autoridades das For\u00e7as Armadas ou da For\u00e7a Nacional de Seguran\u00e7a P\u00fablica) devem ser recolhidos preferencialmente em estabelecimentos penais federais.<\/p>\n<p style=\"text-align: justify;\">No Senado, a mat\u00e9ria passou pela Comiss\u00e3o de Seguran\u00e7a P\u00fablica, com relatoria do senador<strong> Fl\u00e1vio Bolsonaro<\/strong> , e pela Comiss\u00e3o de Constitui\u00e7\u00e3o e Justi\u00e7a (CCJ), com o senador <strong>Sergio Moro<\/strong>\u00a0como<strong> relator.<\/strong><\/p>\n<blockquote><p><span style=\"font-size: 14pt;\"><em>\u2014 Esse projeto manda um recado ao crime organizado: quem assassinar um policial vai cumprir a pena em penitenci\u00e1ria federal de seguran\u00e7a m\u00e1xima, 22 horas em cela individual por dia, com 2 horas de recrea\u00e7\u00e3o apenas fora da cela \u2014 disse Moro no Plen\u00e1rio.<\/em><\/span><\/p><\/blockquote>\n<h3 style=\"text-align: justify;\"><span style=\"font-size: 18pt;\"><strong>Audi\u00eancias por videoconfer\u00eancia<\/strong><\/span><\/h3>\n<p style=\"text-align: justify;\">Na CCJ, foi aprovada uma emenda de Moro para que todos os presos de estabelecimentos penais federais participem das audi\u00eancias por videoconfer\u00eancia, salvo por impossibilidade t\u00e9cnica \u2014 e n\u00e3o apenas em caso de homic\u00eddio contra profissionais de seguran\u00e7a ou militares. O objetivo \u00e9 dar economia processual, celeridade e maior seguran\u00e7a \u00e0 sociedade.<\/p>\n<p style=\"text-align: justify;\"><i><b>Continue em nossa companhia em:<\/b><\/i> <a href=\"http:\/\/www.mspontocom.com.br\/\"><span style=\"color: #0000ff;\"><span style=\"font-family: Comic Sans MS, cursive;\"><span style=\"font-size: small;\"><u>www.mspontocom.com.br<\/u><\/span><\/span><\/span><\/a><\/p>\n<p style=\"text-align: justify;\">Fonte: Ag\u00eancia Senado<\/p>\n<p style=\"text-align: justify;\">\n<p style=\"text-align: justify;\">\n","protected":false},"excerpt":{"rendered":"<p>O Plen\u00e1rio do Senado aprovou projeto de lei que determina a transfer\u00eancia, para pres\u00eddios federais, de acusados e condenados por homic\u00eddio de policiais, agentes penitenci\u00e1rios e outros agentes de seguran\u00e7a. Como o projeto foi alterado no Senado, retorna agora para a C\u00e2mara dos Deputados. Conforme o PL 5.391\/2020,\u00a0 presos provis\u00f3rios ou condenados pelo homic\u00eddio de [&hellip;]<\/p>\n","protected":false},"author":2,"featured_media":207440,"comment_status":"open","ping_status":"open","sticky":false,"template":"","format":"standard","meta":{"_monsterinsights_skip_tracking":false,"_monsterinsights_sitenote_active":false,"_monsterinsights_sitenote_note":"","_monsterinsights_sitenote_category":0},"categories":[2528,12],"tags":[44293,32992,29415,23158,7658,37872],"aioseo_notices":[],"_links":{"self":[{"href":"https:\/\/mspontocom.com.br\/site\/wp-json\/wp\/v2\/posts\/207438"}],"collection":[{"href":"https:\/\/mspontocom.com.br\/site\/wp-json\/wp\/v2\/posts"}],"about":[{"href":"https:\/\/mspontocom.com.br\/site\/wp-json\/wp\/v2\/types\/post"}],"author":[{"embeddable":true,"href":"https:\/\/mspontocom.com.br\/site\/wp-json\/wp\/v2\/users\/2"}],"replies":[{"embeddable":true,"href":"https:\/\/mspontocom.com.br\/site\/wp-json\/wp\/v2\/comments?post=207438"}],"version-history":[{"count":1,"href":"https:\/\/mspontocom.com.br\/site\/wp-json\/wp\/v2\/posts\/207438\/revisions"}],"predecessor-version":[{"id":207441,"href":"https:\/\/mspontocom.com.br\/site\/wp-json\/wp\/v2\/posts\/207438\/revisions\/207441"}],"wp:featuredmedia":[{"embeddable":true,"href":"https:\/\/mspontocom.com.br\/site\/wp-json\/wp\/v2\/media\/207440"}],"wp:attachment":[{"href":"https:\/\/mspontocom.com.br\/site\/wp-json\/wp\/v2\/media?parent=207438"}],"wp:term":[{"taxonomy":"category","embeddable":true,"href":"https:\/\/mspontocom.com.br\/site\/wp-json\/wp\/v2\/categories?post=207438"},{"taxonomy":"post_tag","embeddable":true,"href":"https:\/\/mspontocom.com.br\/site\/wp-json\/wp\/v2\/tags?post=207438"}],"curies":[{"name":"wp","href":"https:\/\/api.w.org\/{rel}","templated":true}]}}