{"id":207445,"date":"2026-03-03T05:51:16","date_gmt":"2026-03-03T09:51:16","guid":{"rendered":"https:\/\/mspontocom.com.br\/site\/?p=207445"},"modified":"2026-03-03T05:51:16","modified_gmt":"2026-03-03T09:51:16","slug":"policia-federal-quer-pedir-suspeicao-de-ministros-do-stf","status":"publish","type":"post","link":"https:\/\/mspontocom.com.br\/site\/policia-federal-quer-pedir-suspeicao-de-ministros-do-stf\/","title":{"rendered":"Pol\u00edcia Federal quer pedir suspei\u00e7\u00e3o de ministros do STF"},"content":{"rendered":"<p class=\"postParagraph_post-paragraph__juWZN postParagraph_post-paragraph-innerHtml__Q5vwc\" style=\"text-align: justify;\"><img loading=\"lazy\" class=\"alignnone size-large wp-image-207457\" src=\"http:\/\/mspontocom.com.br\/site\/wp-content\/uploads\/2026\/03\/site-policia-federal-quer-pedir-suspeicao-de-ministros-do-stf-aletof-1024x683.png\" alt=\"\" width=\"1024\" height=\"683\" srcset=\"https:\/\/mspontocom.com.br\/site\/wp-content\/uploads\/2026\/03\/site-policia-federal-quer-pedir-suspeicao-de-ministros-do-stf-aletof-1024x683.png 1024w, https:\/\/mspontocom.com.br\/site\/wp-content\/uploads\/2026\/03\/site-policia-federal-quer-pedir-suspeicao-de-ministros-do-stf-aletof-260x173.png 260w, https:\/\/mspontocom.com.br\/site\/wp-content\/uploads\/2026\/03\/site-policia-federal-quer-pedir-suspeicao-de-ministros-do-stf-aletof-768x512.png 768w, https:\/\/mspontocom.com.br\/site\/wp-content\/uploads\/2026\/03\/site-policia-federal-quer-pedir-suspeicao-de-ministros-do-stf-aletof.png 1536w\" sizes=\"(max-width: 1024px) 100vw, 1024px\" \/>Delegados da Pol\u00edcia Federal buscam autonomia legal para pedir o afastamento de ministros e ju\u00edzes sob suspeita.<\/p>\n<p class=\"postParagraph_post-paragraph__juWZN postParagraph_post-paragraph-innerHtml__Q5vwc\" style=\"text-align: justify;\">O movimento ganhou for\u00e7a ap\u00f3s revela\u00e7\u00f5es de liga\u00e7\u00f5es entre o ministro <strong>Dias Toffoli<\/strong> e o Banco Master, expondo a falta de ferramentas da pol\u00edcia para garantir a imparcialidade judicial.<\/p>\n<h2 id=\"o-que-motivou-esse-pedido-dos-delegados-da-pf\" class=\"postParagraph_post-paragraph__juWZN postParagraph_post-paragraph-innerHtml__Q5vwc postParagraph_type-tag-h2__TtFkT\" style=\"text-align: justify;\">O que motivou esse pedido dos delegados da PF?<\/h2>\n<p class=\"postParagraph_post-paragraph__juWZN postParagraph_post-paragraph-innerHtml__Q5vwc\" style=\"text-align: justify;\">O gatilho foi a investiga\u00e7\u00e3o sobre a rela\u00e7\u00e3o do ministro do STF, Dias Toffoli, com o dono do Banco Master.<\/p>\n<p class=\"postParagraph_post-paragraph__juWZN postParagraph_post-paragraph-innerHtml__Q5vwc\" style=\"text-align: justify;\">A pol\u00edcia encontrou provas de pagamentos e transa\u00e7\u00f5es comerciais, mas, por lei, os delegados n\u00e3o t\u00eam poder para pedir que um juiz seja retirado de um caso por falta de imparcialidade (a chamada suspei\u00e7\u00e3o).<\/p>\n<h2 id=\"o-que-os-delegados-alegam-para-justificar-essa-mudanca-na-lei\" class=\"postParagraph_post-paragraph__juWZN postParagraph_post-paragraph-innerHtml__Q5vwc postParagraph_type-tag-h2__TtFkT\" style=\"text-align: justify;\">O que os delegados alegam para justificar essa mudan\u00e7a na lei?<\/h2>\n<p class=\"postParagraph_post-paragraph__juWZN postParagraph_post-paragraph-innerHtml__Q5vwc\" style=\"text-align: justify;\">O presidente da associa\u00e7\u00e3o da categoria (ADPF) argumenta que, embora n\u00e3o sejam \u2018partes\u2019 no processo (como acusa\u00e7\u00e3o ou defesa), eles s\u00e3o os respons\u00e1veis por conduzir a investiga\u00e7\u00e3o.<\/p>\n<p class=\"postParagraph_post-paragraph__juWZN postParagraph_post-paragraph-innerHtml__Q5vwc\" style=\"text-align: justify;\">Para eles, n\u00e3o faz sentido a pol\u00edcia poder pedir medidas invasivas ao juiz, como quebras de sigilo, mas n\u00e3o poder recorrer se ele negar o pedido ou se houver evid\u00eancias de que o pr\u00f3prio juiz ou um promotor envolvido esteja agindo de forma parcial.<\/p>\n<h2 id=\"a-policia-federal-pode-descumprir-ordens-judiciais-que-considera-abusivas\" class=\"postParagraph_post-paragraph__juWZN postParagraph_post-paragraph-innerHtml__Q5vwc postParagraph_type-tag-h2__TtFkT\" style=\"text-align: justify;\">A Pol\u00edcia Federal pode descumprir ordens judiciais que considera abusivas?<\/h2>\n<p class=\"postParagraph_post-paragraph__juWZN postParagraph_post-paragraph-innerHtml__Q5vwc\" style=\"text-align: justify;\">Essa possibilidade \u00e9 descartada pela c\u00fapula dos delegados.<\/p>\n<p class=\"postParagraph_post-paragraph__juWZN postParagraph_post-paragraph-innerHtml__Q5vwc\" style=\"text-align: justify;\">Embora exista um inc\u00f4modo crescente com decis\u00f5es do STF em inqu\u00e9ritos comandados pelo ministro Alexandre de Moraes, a orienta\u00e7\u00e3o dentro da corpora\u00e7\u00e3o \u00e9 de obedi\u00eancia total.<\/p>\n<p class=\"postParagraph_post-paragraph__juWZN postParagraph_post-paragraph-innerHtml__Q5vwc\" style=\"text-align: justify;\">Descumprir uma ordem judicial, especialmente da Suprema Corte, \u00e9 considerado um suic\u00eddio profissional e institucional, podendo levar ao afastamento imediato do policial envolvido.<\/p>\n<p style=\"text-align: justify;\"><i><b>Continue em nossa companhia em:<\/b><\/i> <a href=\"http:\/\/www.mspontocom.com.br\/\"><span style=\"color: #0000ff;\"><span style=\"font-family: Comic Sans MS, cursive;\"><span style=\"font-size: small;\"><u>www.mspontocom.com.br<\/u><\/span><\/span><\/span><\/a><\/p>\n","protected":false},"excerpt":{"rendered":"<p>Delegados da Pol\u00edcia Federal buscam autonomia legal para pedir o afastamento de ministros e ju\u00edzes sob suspeita. O movimento ganhou for\u00e7a ap\u00f3s revela\u00e7\u00f5es de liga\u00e7\u00f5es entre o ministro Dias Toffoli e o Banco Master, expondo a falta de ferramentas da pol\u00edcia para garantir a imparcialidade judicial. O que motivou esse pedido dos delegados da PF? [&hellip;]<\/p>\n","protected":false},"author":2,"featured_media":207457,"comment_status":"open","ping_status":"open","sticky":false,"template":"","format":"standard","meta":{"_monsterinsights_skip_tracking":false,"_monsterinsights_sitenote_active":false,"_monsterinsights_sitenote_note":"","_monsterinsights_sitenote_category":0},"categories":[6,30260,2528,30259,12],"tags":[587,283,3014,29650],"aioseo_notices":[],"_links":{"self":[{"href":"https:\/\/mspontocom.com.br\/site\/wp-json\/wp\/v2\/posts\/207445"}],"collection":[{"href":"https:\/\/mspontocom.com.br\/site\/wp-json\/wp\/v2\/posts"}],"about":[{"href":"https:\/\/mspontocom.com.br\/site\/wp-json\/wp\/v2\/types\/post"}],"author":[{"embeddable":true,"href":"https:\/\/mspontocom.com.br\/site\/wp-json\/wp\/v2\/users\/2"}],"replies":[{"embeddable":true,"href":"https:\/\/mspontocom.com.br\/site\/wp-json\/wp\/v2\/comments?post=207445"}],"version-history":[{"count":2,"href":"https:\/\/mspontocom.com.br\/site\/wp-json\/wp\/v2\/posts\/207445\/revisions"}],"predecessor-version":[{"id":207458,"href":"https:\/\/mspontocom.com.br\/site\/wp-json\/wp\/v2\/posts\/207445\/revisions\/207458"}],"wp:featuredmedia":[{"embeddable":true,"href":"https:\/\/mspontocom.com.br\/site\/wp-json\/wp\/v2\/media\/207457"}],"wp:attachment":[{"href":"https:\/\/mspontocom.com.br\/site\/wp-json\/wp\/v2\/media?parent=207445"}],"wp:term":[{"taxonomy":"category","embeddable":true,"href":"https:\/\/mspontocom.com.br\/site\/wp-json\/wp\/v2\/categories?post=207445"},{"taxonomy":"post_tag","embeddable":true,"href":"https:\/\/mspontocom.com.br\/site\/wp-json\/wp\/v2\/tags?post=207445"}],"curies":[{"name":"wp","href":"https:\/\/api.w.org\/{rel}","templated":true}]}}