{"id":207451,"date":"2026-03-03T05:18:47","date_gmt":"2026-03-03T09:18:47","guid":{"rendered":"https:\/\/mspontocom.com.br\/site\/?p=207451"},"modified":"2026-03-03T05:18:47","modified_gmt":"2026-03-03T09:18:47","slug":"ira-agradece-apoio-de-lula-contra-a-guerra-com-os-eua","status":"publish","type":"post","link":"https:\/\/mspontocom.com.br\/site\/ira-agradece-apoio-de-lula-contra-a-guerra-com-os-eua\/","title":{"rendered":"Ir\u00e3 agradece apoio de Lula contra a guerra com os EUA"},"content":{"rendered":"<p style=\"text-align: justify;\"><img loading=\"lazy\" class=\"alignnone size-full wp-image-207452\" src=\"http:\/\/mspontocom.com.br\/site\/wp-content\/uploads\/2026\/03\/site-ira-agradece-apoio-de-lula-contra-a-guerra-com-os-eua-aiatola.webp\" alt=\"\" width=\"848\" height=\"477\" srcset=\"https:\/\/mspontocom.com.br\/site\/wp-content\/uploads\/2026\/03\/site-ira-agradece-apoio-de-lula-contra-a-guerra-com-os-eua-aiatola.webp 848w, https:\/\/mspontocom.com.br\/site\/wp-content\/uploads\/2026\/03\/site-ira-agradece-apoio-de-lula-contra-a-guerra-com-os-eua-aiatola-260x146.webp 260w, https:\/\/mspontocom.com.br\/site\/wp-content\/uploads\/2026\/03\/site-ira-agradece-apoio-de-lula-contra-a-guerra-com-os-eua-aiatola-768x432.webp 768w\" sizes=\"(max-width: 848px) 100vw, 848px\" \/>O embaixador do Ir\u00e3 no Brasil, Abdollah Nekounam, agradeceu nesta 2\u00aa feira o apoio do governo do presidente Lula depois dos ataques dos Estados Unidos contra o pa\u00eds \u2013que come\u00e7aram na madrugada do s\u00e1bado.<\/p>\n<p style=\"text-align: justify;\">Em entrevista a jornalistas, afirmou que a a\u00e7\u00e3o do Brasil em condenar a incurs\u00e3o \u00e9 <strong>\u201cvalorosa\u201d.<\/strong><\/p>\n<p style=\"text-align: justify;\">Em nota divulgada pelo Itamaraty no mesmo dia do ataque, <strong>o governo Lula manifestou apoio a Teer\u00e3<\/strong> e solicitou que os pa\u00edses resolvessem o conflito por vias diplom\u00e1ticas e evitassem a escalada no conflito.<\/p>\n<p style=\"text-align: justify;\">O governo brasileiro disse ainda que pediu para que \u201ctodas as partes respeitem o Direito Internacional\u201d.<\/p>\n<p style=\"text-align: justify;\">Ao ser questionado, Nekounam n\u00e3o comentou a 2\u00aa declara\u00e7\u00e3o do Itamaraty, mas disse que o pa\u00eds tem o \u201cdireito\u201d de responder \u201cna mesma altura\u201d.<\/p>\n<p><i><b>Continue em nossa companhia em:<\/b><\/i> <a href=\"http:\/\/www.mspontocom.com.br\/\"><span style=\"color: #0000ff;\"><span style=\"font-family: Comic Sans MS, cursive;\"><span style=\"font-size: small;\"><u>www.mspontocom.com.br<\/u><\/span><\/span><\/span><\/a><\/p>\n","protected":false},"excerpt":{"rendered":"<p>O embaixador do Ir\u00e3 no Brasil, Abdollah Nekounam, agradeceu nesta 2\u00aa feira o apoio do governo do presidente Lula depois dos ataques dos Estados Unidos contra o pa\u00eds \u2013que come\u00e7aram na madrugada do s\u00e1bado. Em entrevista a jornalistas, afirmou que a a\u00e7\u00e3o do Brasil em condenar a incurs\u00e3o \u00e9 \u201cvalorosa\u201d. Em nota divulgada pelo Itamaraty [&hellip;]<\/p>\n","protected":false},"author":2,"featured_media":207452,"comment_status":"open","ping_status":"open","sticky":false,"template":"","format":"standard","meta":{"_monsterinsights_skip_tracking":false,"_monsterinsights_sitenote_active":false,"_monsterinsights_sitenote_note":"","_monsterinsights_sitenote_category":0},"categories":[7,12],"tags":[28792,3546,1539,1026,299,480],"aioseo_notices":[],"_links":{"self":[{"href":"https:\/\/mspontocom.com.br\/site\/wp-json\/wp\/v2\/posts\/207451"}],"collection":[{"href":"https:\/\/mspontocom.com.br\/site\/wp-json\/wp\/v2\/posts"}],"about":[{"href":"https:\/\/mspontocom.com.br\/site\/wp-json\/wp\/v2\/types\/post"}],"author":[{"embeddable":true,"href":"https:\/\/mspontocom.com.br\/site\/wp-json\/wp\/v2\/users\/2"}],"replies":[{"embeddable":true,"href":"https:\/\/mspontocom.com.br\/site\/wp-json\/wp\/v2\/comments?post=207451"}],"version-history":[{"count":1,"href":"https:\/\/mspontocom.com.br\/site\/wp-json\/wp\/v2\/posts\/207451\/revisions"}],"predecessor-version":[{"id":207453,"href":"https:\/\/mspontocom.com.br\/site\/wp-json\/wp\/v2\/posts\/207451\/revisions\/207453"}],"wp:featuredmedia":[{"embeddable":true,"href":"https:\/\/mspontocom.com.br\/site\/wp-json\/wp\/v2\/media\/207452"}],"wp:attachment":[{"href":"https:\/\/mspontocom.com.br\/site\/wp-json\/wp\/v2\/media?parent=207451"}],"wp:term":[{"taxonomy":"category","embeddable":true,"href":"https:\/\/mspontocom.com.br\/site\/wp-json\/wp\/v2\/categories?post=207451"},{"taxonomy":"post_tag","embeddable":true,"href":"https:\/\/mspontocom.com.br\/site\/wp-json\/wp\/v2\/tags?post=207451"}],"curies":[{"name":"wp","href":"https:\/\/api.w.org\/{rel}","templated":true}]}}