{"id":207477,"date":"2026-03-03T03:53:26","date_gmt":"2026-03-03T07:53:26","guid":{"rendered":"https:\/\/mspontocom.com.br\/site\/?p=207477"},"modified":"2026-03-03T07:59:09","modified_gmt":"2026-03-03T11:59:09","slug":"ministerio-publico-do-trabalho-de-ms-cria-conta-no-kwai","status":"publish","type":"post","link":"https:\/\/mspontocom.com.br\/site\/ministerio-publico-do-trabalho-de-ms-cria-conta-no-kwai\/","title":{"rendered":"Minist\u00e9rio P\u00fablico do Trabalho de MS cria conta no Kwai"},"content":{"rendered":"<div style=\"text-align: justify;\"><img loading=\"lazy\" class=\"alignnone size-full wp-image-207478\" src=\"http:\/\/mspontocom.com.br\/site\/wp-content\/uploads\/2026\/03\/site-ministerio-publico-do-trabalho-ms-mp.png\" alt=\"\" width=\"660\" height=\"400\" srcset=\"https:\/\/mspontocom.com.br\/site\/wp-content\/uploads\/2026\/03\/site-ministerio-publico-do-trabalho-ms-mp.png 660w, https:\/\/mspontocom.com.br\/site\/wp-content\/uploads\/2026\/03\/site-ministerio-publico-do-trabalho-ms-mp-260x158.png 260w\" sizes=\"(max-width: 660px) 100vw, 660px\" \/><\/div>\n<div style=\"text-align: justify;\">O Minist\u00e9rio P\u00fablico do Trabalho em Mato Grosso do Sul (MPT-MS\u00a0 ingressou oficialmente no <b><a id=\"m_-6573212926002468859OWA3858acb9-f0a5-2d99-54ca-d27b5604ed57\" href=\"https:\/\/k.kwai.com\/u\/@MPTMS\/PAC1cxbt\" target=\"_blank\" rel=\"noopener\" data-saferedirecturl=\"https:\/\/www.google.com\/url?q=https:\/\/k.kwai.com\/u\/@MPTMS\/PAC1cxbt&amp;source=gmail&amp;ust=1772622028763000&amp;usg=AOvVaw1-s5Z6yFPtpf7-UnUC7Y-V\">Kwai<\/a><\/b>\u00a0e, somado ao perfil no\u00a0<b><a id=\"m_-6573212926002468859OWA2a8dd55c-35ed-0d62-4074-6e7eff40dc03\" href=\"https:\/\/www.instagram.com\/mpt_ms\/\" target=\"_blank\" rel=\"noopener\" data-saferedirecturl=\"https:\/\/www.google.com\/url?q=https:\/\/www.instagram.com\/mpt_ms\/&amp;source=gmail&amp;ust=1772622028763000&amp;usg=AOvVaw2s0VHkjidh3gDsqstQygwI\">Instagram<\/a><\/b>, amplia a dissemina\u00e7\u00e3o de informa\u00e7\u00f5es sobre direitos trabalhistas de forma mais acess\u00edvel \u00e0 popula\u00e7\u00e3o.<\/div>\n<div style=\"text-align: justify;\"><\/div>\n<div style=\"text-align: justify;\">O MPT tamb\u00e9m est\u00e1 presente no\u00a0<b><a id=\"m_-6573212926002468859OWAc9010e75-163a-76ad-1716-25cac0cf5846\" href=\"https:\/\/www.linkedin.com\/company\/ministerio-publico-do-trabalho\/posts\/?feedView=all\" target=\"_blank\" rel=\"noopener\" data-saferedirecturl=\"https:\/\/www.google.com\/url?q=https:\/\/www.linkedin.com\/company\/ministerio-publico-do-trabalho\/posts\/?feedView%3Dall&amp;source=gmail&amp;ust=1772622028763000&amp;usg=AOvVaw0Orzh1qq5rU9cgSclW7YRX\">LinkedIn<\/a><\/b>, no\u00a0<b><a id=\"m_-6573212926002468859OWA8f871fef-fa54-5102-4ee2-dd6c24e5b7c9\" href=\"https:\/\/www.facebook.com\/mptrabalho\/?locale=pt_BR\" target=\"_blank\" rel=\"noopener\" data-saferedirecturl=\"https:\/\/www.google.com\/url?q=https:\/\/www.facebook.com\/mptrabalho\/?locale%3Dpt_BR&amp;source=gmail&amp;ust=1772622028763000&amp;usg=AOvVaw05J9iLP5RDOQsM--z97WLv\">Facebook<\/a><\/b>\u00a0e no\u00a0<b><a id=\"m_-6573212926002468859OWA267ca12a-7860-9b49-88e7-a48a6441d6a9\" href=\"https:\/\/www.threads.com\/@mptrabalho\" target=\"_blank\" rel=\"noopener\" data-saferedirecturl=\"https:\/\/www.google.com\/url?q=https:\/\/www.threads.com\/@mptrabalho&amp;source=gmail&amp;ust=1772622028763000&amp;usg=AOvVaw2RkeNFcxDCHvV6VWFoe2JZ\">Threads<\/a><\/b>\u00a0(@mptrabalho).<\/div>\n<blockquote>\n<div><\/div>\n<div><em>\u201cUm dos nossos objetivos estrat\u00e9gicos\u00a0\u00e9 ampliar o di\u00e1logo com a sociedade, levando informa\u00e7\u00e3o clara, acess\u00edvel e de qualidade sobre direitos trabalhistas e rela\u00e7\u00f5es de trabalho mais dignas. Nosso compromisso \u00e9 fortalecer canais de escuta e orienta\u00e7\u00e3o, aproximando o MPT da popula\u00e7\u00e3o, especialmente dos jovens e das pessoas em situa\u00e7\u00e3o de maior vulnerabilidade, para que conhe\u00e7am seus direitos e possam exerc\u00ea-los plenamente\u201d, destaca a procuradora-chefe do MPT-MS, C\u00e2ndice Gabriela Arosio.\u00a0<\/em><\/div>\n<\/blockquote>\n<div style=\"text-align: justify;\">Nas redes sociais do MPT-MS s\u00e3o divulgadas as principais not\u00edcias da atua\u00e7\u00e3o da institui\u00e7\u00e3o, enquanto termos jur\u00eddicos s\u00e3o traduzidos para uma linguagem mais simples, e trabalhadores e empregadores podem entender melhor quais s\u00e3o as normas que asseguram a dignidade no trabalho.<\/div>\n<div style=\"text-align: justify;\"><\/div>\n<div>\n<p style=\"text-align: justify;\"><i><b>Continue em nossa companhia em:<\/b><\/i> <a href=\"http:\/\/www.mspontocom.com.br\/\"><span style=\"color: #0000ff;\"><span style=\"font-family: Comic Sans MS, cursive;\"><span style=\"font-size: small;\"><u>www.mspontocom.com.br<\/u><\/span><\/span><\/span><\/a><\/p>\n<\/div>\n","protected":false},"excerpt":{"rendered":"<p>O Minist\u00e9rio P\u00fablico do Trabalho em Mato Grosso do Sul (MPT-MS\u00a0 ingressou oficialmente no Kwai\u00a0e, somado ao perfil no\u00a0Instagram, amplia a dissemina\u00e7\u00e3o de informa\u00e7\u00f5es sobre direitos trabalhistas de forma mais acess\u00edvel \u00e0 popula\u00e7\u00e3o. O MPT tamb\u00e9m est\u00e1 presente no\u00a0LinkedIn, no\u00a0Facebook\u00a0e no\u00a0Threads\u00a0(@mptrabalho). \u201cUm dos nossos objetivos estrat\u00e9gicos\u00a0\u00e9 ampliar o di\u00e1logo com a sociedade, levando informa\u00e7\u00e3o clara, [&hellip;]<\/p>\n","protected":false},"author":2,"featured_media":207478,"comment_status":"open","ping_status":"open","sticky":false,"template":"","format":"standard","meta":{"_monsterinsights_skip_tracking":false,"_monsterinsights_sitenote_active":false,"_monsterinsights_sitenote_note":"","_monsterinsights_sitenote_category":0},"categories":[2528,74],"tags":[24351,44300,19127,81],"aioseo_notices":[],"_links":{"self":[{"href":"https:\/\/mspontocom.com.br\/site\/wp-json\/wp\/v2\/posts\/207477"}],"collection":[{"href":"https:\/\/mspontocom.com.br\/site\/wp-json\/wp\/v2\/posts"}],"about":[{"href":"https:\/\/mspontocom.com.br\/site\/wp-json\/wp\/v2\/types\/post"}],"author":[{"embeddable":true,"href":"https:\/\/mspontocom.com.br\/site\/wp-json\/wp\/v2\/users\/2"}],"replies":[{"embeddable":true,"href":"https:\/\/mspontocom.com.br\/site\/wp-json\/wp\/v2\/comments?post=207477"}],"version-history":[{"count":1,"href":"https:\/\/mspontocom.com.br\/site\/wp-json\/wp\/v2\/posts\/207477\/revisions"}],"predecessor-version":[{"id":207479,"href":"https:\/\/mspontocom.com.br\/site\/wp-json\/wp\/v2\/posts\/207477\/revisions\/207479"}],"wp:featuredmedia":[{"embeddable":true,"href":"https:\/\/mspontocom.com.br\/site\/wp-json\/wp\/v2\/media\/207478"}],"wp:attachment":[{"href":"https:\/\/mspontocom.com.br\/site\/wp-json\/wp\/v2\/media?parent=207477"}],"wp:term":[{"taxonomy":"category","embeddable":true,"href":"https:\/\/mspontocom.com.br\/site\/wp-json\/wp\/v2\/categories?post=207477"},{"taxonomy":"post_tag","embeddable":true,"href":"https:\/\/mspontocom.com.br\/site\/wp-json\/wp\/v2\/tags?post=207477"}],"curies":[{"name":"wp","href":"https:\/\/api.w.org\/{rel}","templated":true}]}}