{"id":207511,"date":"2026-03-05T06:00:49","date_gmt":"2026-03-05T10:00:49","guid":{"rendered":"https:\/\/mspontocom.com.br\/site\/?p=207511"},"modified":"2026-03-05T06:09:48","modified_gmt":"2026-03-05T10:09:48","slug":"pf-encontra-mensagens-de-vorcaro-mencionando-encontro-com-moraes","status":"publish","type":"post","link":"https:\/\/mspontocom.com.br\/site\/pf-encontra-mensagens-de-vorcaro-mencionando-encontro-com-moraes\/","title":{"rendered":"PF encontra mensagens de Vorcaro mencionando encontro com Moraes"},"content":{"rendered":"<p style=\"text-align: justify;\"><img loading=\"lazy\" class=\"alignnone size-large wp-image-207519\" src=\"http:\/\/mspontocom.com.br\/site\/wp-content\/uploads\/2026\/03\/site-pf-encontra-mensagens-de-vorcaro-mencionando-encontro-com-alexandre-moraes-alemaster-1024x614.jpeg\" alt=\"\" width=\"1024\" height=\"614\" srcset=\"https:\/\/mspontocom.com.br\/site\/wp-content\/uploads\/2026\/03\/site-pf-encontra-mensagens-de-vorcaro-mencionando-encontro-com-alexandre-moraes-alemaster-1024x614.jpeg 1024w, https:\/\/mspontocom.com.br\/site\/wp-content\/uploads\/2026\/03\/site-pf-encontra-mensagens-de-vorcaro-mencionando-encontro-com-alexandre-moraes-alemaster-260x156.jpeg 260w, https:\/\/mspontocom.com.br\/site\/wp-content\/uploads\/2026\/03\/site-pf-encontra-mensagens-de-vorcaro-mencionando-encontro-com-alexandre-moraes-alemaster-768x461.jpeg 768w, https:\/\/mspontocom.com.br\/site\/wp-content\/uploads\/2026\/03\/site-pf-encontra-mensagens-de-vorcaro-mencionando-encontro-com-alexandre-moraes-alemaster-1536x922.jpeg 1536w, https:\/\/mspontocom.com.br\/site\/wp-content\/uploads\/2026\/03\/site-pf-encontra-mensagens-de-vorcaro-mencionando-encontro-com-alexandre-moraes-alemaster.jpeg 1600w\" sizes=\"(max-width: 1024px) 100vw, 1024px\" \/>Mensagens interceptadas pela Pol\u00edcia Federal\u00a0no celular do empres\u00e1rio\u00a0<strong>Daniel Vorcaro<\/strong>\u00a0indicam que ele relatou ter se encontrado com uma pessoa chamada\u00a0<strong>\u201calexandre moraes\u201d<\/strong>.<\/p>\n<p style=\"text-align: justify;\">O conte\u00fado foi revelado\u00a0 pelo portal <strong>Metr\u00f3poles<\/strong>\u00a0e integra material analisado na investiga\u00e7\u00e3o da\u00a0<strong>Opera\u00e7\u00e3o Compliance Zero<\/strong>.<\/p>\n<p style=\"text-align: justify;\">Vorcaro, ex-controlador do\u00a0<strong>Banco Master<\/strong>, foi preso durante nova fase da opera\u00e7\u00e3o que apura fraudes bilion\u00e1rias, corrup\u00e7\u00e3o, lavagem de dinheiro, invas\u00e3o de dispositivos inform\u00e1ticos e amea\u00e7as.<\/p>\n<h2 id=\"h-conversa-foi-enviada-a-entao-noiva\" class=\"wp-block-heading\" style=\"text-align: justify;\">Conversa foi enviada \u00e0 ent\u00e3o noiva<\/h2>\n<p style=\"text-align: justify;\">De acordo com as mensagens obtidas pelos investigadores, Vorcaro mencionou o encontro em uma conversa com sua ent\u00e3o noiva,\u00a0Martha Graeff.<\/p>\n<p style=\"text-align: justify;\">A mensagem foi enviada \u00e0s\u00a0<strong>17h22 do dia 19 de abril de 2025<\/strong>.<\/p>\n<p style=\"text-align: justify;\">\u201c<strong>To indo encontrar alexandre moraes aqui perto de casa<\/strong>\u201d, escreveu o empres\u00e1rio.<\/p>\n<p style=\"text-align: justify;\">Surpresa com a informa\u00e7\u00e3o, Martha respondeu perguntando sobre o encontro.<\/p>\n<p style=\"text-align: justify;\">\u201c<strong>Como assim amor \/ Ele est\u00e1 em Campos???? \/ Ou foi pra te ver?<\/strong>\u201d<\/p>\n<p style=\"text-align: justify;\">Vorcaro ent\u00e3o respondeu:<\/p>\n<p style=\"text-align: justify;\">\u201c<strong>Ele ta passando feriado<\/strong>\u201d.<\/p>\n<h2 id=\"h-nova-conversa-ocorreu-dez-dias-depois\" class=\"wp-block-heading\" style=\"text-align: justify;\">Nova conversa ocorreu dez dias depois<\/h2>\n<p style=\"text-align: justify;\">Dez dias ap\u00f3s a troca de mensagens, em\u00a0<strong>29 de abril<\/strong>, houve outro di\u00e1logo entre os dois.<\/p>\n<p style=\"text-align: justify;\">\u00c0s\u00a0<strong>22h48<\/strong>, Vorcaro disse \u00e0 noiva:<\/p>\n<p style=\"text-align: justify;\">\u201c<strong>to aqui nossa casa<\/strong>\u201d.<\/p>\n<p style=\"text-align: justify;\">Em seguida, realizou uma\u00a0<strong>videochamada<\/strong>\u00a0com Martha Graeff. A liga\u00e7\u00e3o teve dura\u00e7\u00e3o de\u00a0<strong>dois minutos<\/strong>.<\/p>\n<p style=\"text-align: justify;\">Ap\u00f3s o t\u00e9rmino da chamada, ela perguntou:<\/p>\n<p style=\"text-align: justify;\">\u201c<strong>Quem era o primeiro cara?<\/strong>\u201d<\/p>\n<p style=\"text-align: justify;\">Vorcaro respondeu:<\/p>\n<p style=\"text-align: justify;\">\u201c<strong>Alexandre Moraes<\/strong>\u201d.<\/p>\n<h2 id=\"h-comentarios-sobre-visita-a-casa\" class=\"wp-block-heading\" style=\"text-align: justify;\">Coment\u00e1rios sobre visita \u00e0 casa<\/h2>\n<p style=\"text-align: justify;\">A conversa prosseguiu com coment\u00e1rios sobre a visita \u00e0 resid\u00eancia.<\/p>\n<p style=\"text-align: justify;\">\u201c<strong>Morri<\/strong>\u201d, escreveu Martha.<br \/>\n\u201c<strong>Ele gostou da casa amor!?? \/ T\u00e1 muito mais astral<\/strong>\u201d.<\/p>\n<p style=\"text-align: justify;\">Vorcaro respondeu:<\/p>\n<p style=\"text-align: justify;\">\u201c<strong>Sin \/ Falou que e bem melhor \/ E ele adorava apto<\/strong>\u201d.<\/p>\n<p style=\"text-align: justify;\">Em tom de brincadeira, Martha finalizou:<\/p>\n<p style=\"text-align: justify;\">\u201c<strong>Falou pra te agradar \/ Que vergonha eu tava de pijama<\/strong>\u201d.<\/p>\n<h2 id=\"h-nao-ha-confirmacao-sobre-a-identidade-mencionada\" class=\"wp-block-heading\" style=\"text-align: justify;\">N\u00e3o h\u00e1 confirma\u00e7\u00e3o sobre a identidade mencionada<\/h2>\n<p style=\"text-align: justify;\">Apesar da men\u00e7\u00e3o ao nome\u00a0<strong>\u201calexandre moraes\u201d<\/strong>, n\u00e3o h\u00e1 confirma\u00e7\u00e3o de que se trate do ministro\u00a0<strong>Alexandre de Moraes<\/strong>, do <strong>STF<\/strong>.<\/p>\n<p style=\"text-align: justify;\">Entretanto, a investiga\u00e7\u00e3o cita que\u00a0<strong>Viviane Barci de Moraes<\/strong>, esposa do ministro e advogada, mantinha um\u00a0<strong>contrato de R$ 129 milh\u00f5es com o Banco Master<\/strong>.<\/p>\n<p style=\"text-align: justify;\"><i><b>Continue em nossa companhia em:<\/b><\/i> <a href=\"http:\/\/www.mspontocom.com.br\/\"><span style=\"color: #0000ff;\"><span style=\"font-family: Comic Sans MS, cursive;\"><span style=\"font-size: small;\"><u>www.mspontocom.com.br<\/u><\/span><\/span><\/span><\/a><\/p>\n","protected":false},"excerpt":{"rendered":"<p>Mensagens interceptadas pela Pol\u00edcia Federal\u00a0no celular do empres\u00e1rio\u00a0Daniel Vorcaro\u00a0indicam que ele relatou ter se encontrado com uma pessoa chamada\u00a0\u201calexandre moraes\u201d. O conte\u00fado foi revelado\u00a0 pelo portal Metr\u00f3poles\u00a0e integra material analisado na investiga\u00e7\u00e3o da\u00a0Opera\u00e7\u00e3o Compliance Zero. Vorcaro, ex-controlador do\u00a0Banco Master, foi preso durante nova fase da opera\u00e7\u00e3o que apura fraudes bilion\u00e1rias, corrup\u00e7\u00e3o, lavagem de dinheiro, invas\u00e3o [&hellip;]<\/p>\n","protected":false},"author":2,"featured_media":207519,"comment_status":"open","ping_status":"open","sticky":false,"template":"","format":"standard","meta":{"_monsterinsights_skip_tracking":false,"_monsterinsights_sitenote_active":false,"_monsterinsights_sitenote_note":"","_monsterinsights_sitenote_category":0},"categories":[6,30260,2528,30259,12],"tags":[4536,3989,35247,4100,44148],"aioseo_notices":[],"_links":{"self":[{"href":"https:\/\/mspontocom.com.br\/site\/wp-json\/wp\/v2\/posts\/207511"}],"collection":[{"href":"https:\/\/mspontocom.com.br\/site\/wp-json\/wp\/v2\/posts"}],"about":[{"href":"https:\/\/mspontocom.com.br\/site\/wp-json\/wp\/v2\/types\/post"}],"author":[{"embeddable":true,"href":"https:\/\/mspontocom.com.br\/site\/wp-json\/wp\/v2\/users\/2"}],"replies":[{"embeddable":true,"href":"https:\/\/mspontocom.com.br\/site\/wp-json\/wp\/v2\/comments?post=207511"}],"version-history":[{"count":2,"href":"https:\/\/mspontocom.com.br\/site\/wp-json\/wp\/v2\/posts\/207511\/revisions"}],"predecessor-version":[{"id":207520,"href":"https:\/\/mspontocom.com.br\/site\/wp-json\/wp\/v2\/posts\/207511\/revisions\/207520"}],"wp:featuredmedia":[{"embeddable":true,"href":"https:\/\/mspontocom.com.br\/site\/wp-json\/wp\/v2\/media\/207519"}],"wp:attachment":[{"href":"https:\/\/mspontocom.com.br\/site\/wp-json\/wp\/v2\/media?parent=207511"}],"wp:term":[{"taxonomy":"category","embeddable":true,"href":"https:\/\/mspontocom.com.br\/site\/wp-json\/wp\/v2\/categories?post=207511"},{"taxonomy":"post_tag","embeddable":true,"href":"https:\/\/mspontocom.com.br\/site\/wp-json\/wp\/v2\/tags?post=207511"}],"curies":[{"name":"wp","href":"https:\/\/api.w.org\/{rel}","templated":true}]}}