{"id":207541,"date":"2026-03-06T05:40:15","date_gmt":"2026-03-06T09:40:15","guid":{"rendered":"https:\/\/mspontocom.com.br\/site\/?p=207541"},"modified":"2026-03-06T05:40:15","modified_gmt":"2026-03-06T09:40:15","slug":"dia-da-prisao-vorcaro-mandava-em-moraes-conseguiu-bloquear","status":"publish","type":"post","link":"https:\/\/mspontocom.com.br\/site\/dia-da-prisao-vorcaro-mandava-em-moraes-conseguiu-bloquear\/","title":{"rendered":"Dia da Pris\u00e3o: Vorcaro mandava em Moraes: conseguiu bloquear?"},"content":{"rendered":"<p style=\"text-align: justify;\"><img loading=\"lazy\" class=\"alignnone size-large wp-image-207553\" src=\"http:\/\/mspontocom.com.br\/site\/wp-content\/uploads\/2026\/03\/site-vorcaro-mandava-em-moraes-conseguiu-bloquear-alevorcaro-1024x683.webp\" alt=\"\" width=\"1024\" height=\"683\" srcset=\"https:\/\/mspontocom.com.br\/site\/wp-content\/uploads\/2026\/03\/site-vorcaro-mandava-em-moraes-conseguiu-bloquear-alevorcaro-1024x683.webp 1024w, https:\/\/mspontocom.com.br\/site\/wp-content\/uploads\/2026\/03\/site-vorcaro-mandava-em-moraes-conseguiu-bloquear-alevorcaro-260x173.webp 260w, https:\/\/mspontocom.com.br\/site\/wp-content\/uploads\/2026\/03\/site-vorcaro-mandava-em-moraes-conseguiu-bloquear-alevorcaro-768x512.webp 768w, https:\/\/mspontocom.com.br\/site\/wp-content\/uploads\/2026\/03\/site-vorcaro-mandava-em-moraes-conseguiu-bloquear-alevorcaro.webp 1200w\" sizes=\"(max-width: 1024px) 100vw, 1024px\" \/>No mesmo dia em que foi preso pela Pol\u00edcia Federal,. no \u00e2mbito da Opera\u00e7\u00e3o Compliance Zero, o banqueiro <strong>Daniel Vorcaro<\/strong> enviou mensagem de celular ao ministro do STF <strong>Alexandre de Moraes<\/strong> na qual perguntava: <span style=\"font-size: 18pt;\"><strong>\u201cConseguiu bloquear?\u201d. <\/strong><\/span><\/p>\n<p style=\"text-align: justify;\">A mensagem foi encontrada no celular apreendido naquela primeira fase da opera\u00e7\u00e3o.<\/p>\n<p style=\"text-align: justify;\">Segundo o jornal\u00a0<strong><em>O Globo<\/em>,<\/strong> que divulgou a informa\u00e7\u00e3o, o celular de Vorcaro foi analisado no curso das investiga\u00e7\u00f5es conduzidas pela Pol\u00edcia Federal.<\/p>\n<p style=\"text-align: justify;\">As mensagens teriam sido identificadas no material extra\u00eddo do dispositivo.<\/p>\n<p style=\"text-align: justify;\">Procurado pelo jornal, o ministro Alexandre de Moraes \u00f3bviamente afirmou n\u00e3o ter mantido qualquer conversa com Vorcaro.<\/p>\n<p style=\"text-align: justify;\"><i><b>Continue em nossa companhia em:<\/b><\/i> <a href=\"http:\/\/www.mspontocom.com.br\/\"><span style=\"color: #0000ff;\"><span style=\"font-family: Comic Sans MS, cursive;\"><span style=\"font-size: small;\"><u>www.mspontocom.com.br<\/u><\/span><\/span><\/span><\/a><\/p>\n","protected":false},"excerpt":{"rendered":"<p>No mesmo dia em que foi preso pela Pol\u00edcia Federal,. no \u00e2mbito da Opera\u00e7\u00e3o Compliance Zero, o banqueiro Daniel Vorcaro enviou mensagem de celular ao ministro do STF Alexandre de Moraes na qual perguntava: \u201cConseguiu bloquear?\u201d. A mensagem foi encontrada no celular apreendido naquela primeira fase da opera\u00e7\u00e3o. Segundo o jornal\u00a0O Globo, que divulgou a [&hellip;]<\/p>\n","protected":false},"author":2,"featured_media":207553,"comment_status":"open","ping_status":"open","sticky":false,"template":"","format":"standard","meta":{"_monsterinsights_skip_tracking":false,"_monsterinsights_sitenote_active":false,"_monsterinsights_sitenote_note":"","_monsterinsights_sitenote_category":0},"categories":[6,30260,2528,30259,12],"tags":[44323,44321,44322,35247,44148],"aioseo_notices":[],"_links":{"self":[{"href":"https:\/\/mspontocom.com.br\/site\/wp-json\/wp\/v2\/posts\/207541"}],"collection":[{"href":"https:\/\/mspontocom.com.br\/site\/wp-json\/wp\/v2\/posts"}],"about":[{"href":"https:\/\/mspontocom.com.br\/site\/wp-json\/wp\/v2\/types\/post"}],"author":[{"embeddable":true,"href":"https:\/\/mspontocom.com.br\/site\/wp-json\/wp\/v2\/users\/2"}],"replies":[{"embeddable":true,"href":"https:\/\/mspontocom.com.br\/site\/wp-json\/wp\/v2\/comments?post=207541"}],"version-history":[{"count":2,"href":"https:\/\/mspontocom.com.br\/site\/wp-json\/wp\/v2\/posts\/207541\/revisions"}],"predecessor-version":[{"id":207554,"href":"https:\/\/mspontocom.com.br\/site\/wp-json\/wp\/v2\/posts\/207541\/revisions\/207554"}],"wp:featuredmedia":[{"embeddable":true,"href":"https:\/\/mspontocom.com.br\/site\/wp-json\/wp\/v2\/media\/207553"}],"wp:attachment":[{"href":"https:\/\/mspontocom.com.br\/site\/wp-json\/wp\/v2\/media?parent=207541"}],"wp:term":[{"taxonomy":"category","embeddable":true,"href":"https:\/\/mspontocom.com.br\/site\/wp-json\/wp\/v2\/categories?post=207541"},{"taxonomy":"post_tag","embeddable":true,"href":"https:\/\/mspontocom.com.br\/site\/wp-json\/wp\/v2\/tags?post=207541"}],"curies":[{"name":"wp","href":"https:\/\/api.w.org\/{rel}","templated":true}]}}