{"id":207549,"date":"2026-03-06T05:22:06","date_gmt":"2026-03-06T09:22:06","guid":{"rendered":"https:\/\/mspontocom.com.br\/site\/?p=207549"},"modified":"2026-03-06T05:22:06","modified_gmt":"2026-03-06T09:22:06","slug":"moro-ato-de-dino-sobre-lulinha-nao-tem-consistencia-juridica","status":"publish","type":"post","link":"https:\/\/mspontocom.com.br\/site\/moro-ato-de-dino-sobre-lulinha-nao-tem-consistencia-juridica\/","title":{"rendered":"Moro: \u201cAto de Dino sobre Lulinha n\u00e3o tem consist\u00eancia jur\u00eddica\u201d"},"content":{"rendered":"<p style=\"text-align: justify;\"><img loading=\"lazy\" class=\"alignnone size-full wp-image-207550\" src=\"http:\/\/mspontocom.com.br\/site\/wp-content\/uploads\/2026\/03\/site-moro-ato-de-dino-sobre-lulinha-nao-tem-consistencia-juridica-flavi-dino-sergio-moro-848x477-1.webp\" alt=\"\" width=\"848\" height=\"477\" srcset=\"https:\/\/mspontocom.com.br\/site\/wp-content\/uploads\/2026\/03\/site-moro-ato-de-dino-sobre-lulinha-nao-tem-consistencia-juridica-flavi-dino-sergio-moro-848x477-1.webp 848w, https:\/\/mspontocom.com.br\/site\/wp-content\/uploads\/2026\/03\/site-moro-ato-de-dino-sobre-lulinha-nao-tem-consistencia-juridica-flavi-dino-sergio-moro-848x477-1-260x146.webp 260w, https:\/\/mspontocom.com.br\/site\/wp-content\/uploads\/2026\/03\/site-moro-ato-de-dino-sobre-lulinha-nao-tem-consistencia-juridica-flavi-dino-sergio-moro-848x477-1-768x432.webp 768w\" sizes=\"(max-width: 848px) 100vw, 848px\" \/>O senador <strong>Sergio Moro<\/strong> (Uni\u00e3o Brasil) criticou\u00a0 a\u00a0 decis\u00e3o do ministro <strong>Fl\u00e1vio Dino<\/strong>, do Supremo Tribunal Federal (STF), que suspendeu as quebras dos sigilos banc\u00e1rio e fiscal de F\u00e1bio Lu\u00eds Lula da Silva, o\u00a0<strong>Lulinha<\/strong>, e de outros investigados no \u00e2mbito da CPMI do INSS.<\/p>\n<p style=\"text-align: justify;\">Em postagem no X, Moro explicou que a medida<em>\u00a0\u201cn\u00e3o tem consist\u00eancia jur\u00eddica\u201d<\/em>, e trata-se de uma interfer\u00eancia na atua\u00e7\u00e3o do Congresso.<\/p>\n<blockquote><p><span style=\"font-size: 14pt;\"><em>\u00a0&#8220;A decis\u00e3o do Min Dino que beneficia Lulinha n\u00e3o tem consist\u00eancia jur\u00eddica&#8221;., afirmou<\/em><\/span><\/p><\/blockquote>\n<p style=\"text-align: justify;\">Na quarta-feira, 4, Dino j\u00e1 havia proferido uma senten\u00e7a anulando a quebra dos sigilos da empres\u00e1ria Roberta Luchsinger, amiga de Lulinha.<\/p>\n<p style=\"text-align: justify;\">A nova decis\u00e3o tamb\u00e9m abrange outras seis pessoas, cujos nomes est\u00e3o protegidos por segredo de Justi\u00e7a.<\/p>\n<p style=\"text-align: justify;\"><i><b>Continue em nossa companhia em:<\/b><\/i> <a href=\"http:\/\/www.mspontocom.com.br\/\"><span style=\"color: #0000ff;\"><span style=\"font-family: Comic Sans MS, cursive;\"><span style=\"font-size: small;\"><u>www.mspontocom.com.br<\/u><\/span><\/span><\/span><\/a><\/p>\n","protected":false},"excerpt":{"rendered":"<p>O senador Sergio Moro (Uni\u00e3o Brasil) criticou\u00a0 a\u00a0 decis\u00e3o do ministro Fl\u00e1vio Dino, do Supremo Tribunal Federal (STF), que suspendeu as quebras dos sigilos banc\u00e1rio e fiscal de F\u00e1bio Lu\u00eds Lula da Silva, o\u00a0Lulinha, e de outros investigados no \u00e2mbito da CPMI do INSS. Em postagem no X, Moro explicou que a medida\u00a0\u201cn\u00e3o tem consist\u00eancia [&hellip;]<\/p>\n","protected":false},"author":2,"featured_media":207550,"comment_status":"open","ping_status":"open","sticky":false,"template":"","format":"standard","meta":{"_monsterinsights_skip_tracking":false,"_monsterinsights_sitenote_active":false,"_monsterinsights_sitenote_note":"","_monsterinsights_sitenote_category":0},"categories":[2528,12],"tags":[24864,38991,22734,23158,44320],"aioseo_notices":[],"_links":{"self":[{"href":"https:\/\/mspontocom.com.br\/site\/wp-json\/wp\/v2\/posts\/207549"}],"collection":[{"href":"https:\/\/mspontocom.com.br\/site\/wp-json\/wp\/v2\/posts"}],"about":[{"href":"https:\/\/mspontocom.com.br\/site\/wp-json\/wp\/v2\/types\/post"}],"author":[{"embeddable":true,"href":"https:\/\/mspontocom.com.br\/site\/wp-json\/wp\/v2\/users\/2"}],"replies":[{"embeddable":true,"href":"https:\/\/mspontocom.com.br\/site\/wp-json\/wp\/v2\/comments?post=207549"}],"version-history":[{"count":1,"href":"https:\/\/mspontocom.com.br\/site\/wp-json\/wp\/v2\/posts\/207549\/revisions"}],"predecessor-version":[{"id":207551,"href":"https:\/\/mspontocom.com.br\/site\/wp-json\/wp\/v2\/posts\/207549\/revisions\/207551"}],"wp:featuredmedia":[{"embeddable":true,"href":"https:\/\/mspontocom.com.br\/site\/wp-json\/wp\/v2\/media\/207550"}],"wp:attachment":[{"href":"https:\/\/mspontocom.com.br\/site\/wp-json\/wp\/v2\/media?parent=207549"}],"wp:term":[{"taxonomy":"category","embeddable":true,"href":"https:\/\/mspontocom.com.br\/site\/wp-json\/wp\/v2\/categories?post=207549"},{"taxonomy":"post_tag","embeddable":true,"href":"https:\/\/mspontocom.com.br\/site\/wp-json\/wp\/v2\/tags?post=207549"}],"curies":[{"name":"wp","href":"https:\/\/api.w.org\/{rel}","templated":true}]}}