{"id":207575,"date":"2026-03-07T05:50:31","date_gmt":"2026-03-07T09:50:31","guid":{"rendered":"https:\/\/mspontocom.com.br\/site\/?p=207575"},"modified":"2026-03-07T06:24:10","modified_gmt":"2026-03-07T10:24:10","slug":"oposicao-pede-prisao-de-moraes-o-stf-esta-esfarelado","status":"publish","type":"post","link":"https:\/\/mspontocom.com.br\/site\/oposicao-pede-prisao-de-moraes-o-stf-esta-esfarelado\/","title":{"rendered":"Oposi\u00e7\u00e3o pede pris\u00e3o de Moraes. O STF est\u00e1 esfarelado"},"content":{"rendered":"<p style=\"text-align: justify;\"><img loading=\"lazy\" class=\"alignnone size-full wp-image-207587\" src=\"http:\/\/mspontocom.com.br\/site\/wp-content\/uploads\/2026\/03\/site-oposicao-pede-prisao-de-moraes-o-stf-esta-esfarelado-alexandre-moraes-660x372-1.jpeg\" alt=\"\" width=\"660\" height=\"372\" srcset=\"https:\/\/mspontocom.com.br\/site\/wp-content\/uploads\/2026\/03\/site-oposicao-pede-prisao-de-moraes-o-stf-esta-esfarelado-alexandre-moraes-660x372-1.jpeg 660w, https:\/\/mspontocom.com.br\/site\/wp-content\/uploads\/2026\/03\/site-oposicao-pede-prisao-de-moraes-o-stf-esta-esfarelado-alexandre-moraes-660x372-1-260x147.jpeg 260w\" sizes=\"(max-width: 660px) 100vw, 660px\" \/>Parlamentares da oposi\u00e7\u00e3o ao presidente Lula pedem a <span style=\"font-size: 14pt;\"><strong>pris\u00e3o<\/strong><\/span> do ministro do\u00a0 STF <span style=\"font-size: 14pt;\"><strong>Alexandre de Moraes<\/strong><\/span>, ap\u00f3s a revela\u00e7\u00e3o de que o banqueiro <strong>Daniel Vorcaro<\/strong> trocou mensagens com o magistrado no dia em que ele seria preso pela Pol\u00edcia Federal pela primeira vez, em novembro de 2025.<\/p>\n<blockquote><p><span style=\"font-size: 14pt;\"><em>&#8220;Por muito menos o Alexandre de Moraes j\u00e1 teria prendido o Alexandre de Moraes. Esse cara precisa sair do STF. N\u00e3o \u00e9 impeachment, n\u00e3o, ele precisa ir direto para a pris\u00e3o&#8221;. disse o deputado <strong>Nikolas Ferreira<\/strong> (PL-MG).<\/em><\/span><\/p><\/blockquote>\n<p style=\"text-align: justify;\">J\u00e1 o l\u00edder da minoria na C\u00e2mara, <strong>Gustavo Gayer<\/strong> (PL-GO), criticou o fato de que n\u00e3o h\u00e1, at\u00e9 o momento, conhecimento de troca de mensagens entre Vorcaro e a advogada Viviane Barci de Moraes, mulher do ministro, nas mensagens extra\u00eddas pela Pol\u00edcia Federal no celular do banqueiro.<\/p>\n<p style=\"text-align: justify;\">O jornal O Globo revelou um contrato de R$ 129 milh\u00f5es entre o banco e o escrit\u00f3rio de Viviane Barci.<\/p>\n<blockquote><p><span style=\"font-size: 14pt;\"><em>&#8220;O mais impressionante disso tudo \u00e9 que Vorcaro pagava R$ 3,6 milh\u00f5es para a esposa do Moraes por m\u00eas, mas n\u00e3o ligou ou trocou mensagem com ela nem uma vez&#8221;, afirmou o parlamentar.<\/em><\/span><\/p><\/blockquote>\n<p style=\"text-align: justify;\">Dados extra\u00eddos do celular de Vorcaro revelam que ele prestava contas a Moraes sobre as negocia\u00e7\u00f5es de venda do banco e sugerem di\u00e1logos a respeito do inqu\u00e9rito sigiloso que tramitava na Justi\u00e7a Federal de Bras\u00edlia<\/p>\n<p style=\"text-align: justify;\">Para o l\u00edder da oposi\u00e7\u00e3o na C\u00e2mara,<strong> Cabo Gilberto Silva<\/strong> (PL-PB), a situa\u00e7\u00e3o de Moraes \u00e9 &#8220;insustent\u00e1vel&#8221;.<\/p>\n<blockquote><p><span style=\"font-size: 14pt;\"><em>&#8220;Com essas provas, a situa\u00e7\u00e3o do ministro Alexandre de Moraes, o ditador da toga, fica insustent\u00e1vel&#8221;, disse o deputado. &#8220;Congresso Nacional, PGR, Suprema Corte, voc\u00eas t\u00eam que fazer o seu papel urgentemente.&#8221;<\/em><\/span><\/p><\/blockquote>\n<p style=\"text-align: justify;\">O senador <strong>Eduardo Gir\u00e3o<\/strong> (CE) disse que o partido estuda rea\u00e7\u00f5es institucionais.<\/p>\n<blockquote><p><span style=\"font-size: 14pt;\"><em> &#8220;S\u00f3 falta dizer que as diversas mensagens tempor\u00e1rias apagadas automaticamente pelo ministro foi puro engano. Errou de destinat\u00e1rio como deve ter sido engano do Vorcaro contratar os &#8216;servi\u00e7os advocat\u00edcios&#8217; de R$ 129 milh\u00f5es da esposa dele. O Novo j\u00e1 estuda entrar com outras a\u00e7\u00f5es firmes para o resgate da \u00e9tica na Rep\u00fablica a partir das revela\u00e7\u00f5es dessas conversas&#8221;, afirmou.<\/em><\/span><\/p><\/blockquote>\n<p style=\"text-align: justify;\">O STF est\u00e1 se esfarelando&#8230;<\/p>\n<p style=\"text-align: justify;\"><i><b>Continue em nossa companhia em:<\/b><\/i> <a href=\"http:\/\/www.mspontocom.com.br\/\"><span style=\"color: #0000ff;\"><span style=\"font-family: Comic Sans MS, cursive;\"><span style=\"font-size: small;\"><u>www.mspontocom.com.br<\/u><\/span><\/span><\/span><\/a><\/p>\n","protected":false},"excerpt":{"rendered":"<p>Parlamentares da oposi\u00e7\u00e3o ao presidente Lula pedem a pris\u00e3o do ministro do\u00a0 STF Alexandre de Moraes, ap\u00f3s a revela\u00e7\u00e3o de que o banqueiro Daniel Vorcaro trocou mensagens com o magistrado no dia em que ele seria preso pela Pol\u00edcia Federal pela primeira vez, em novembro de 2025. &#8220;Por muito menos o Alexandre de Moraes j\u00e1 [&hellip;]<\/p>\n","protected":false},"author":2,"featured_media":207587,"comment_status":"open","ping_status":"open","sticky":false,"template":"","format":"standard","meta":{"_monsterinsights_skip_tracking":false,"_monsterinsights_sitenote_active":false,"_monsterinsights_sitenote_note":"","_monsterinsights_sitenote_category":0},"categories":[6,30260,2528,30259,12],"tags":[44328,35247,4285,1790,3014],"aioseo_notices":[],"_links":{"self":[{"href":"https:\/\/mspontocom.com.br\/site\/wp-json\/wp\/v2\/posts\/207575"}],"collection":[{"href":"https:\/\/mspontocom.com.br\/site\/wp-json\/wp\/v2\/posts"}],"about":[{"href":"https:\/\/mspontocom.com.br\/site\/wp-json\/wp\/v2\/types\/post"}],"author":[{"embeddable":true,"href":"https:\/\/mspontocom.com.br\/site\/wp-json\/wp\/v2\/users\/2"}],"replies":[{"embeddable":true,"href":"https:\/\/mspontocom.com.br\/site\/wp-json\/wp\/v2\/comments?post=207575"}],"version-history":[{"count":2,"href":"https:\/\/mspontocom.com.br\/site\/wp-json\/wp\/v2\/posts\/207575\/revisions"}],"predecessor-version":[{"id":207588,"href":"https:\/\/mspontocom.com.br\/site\/wp-json\/wp\/v2\/posts\/207575\/revisions\/207588"}],"wp:featuredmedia":[{"embeddable":true,"href":"https:\/\/mspontocom.com.br\/site\/wp-json\/wp\/v2\/media\/207587"}],"wp:attachment":[{"href":"https:\/\/mspontocom.com.br\/site\/wp-json\/wp\/v2\/media?parent=207575"}],"wp:term":[{"taxonomy":"category","embeddable":true,"href":"https:\/\/mspontocom.com.br\/site\/wp-json\/wp\/v2\/categories?post=207575"},{"taxonomy":"post_tag","embeddable":true,"href":"https:\/\/mspontocom.com.br\/site\/wp-json\/wp\/v2\/tags?post=207575"}],"curies":[{"name":"wp","href":"https:\/\/api.w.org\/{rel}","templated":true}]}}