{"id":207577,"date":"2026-03-07T06:39:56","date_gmt":"2026-03-07T10:39:56","guid":{"rendered":"https:\/\/mspontocom.com.br\/site\/?p=207577"},"modified":"2026-03-07T06:39:56","modified_gmt":"2026-03-07T10:39:56","slug":"sem-lula-trump-reune-lideres-para-discutir-combate-ao-crime","status":"publish","type":"post","link":"https:\/\/mspontocom.com.br\/site\/sem-lula-trump-reune-lideres-para-discutir-combate-ao-crime\/","title":{"rendered":"Sem Lula, Trump re\u00fane l\u00edderes para discutir combate ao crime"},"content":{"rendered":"<p class=\"postParagraph_post-paragraph__juWZN postParagraph_post-paragraph-innerHtml__Q5vwc\" style=\"text-align: justify;\"><img loading=\"lazy\" class=\"alignnone size-full wp-image-207589\" src=\"http:\/\/mspontocom.com.br\/site\/wp-content\/uploads\/2026\/03\/site-sem-lula-trump-reune-lideres-para-discutir-combate-ao-crime-lulatrump-1024x576-1.webp\" alt=\"\" width=\"1024\" height=\"576\" srcset=\"https:\/\/mspontocom.com.br\/site\/wp-content\/uploads\/2026\/03\/site-sem-lula-trump-reune-lideres-para-discutir-combate-ao-crime-lulatrump-1024x576-1.webp 1024w, https:\/\/mspontocom.com.br\/site\/wp-content\/uploads\/2026\/03\/site-sem-lula-trump-reune-lideres-para-discutir-combate-ao-crime-lulatrump-1024x576-1-260x146.webp 260w, https:\/\/mspontocom.com.br\/site\/wp-content\/uploads\/2026\/03\/site-sem-lula-trump-reune-lideres-para-discutir-combate-ao-crime-lulatrump-1024x576-1-768x432.webp 768w\" sizes=\"(max-width: 1024px) 100vw, 1024px\" \/>O presidente dos Estados Unidos,<strong> Donald Trump,<\/strong> recebe neste s\u00e1bado (7), em Miami, diversos l\u00edderes de direita da Am\u00e9rica Latina para o lan\u00e7amento da c\u00fapula \u201cEscudo das Am\u00e9ricas\u201d, iniciativa voltada ao refor\u00e7o da coopera\u00e7\u00e3o em seguran\u00e7a e ao<strong> combate ao narcotr\u00e1fico<\/strong> no Hemisf\u00e9rio Ocidental.<\/p>\n<p class=\"postParagraph_post-paragraph__juWZN postParagraph_post-paragraph-innerHtml__Q5vwc\" style=\"text-align: justify;\">O encontro ocorrer\u00e1 <strong>sem a presen\u00e7a do presidente Lula<\/strong> e de outros chefes de Estado identificados com a esquerda regional, como Gustavo Petro, da Col\u00f4mbia, e Claudia Sheinbaum, do M\u00e9xico.<\/p>\n<p class=\"postParagraph_post-paragraph__juWZN postParagraph_post-paragraph-innerHtml__Q5vwc\" style=\"text-align: justify;\">De acordo com informa\u00e7\u00f5es divulgadas pela Casa Branca, participar\u00e3o da reuni\u00e3o deste s\u00e1bado <strong>Javier Milei,<\/strong> presidente da Argentina;<strong> Rodrigo Paz<\/strong>, presidente da Bol\u00edvia;<strong> Jos\u00e9 Antonio Kast<\/strong>, presidente eleito do Chile; Rodrigo Chaves, presidente da Costa Rica; Luis Rodolfo Corona, presidente da Rep\u00fablica Dominicana; Daniel Noboa, presidente do Equador; Nayib Bukele, presidente de El Salvador; Irfaan Ali, presidente da Guiana; Nasry \u201cTito\u201d Asfura, presidente de Honduras; Jos\u00e9 Ra\u00fal Mulino, presidente do Panam\u00e1; Santiago Pe\u00f1a, presidente do Paraguai; e Kamla Persad-Bissessar, primeira-ministra de Trinidad e Tobago.<\/p>\n<p class=\"postParagraph_post-paragraph__juWZN postParagraph_post-paragraph-innerHtml__Q5vwc\" style=\"text-align: justify;\">A expectativa \u00e9 que os l\u00edderes participantes assinem a chamada<strong> \u201cCarta de Doral\u201d<\/strong>, documento que, segundo autoridades americanas, reafirma o compromisso com a defesa da soberania hemisf\u00e9rica, do livre mercado e da coopera\u00e7\u00e3o contra organiza\u00e7\u00f5es criminosas transnacionais.<\/p>\n<p class=\"postParagraph_post-paragraph__juWZN postParagraph_post-paragraph-innerHtml__Q5vwc\" style=\"text-align: justify;\">A c\u00fapula deste s\u00e1bado tamb\u00e9m se insere na estrat\u00e9gia mais ampla da Casa Branca para o Hemisf\u00e9rio Ocidental, revelada na Estrat\u00e9gia de Seguran\u00e7a Nacional de 2026.<\/p>\n<p class=\"postParagraph_post-paragraph__juWZN postParagraph_post-paragraph-innerHtml__Q5vwc\" style=\"text-align: justify;\">O documento prev\u00ea o fortalecimento de parcerias com <strong>governos considerados \u201cideologicamente confi\u00e1veis\u201d<\/strong> e a limita\u00e7\u00e3o da influ\u00eancia de pot\u00eancias como China, R\u00fassia e Ir\u00e3 na Am\u00e9rica Latina.<\/p>\n<p class=\"postParagraph_post-paragraph__juWZN postParagraph_post-paragraph-innerHtml__Q5vwc\" style=\"text-align: justify;\">Lula n\u00e3o foi convidado para o encontro em Miami.<\/p>\n<p style=\"text-align: justify;\"><i><b>Continue em nossa companhia em:<\/b><\/i> <a href=\"http:\/\/www.mspontocom.com.br\/\"><span style=\"color: #0000ff;\"><span style=\"font-family: Comic Sans MS, cursive;\"><span style=\"font-size: small;\"><u>www.mspontocom.com.br<\/u><\/span><\/span><\/span><\/a><\/p>\n","protected":false},"excerpt":{"rendered":"<p>O presidente dos Estados Unidos, Donald Trump, recebe neste s\u00e1bado (7), em Miami, diversos l\u00edderes de direita da Am\u00e9rica Latina para o lan\u00e7amento da c\u00fapula \u201cEscudo das Am\u00e9ricas\u201d, iniciativa voltada ao refor\u00e7o da coopera\u00e7\u00e3o em seguran\u00e7a e ao combate ao narcotr\u00e1fico no Hemisf\u00e9rio Ocidental. O encontro ocorrer\u00e1 sem a presen\u00e7a do presidente Lula e de [&hellip;]<\/p>\n","protected":false},"author":2,"featured_media":207589,"comment_status":"open","ping_status":"open","sticky":false,"template":"","format":"standard","meta":{"_monsterinsights_skip_tracking":false,"_monsterinsights_sitenote_active":false,"_monsterinsights_sitenote_note":"","_monsterinsights_sitenote_category":0},"categories":[30260,2528,7,30259,12],"tags":[7277,2719,25987,23547,31462,28326],"aioseo_notices":[],"_links":{"self":[{"href":"https:\/\/mspontocom.com.br\/site\/wp-json\/wp\/v2\/posts\/207577"}],"collection":[{"href":"https:\/\/mspontocom.com.br\/site\/wp-json\/wp\/v2\/posts"}],"about":[{"href":"https:\/\/mspontocom.com.br\/site\/wp-json\/wp\/v2\/types\/post"}],"author":[{"embeddable":true,"href":"https:\/\/mspontocom.com.br\/site\/wp-json\/wp\/v2\/users\/2"}],"replies":[{"embeddable":true,"href":"https:\/\/mspontocom.com.br\/site\/wp-json\/wp\/v2\/comments?post=207577"}],"version-history":[{"count":2,"href":"https:\/\/mspontocom.com.br\/site\/wp-json\/wp\/v2\/posts\/207577\/revisions"}],"predecessor-version":[{"id":207590,"href":"https:\/\/mspontocom.com.br\/site\/wp-json\/wp\/v2\/posts\/207577\/revisions\/207590"}],"wp:featuredmedia":[{"embeddable":true,"href":"https:\/\/mspontocom.com.br\/site\/wp-json\/wp\/v2\/media\/207589"}],"wp:attachment":[{"href":"https:\/\/mspontocom.com.br\/site\/wp-json\/wp\/v2\/media?parent=207577"}],"wp:term":[{"taxonomy":"category","embeddable":true,"href":"https:\/\/mspontocom.com.br\/site\/wp-json\/wp\/v2\/categories?post=207577"},{"taxonomy":"post_tag","embeddable":true,"href":"https:\/\/mspontocom.com.br\/site\/wp-json\/wp\/v2\/tags?post=207577"}],"curies":[{"name":"wp","href":"https:\/\/api.w.org\/{rel}","templated":true}]}}