{"id":207597,"date":"2026-03-08T07:03:41","date_gmt":"2026-03-08T11:03:41","guid":{"rendered":"https:\/\/mspontocom.com.br\/site\/?p=207597"},"modified":"2026-03-08T07:03:41","modified_gmt":"2026-03-08T11:03:41","slug":"moraes-usou-mensagens-apagadas-contra-debora-do-batom","status":"publish","type":"post","link":"https:\/\/mspontocom.com.br\/site\/moraes-usou-mensagens-apagadas-contra-debora-do-batom\/","title":{"rendered":"Moraes usou mensagens \u2018apagadas\u2019 contra D\u00e9bora do Batom"},"content":{"rendered":"<p style=\"text-align: justify;\"><img loading=\"lazy\" class=\"alignnone size-full wp-image-207598\" src=\"http:\/\/mspontocom.com.br\/site\/wp-content\/uploads\/2026\/03\/site-moraes-usou-mensagens-apagadas-contra-debora-do-batom-ale-obceno.jpg\" alt=\"\" width=\"560\" height=\"315\" srcset=\"https:\/\/mspontocom.com.br\/site\/wp-content\/uploads\/2026\/03\/site-moraes-usou-mensagens-apagadas-contra-debora-do-batom-ale-obceno.jpg 560w, https:\/\/mspontocom.com.br\/site\/wp-content\/uploads\/2026\/03\/site-moraes-usou-mensagens-apagadas-contra-debora-do-batom-ale-obceno-260x146.jpg 260w\" sizes=\"(max-width: 560px) 100vw, 560px\" \/>O ministro do Supremo Tribunal Federal, Alexandre de Moraes, utilizou em uma decis\u00e3o judicial a aus\u00eancia de mensagens em um celular como elemento que indicaria tentativa de oculta\u00e7\u00e3o de provas.<\/p>\n<p style=\"text-align: justify;\">O argumento apareceu no julgamento da cabeleireira D\u00e9bora Rodrigues dos Santos, condenada por participar dos atos de 8 de janeiro de 2023 em Bras\u00edlia.<\/p>\n<p style=\"text-align: justify;\">Na decis\u00e3o, Moraes afirmou que o fato de n\u00e3o existirem conversas no per\u00edodo investigado poderia demonstrar desprezo pelo Poder Judici\u00e1rio e pela ordem p\u00fablica.<\/p>\n<p style=\"text-align: justify;\">A an\u00e1lise estava baseada em relat\u00f3rio da Pol\u00edcia Federal sobre o celular da r\u00e9.<\/p>\n<p style=\"text-align: justify;\">O documento apontava que n\u00e3o havia mensagens relevantes nos aplicativos analisados entre dezembro de 2022 e a primeira quinzena de fevereiro de 2023.<\/p>\n<p style=\"text-align: justify;\">Os peritos registraram que a aus\u00eancia de registros \u201cpode ser um ind\u00edcio\u201d de que dados tenham sido apagados, mas n\u00e3o afirmaram que houve exclus\u00e3o efetiva de mensagens.<\/p>\n<p style=\"text-align: justify;\"><strong>Mesmo assim, a falta de conversas foi tratada como elemento de suspeita no julgamento conduzido pelo ministro.\u00a0<\/strong><\/p>\n<p style=\"text-align: justify;\">Paralelamente, informa\u00e7\u00f5es reveladas a partir de dados obtidos pela Pol\u00edcia Federal apontam que <strong>Moraes utilizou mensagens de visualiza\u00e7\u00e3o \u00fanica em conversas com o empres\u00e1rio Daniel Vorcaro,<\/strong> ent\u00e3o controlador do Banco Master.<\/p>\n<p style=\"text-align: justify;\">Segundo registros encontrados no celular de Vorcaro, as conversas ocorreram em 17 de novembro de 2025, data em que o banqueiro acabou preso pela Pol\u00edcia Federal no Aeroporto Internacional de Guarulhos.<\/p>\n<p style=\"text-align: justify;\">Nos registros analisados, o empres\u00e1rio enviava informa\u00e7\u00f5es ao ministro sobre negocia\u00e7\u00f5es envolvendo a venda do banco e mencionava investiga\u00e7\u00f5es em andamento.<\/p>\n<p style=\"text-align: justify;\">De acordo com as informa\u00e7\u00f5es reveladas, a comunica\u00e7\u00e3o ocorria por meio de um procedimento espec\u00edfico: cada um escrevia o texto no bloco de notas do celular, tirava uma captura de tela e enviava a imagem pelo WhatsApp utilizando a fun\u00e7\u00e3o de visualiza\u00e7\u00e3o \u00fanica.<\/p>\n<p style=\"text-align: justify;\">Dessa forma, as mensagens enviadas por Moraes n\u00e3o permaneceram registradas no aparelho de Vorcaro, enquanto os textos produzidos pelo banqueiro ficaram armazenados.<\/p>\n<p style=\"text-align: justify;\">Moraes usa dois pesos, duas medidas em benef\u00edcio pr\u00f3prio.<\/p>\n<p style=\"text-align: justify;\"><i><b>Continue em nossa companhia em:<\/b><\/i> <a href=\"http:\/\/www.mspontocom.com.br\/\"><span style=\"color: #0000ff;\"><span style=\"font-family: Comic Sans MS, cursive;\"><span style=\"font-size: small;\"><u>www.mspontocom.com.br<\/u><\/span><\/span><\/span><\/a><\/p>\n","protected":false},"excerpt":{"rendered":"<p>O ministro do Supremo Tribunal Federal, Alexandre de Moraes, utilizou em uma decis\u00e3o judicial a aus\u00eancia de mensagens em um celular como elemento que indicaria tentativa de oculta\u00e7\u00e3o de provas. O argumento apareceu no julgamento da cabeleireira D\u00e9bora Rodrigues dos Santos, condenada por participar dos atos de 8 de janeiro de 2023 em Bras\u00edlia. Na [&hellip;]<\/p>\n","protected":false},"author":2,"featured_media":207598,"comment_status":"open","ping_status":"open","sticky":false,"template":"","format":"standard","meta":{"_monsterinsights_skip_tracking":false,"_monsterinsights_sitenote_active":false,"_monsterinsights_sitenote_note":"","_monsterinsights_sitenote_category":0},"categories":[6,30260,2528,30259,12],"tags":[42773,42770,44330,35247],"aioseo_notices":[],"_links":{"self":[{"href":"https:\/\/mspontocom.com.br\/site\/wp-json\/wp\/v2\/posts\/207597"}],"collection":[{"href":"https:\/\/mspontocom.com.br\/site\/wp-json\/wp\/v2\/posts"}],"about":[{"href":"https:\/\/mspontocom.com.br\/site\/wp-json\/wp\/v2\/types\/post"}],"author":[{"embeddable":true,"href":"https:\/\/mspontocom.com.br\/site\/wp-json\/wp\/v2\/users\/2"}],"replies":[{"embeddable":true,"href":"https:\/\/mspontocom.com.br\/site\/wp-json\/wp\/v2\/comments?post=207597"}],"version-history":[{"count":1,"href":"https:\/\/mspontocom.com.br\/site\/wp-json\/wp\/v2\/posts\/207597\/revisions"}],"predecessor-version":[{"id":207599,"href":"https:\/\/mspontocom.com.br\/site\/wp-json\/wp\/v2\/posts\/207597\/revisions\/207599"}],"wp:featuredmedia":[{"embeddable":true,"href":"https:\/\/mspontocom.com.br\/site\/wp-json\/wp\/v2\/media\/207598"}],"wp:attachment":[{"href":"https:\/\/mspontocom.com.br\/site\/wp-json\/wp\/v2\/media?parent=207597"}],"wp:term":[{"taxonomy":"category","embeddable":true,"href":"https:\/\/mspontocom.com.br\/site\/wp-json\/wp\/v2\/categories?post=207597"},{"taxonomy":"post_tag","embeddable":true,"href":"https:\/\/mspontocom.com.br\/site\/wp-json\/wp\/v2\/tags?post=207597"}],"curies":[{"name":"wp","href":"https:\/\/api.w.org\/{rel}","templated":true}]}}