{"id":207606,"date":"2026-03-09T06:00:16","date_gmt":"2026-03-09T10:00:16","guid":{"rendered":"https:\/\/mspontocom.com.br\/site\/?p=207606"},"modified":"2026-03-09T06:00:16","modified_gmt":"2026-03-09T10:00:16","slug":"eua-devem-anunciar-pcc-e-cv-como-organizacoes-terroristas","status":"publish","type":"post","link":"https:\/\/mspontocom.com.br\/site\/eua-devem-anunciar-pcc-e-cv-como-organizacoes-terroristas\/","title":{"rendered":"EUA devem anunciar PCC e CV como organiza\u00e7\u00f5es terroristas"},"content":{"rendered":"<p style=\"text-align: justify;\"><img loading=\"lazy\" class=\"alignnone size-full wp-image-207589\" src=\"http:\/\/mspontocom.com.br\/site\/wp-content\/uploads\/2026\/03\/site-sem-lula-trump-reune-lideres-para-discutir-combate-ao-crime-lulatrump-1024x576-1.webp\" alt=\"\" width=\"1024\" height=\"576\" srcset=\"https:\/\/mspontocom.com.br\/site\/wp-content\/uploads\/2026\/03\/site-sem-lula-trump-reune-lideres-para-discutir-combate-ao-crime-lulatrump-1024x576-1.webp 1024w, https:\/\/mspontocom.com.br\/site\/wp-content\/uploads\/2026\/03\/site-sem-lula-trump-reune-lideres-para-discutir-combate-ao-crime-lulatrump-1024x576-1-260x146.webp 260w, https:\/\/mspontocom.com.br\/site\/wp-content\/uploads\/2026\/03\/site-sem-lula-trump-reune-lideres-para-discutir-combate-ao-crime-lulatrump-1024x576-1-768x432.webp 768w\" sizes=\"(max-width: 1024px) 100vw, 1024px\" \/>A administra\u00e7\u00e3o do presidente dos Estados Unidos, Donald Trump, prepara o an\u00fancio da classifica\u00e7\u00e3o das fac\u00e7\u00f5es brasileiras Comando Vermelho (CV) e Primeiro Comando da Capital (PCC) como organiza\u00e7\u00f5es terroristas estrangeiras.<\/p>\n<p style=\"text-align: justify;\">A decis\u00e3o pode ser oficializada nos pr\u00f3ximos dias pelo Departamento de Estado norte-americano.<\/p>\n<p style=\"text-align: justify;\">A informa\u00e7\u00e3o foi revelada pela colunista Mariana Sanches, do UOL, e confirmada \u00e0 reportagem por diferentes fontes ligadas ou pr\u00f3ximas ao governo dos Estados Unidos.<\/p>\n<p style=\"text-align: justify;\">Segundo a apura\u00e7\u00e3o, o chanceler brasileiro Mauro Vieira foi informado em Washington sobre o avan\u00e7o da proposta e tem tentado estabelecer contato com o secret\u00e1rio de Estado Marco Rubio.<\/p>\n<p style=\"text-align: justify;\">Caso a designa\u00e7\u00e3o seja formalizada, os grupos passam a integrar a lista de Organiza\u00e7\u00f5es Terroristas Estrangeiras (FTO, na sigla em ingl\u00eas).<\/p>\n<p style=\"text-align: justify;\">Esse enquadramento prev\u00ea uma s\u00e9rie de san\u00e7\u00f5es autom\u00e1ticas por parte do governo dos Estados Unidos.<\/p>\n<p style=\"text-align: justify;\">Entre as principais consequ\u00eancias est\u00e1 o congelamento de ativos de integrantes das organiza\u00e7\u00f5es que estejam sob jurisdi\u00e7\u00e3o norte-americana, al\u00e9m da exclus\u00e3o desses grupos do sistema financeiro do pa\u00eds.<\/p>\n<p style=\"text-align: justify;\">A medida tamb\u00e9m pro\u00edbe cidad\u00e3os ou entidades dos Estados Unidos de fornecer qualquer tipo de \u201capoio material\u201d, incluindo armas ou recursos financeiros.<\/p>\n<p style=\"text-align: justify;\">O enquadramento como organiza\u00e7\u00e3o terrorista ainda imp\u00f5e restri\u00e7\u00f5es de imigra\u00e7\u00e3o para pessoas associadas \u00e0s fac\u00e7\u00f5es e aumenta os riscos legais para empresas que atuam em regi\u00f5es onde esses grupos operam.<\/p>\n<p style=\"text-align: justify;\">Companhias podem ser alvo de san\u00e7\u00f5es do Departamento do Tesouro, por meio do Escrit\u00f3rio de Controle de Ativos Estrangeiros (OFAC).<\/p>\n<p style=\"text-align: justify;\">Segundo a reportagem, o OFAC j\u00e1 emitiu alertas a empresas sobre o risco ampliado de realizar neg\u00f3cios em pa\u00edses onde cart\u00e9is classificados como terroristas est\u00e3o presentes, como ocorre no M\u00e9xico.<\/p>\n<p style=\"text-align: justify;\">\n<p style=\"text-align: justify;\"><i><b>Continue em nossa companhia em:<\/b><\/i> <a href=\"http:\/\/www.mspontocom.com.br\/\"><span style=\"color: #0000ff;\"><span style=\"font-family: Comic Sans MS, cursive;\"><span style=\"font-size: small;\"><u>www.mspontocom.com.br<\/u><\/span><\/span><\/span><\/a><\/p>\n","protected":false},"excerpt":{"rendered":"<p>A administra\u00e7\u00e3o do presidente dos Estados Unidos, Donald Trump, prepara o an\u00fancio da classifica\u00e7\u00e3o das fac\u00e7\u00f5es brasileiras Comando Vermelho (CV) e Primeiro Comando da Capital (PCC) como organiza\u00e7\u00f5es terroristas estrangeiras. A decis\u00e3o pode ser oficializada nos pr\u00f3ximos dias pelo Departamento de Estado norte-americano. A informa\u00e7\u00e3o foi revelada pela colunista Mariana Sanches, do UOL, e confirmada [&hellip;]<\/p>\n","protected":false},"author":2,"featured_media":207589,"comment_status":"open","ping_status":"open","sticky":false,"template":"","format":"standard","meta":{"_monsterinsights_skip_tracking":false,"_monsterinsights_sitenote_active":false,"_monsterinsights_sitenote_note":"","_monsterinsights_sitenote_category":0},"categories":[30260,2528,7,30259,12],"tags":[26370,40388,1539,42958,4275],"aioseo_notices":[],"_links":{"self":[{"href":"https:\/\/mspontocom.com.br\/site\/wp-json\/wp\/v2\/posts\/207606"}],"collection":[{"href":"https:\/\/mspontocom.com.br\/site\/wp-json\/wp\/v2\/posts"}],"about":[{"href":"https:\/\/mspontocom.com.br\/site\/wp-json\/wp\/v2\/types\/post"}],"author":[{"embeddable":true,"href":"https:\/\/mspontocom.com.br\/site\/wp-json\/wp\/v2\/users\/2"}],"replies":[{"embeddable":true,"href":"https:\/\/mspontocom.com.br\/site\/wp-json\/wp\/v2\/comments?post=207606"}],"version-history":[{"count":2,"href":"https:\/\/mspontocom.com.br\/site\/wp-json\/wp\/v2\/posts\/207606\/revisions"}],"predecessor-version":[{"id":207613,"href":"https:\/\/mspontocom.com.br\/site\/wp-json\/wp\/v2\/posts\/207606\/revisions\/207613"}],"wp:featuredmedia":[{"embeddable":true,"href":"https:\/\/mspontocom.com.br\/site\/wp-json\/wp\/v2\/media\/207589"}],"wp:attachment":[{"href":"https:\/\/mspontocom.com.br\/site\/wp-json\/wp\/v2\/media?parent=207606"}],"wp:term":[{"taxonomy":"category","embeddable":true,"href":"https:\/\/mspontocom.com.br\/site\/wp-json\/wp\/v2\/categories?post=207606"},{"taxonomy":"post_tag","embeddable":true,"href":"https:\/\/mspontocom.com.br\/site\/wp-json\/wp\/v2\/tags?post=207606"}],"curies":[{"name":"wp","href":"https:\/\/api.w.org\/{rel}","templated":true}]}}