{"id":207610,"date":"2026-03-09T05:53:09","date_gmt":"2026-03-09T09:53:09","guid":{"rendered":"https:\/\/mspontocom.com.br\/site\/?p=207610"},"modified":"2026-03-09T06:21:18","modified_gmt":"2026-03-09T10:21:18","slug":"moro-critica-grupo-de-advogados-de-esquerda-indignacao-seletiva","status":"publish","type":"post","link":"https:\/\/mspontocom.com.br\/site\/moro-critica-grupo-de-advogados-de-esquerda-indignacao-seletiva\/","title":{"rendered":"Moro critica grupo de advogados de esquerda: \u201cindigna\u00e7\u00e3o seletiva\u201d"},"content":{"rendered":"<p style=\"text-align: justify;\"><img loading=\"lazy\" class=\"alignnone size-full wp-image-207617\" src=\"http:\/\/mspontocom.com.br\/site\/wp-content\/uploads\/2026\/03\/site-moro-critica-grupo-de-advogados-de-esquerda-indignacao-seletiva-moro-preside.jpg\" alt=\"\" width=\"768\" height=\"512\" srcset=\"https:\/\/mspontocom.com.br\/site\/wp-content\/uploads\/2026\/03\/site-moro-critica-grupo-de-advogados-de-esquerda-indignacao-seletiva-moro-preside.jpg 768w, https:\/\/mspontocom.com.br\/site\/wp-content\/uploads\/2026\/03\/site-moro-critica-grupo-de-advogados-de-esquerda-indignacao-seletiva-moro-preside-260x173.jpg 260w\" sizes=\"(max-width: 768px) 100vw, 768px\" \/>O senador <strong>Sergio Moro <\/strong>criticou\u00a0 o posicionamento do\u00a0<strong>grupo de advogados de esquerda Prerrogativas <\/strong>\u00a0contra o vazamento de mensagens do banqueiro\u00a0Daniel Vorcaro, ligado ao\u00a0Banco Master, e de dados provenientes dos sigilos banc\u00e1rio e fiscal de <strong>Lulinha.<\/strong><\/p>\n<p style=\"text-align: justify;\">Em publica\u00e7\u00e3o na rede social\u00a0X, o ex-juiz da\u00a0Opera\u00e7\u00e3o Lava Jato\u00a0afirmou que integrantes do grupo estariam agindo com\u00a0<strong>\u201cindigna\u00e7\u00e3o seletiva\u201d<\/strong>.<\/p>\n<h2 id=\"h-moro-ironiza-grupo-de-advogados\" class=\"wp-block-heading\" style=\"text-align: justify;\">Moro ironiza grupo de advogados<\/h2>\n<p style=\"text-align: justify;\">No coment\u00e1rio publicado, o senador chamou os integrantes do Prerrogativas de\u00a0<strong>\u201cclube da impunidade.<\/strong><\/p>\n<div class=\"google-auto-placed ap_container\">\n<blockquote><p><em>\u201cOs advogados do clube da impunidade da corrup\u00e7\u00e3o, aqueles mesmo que nunca opinaram sobre o roubo do INSS, o esc\u00e2ndalo do Master, o rombo dos Correios (feito de um seus integrantes) ou os 14 anos de pris\u00e3o para a D\u00e9bora do batom, est\u00e3o de volta no modo indigna\u00e7\u00e3o seletiva. Esses n\u00e3o enganam mais ningu\u00e9m\u201d, escreveu Moro.<\/em><\/p><\/blockquote>\n<h2 id=\"h-grupo-prerrogativas-criticou-vazamentos\" class=\"wp-block-heading\" style=\"text-align: justify;\">Grupo Prerrogativas criticou vazamentos<\/h2>\n<p style=\"text-align: justify;\">O posicionamento criticado pelo senador foi divulgado em uma nota assinada pelo advogado\u00a0Marco Aur\u00e9lio de Carvalho, que tamb\u00e9m atua na defesa de Lulinha.<\/p>\n<p style=\"text-align: justify;\">No comunicado, o\u00a0grupo Prerrogativas\u00a0afirmou que houve\u00a0<strong>\u201cabusos praticados nos procedimentos investigat\u00f3rios\u201d<\/strong>\u00a0e criticou o que classificou como\u00a0\u201cexposi\u00e7\u00e3o vexat\u00f3ria dos investigados\u201d.<\/p>\n<p style=\"text-align: justify;\"><i><b>Continue em nossa companhia em:<\/b><\/i> <a href=\"http:\/\/www.mspontocom.com.br\/\"><span style=\"color: #0000ff;\"><span style=\"font-family: Comic Sans MS, cursive;\"><span style=\"font-size: small;\"><u>www.mspontocom.com.br<\/u><\/span><\/span><\/span><\/a><\/p>\n<\/div>\n","protected":false},"excerpt":{"rendered":"<p>O senador Sergio Moro criticou\u00a0 o posicionamento do\u00a0grupo de advogados de esquerda Prerrogativas \u00a0contra o vazamento de mensagens do banqueiro\u00a0Daniel Vorcaro, ligado ao\u00a0Banco Master, e de dados provenientes dos sigilos banc\u00e1rio e fiscal de Lulinha. Em publica\u00e7\u00e3o na rede social\u00a0X, o ex-juiz da\u00a0Opera\u00e7\u00e3o Lava Jato\u00a0afirmou que integrantes do grupo estariam agindo com\u00a0\u201cindigna\u00e7\u00e3o seletiva\u201d. Moro ironiza [&hellip;]<\/p>\n","protected":false},"author":2,"featured_media":207617,"comment_status":"open","ping_status":"open","sticky":false,"template":"","format":"standard","meta":{"_monsterinsights_skip_tracking":false,"_monsterinsights_sitenote_active":false,"_monsterinsights_sitenote_note":"","_monsterinsights_sitenote_category":0},"categories":[2528,12],"tags":[44334,214,24747,21869,21382,23158,44333],"aioseo_notices":[],"_links":{"self":[{"href":"https:\/\/mspontocom.com.br\/site\/wp-json\/wp\/v2\/posts\/207610"}],"collection":[{"href":"https:\/\/mspontocom.com.br\/site\/wp-json\/wp\/v2\/posts"}],"about":[{"href":"https:\/\/mspontocom.com.br\/site\/wp-json\/wp\/v2\/types\/post"}],"author":[{"embeddable":true,"href":"https:\/\/mspontocom.com.br\/site\/wp-json\/wp\/v2\/users\/2"}],"replies":[{"embeddable":true,"href":"https:\/\/mspontocom.com.br\/site\/wp-json\/wp\/v2\/comments?post=207610"}],"version-history":[{"count":3,"href":"https:\/\/mspontocom.com.br\/site\/wp-json\/wp\/v2\/posts\/207610\/revisions"}],"predecessor-version":[{"id":207618,"href":"https:\/\/mspontocom.com.br\/site\/wp-json\/wp\/v2\/posts\/207610\/revisions\/207618"}],"wp:featuredmedia":[{"embeddable":true,"href":"https:\/\/mspontocom.com.br\/site\/wp-json\/wp\/v2\/media\/207617"}],"wp:attachment":[{"href":"https:\/\/mspontocom.com.br\/site\/wp-json\/wp\/v2\/media?parent=207610"}],"wp:term":[{"taxonomy":"category","embeddable":true,"href":"https:\/\/mspontocom.com.br\/site\/wp-json\/wp\/v2\/categories?post=207610"},{"taxonomy":"post_tag","embeddable":true,"href":"https:\/\/mspontocom.com.br\/site\/wp-json\/wp\/v2\/tags?post=207610"}],"curies":[{"name":"wp","href":"https:\/\/api.w.org\/{rel}","templated":true}]}}