{"id":207627,"date":"2026-03-09T04:57:38","date_gmt":"2026-03-09T08:57:38","guid":{"rendered":"https:\/\/mspontocom.com.br\/site\/?p=207627"},"modified":"2026-03-09T08:03:24","modified_gmt":"2026-03-09T12:03:24","slug":"sebrae-delas-ms-inscricoes-para-fortalecer-negocios-comandados-por-mulheres","status":"publish","type":"post","link":"https:\/\/mspontocom.com.br\/site\/sebrae-delas-ms-inscricoes-para-fortalecer-negocios-comandados-por-mulheres\/","title":{"rendered":"Sebrae Delas MS: inscri\u00e7\u00f5es para fortalecer neg\u00f3cios comandados por mulheres"},"content":{"rendered":"<p style=\"text-align: justify;\"><img loading=\"lazy\" class=\"alignnone size-large wp-image-207633\" src=\"http:\/\/mspontocom.com.br\/site\/wp-content\/uploads\/2026\/03\/site-sebrae-delas-2026-abre-inscricoes-para-fortalecer-negocios-comandados-por-mulheres-sebraedelas-1024x690.jpg\" alt=\"\" width=\"1024\" height=\"690\" srcset=\"https:\/\/mspontocom.com.br\/site\/wp-content\/uploads\/2026\/03\/site-sebrae-delas-2026-abre-inscricoes-para-fortalecer-negocios-comandados-por-mulheres-sebraedelas-1024x690.jpg 1024w, https:\/\/mspontocom.com.br\/site\/wp-content\/uploads\/2026\/03\/site-sebrae-delas-2026-abre-inscricoes-para-fortalecer-negocios-comandados-por-mulheres-sebraedelas-260x175.jpg 260w, https:\/\/mspontocom.com.br\/site\/wp-content\/uploads\/2026\/03\/site-sebrae-delas-2026-abre-inscricoes-para-fortalecer-negocios-comandados-por-mulheres-sebraedelas-768x518.jpg 768w, https:\/\/mspontocom.com.br\/site\/wp-content\/uploads\/2026\/03\/site-sebrae-delas-2026-abre-inscricoes-para-fortalecer-negocios-comandados-por-mulheres-sebraedelas.jpg 1317w\" sizes=\"(max-width: 1024px) 100vw, 1024px\" \/>Est\u00e3o abertas at\u00e9 o dia 31 de mar\u00e7o de 2026 as inscri\u00e7\u00f5es para o ciclo 2026 do Sebrae Delas \u2013 Desenvolvendo Empreendedoras L\u00edderes Apaixonadas pelo Sucesso, programa de acelera\u00e7\u00e3o realizado pelo Sebrae\/MS com foco no fortalecimento do empreendedorismo feminino em Mato Grosso do Sul.<\/p>\n<p style=\"text-align: justify;\">As interessadas podem se inscrever pelo site\u00a0<a href=\"https:\/\/click.divulga.sebrae.ms\/?qs=eyJkZWtJZCI6IjUzYWJiN2ExLWUxZGYtNGVjYy05NWMwLTI3MTdlYTBiYWQyZiIsImRla1ZlcnNpb24iOjEsIml2IjoiSUlORC9jVERaVjI4UUVuYnFHblFUQT09IiwiY2lwaGVyVGV4dCI6Im96bW9jVnFqM0JQZW9pOUMxSUdkK3NKclNxZUFFY0NFSGYvbFFFSEdGRzlvL3JxN2s5K1VhZjZxUmdyejdUU3MvTFlzU1lrRmhPRXJJM2xGZDYwWWdSTFBSN0VnZzBQOXhNTmxYYnhBU2R1b2FkQk0iLCJhdXRoVGFnIjoiaVFXRTRTc2plVVYzclJpQkVzOUhzUT09In0%3D\" target=\"_blank\" rel=\"noopener\" data-saferedirecturl=\"https:\/\/www.google.com\/url?q=https:\/\/click.divulga.sebrae.ms\/?qs%3DeyJkZWtJZCI6IjUzYWJiN2ExLWUxZGYtNGVjYy05NWMwLTI3MTdlYTBiYWQyZiIsImRla1ZlcnNpb24iOjEsIml2IjoiSUlORC9jVERaVjI4UUVuYnFHblFUQT09IiwiY2lwaGVyVGV4dCI6Im96bW9jVnFqM0JQZW9pOUMxSUdkK3NKclNxZUFFY0NFSGYvbFFFSEdGRzlvL3JxN2s5K1VhZjZxUmdyejdUU3MvTFlzU1lrRmhPRXJJM2xGZDYwWWdSTFBSN0VnZzBQOXhNTmxYYnhBU2R1b2FkQk0iLCJhdXRoVGFnIjoiaVFXRTRTc2plVVYzclJpQkVzOUhzUT09In0%253D&amp;source=gmail&amp;ust=1773142663650000&amp;usg=AOvVaw0uQQTXwojESWB-OU89qPBL\">ms.sebrae.com.br<\/a>.<\/p>\n<p style=\"text-align: justify;\">Criado em 2019 no estado, o programa j\u00e1 atendeu mais de 15 mil mulheres.<\/p>\n<p style=\"text-align: justify;\">A iniciativa valoriza compet\u00eancias, comportamentos e habilidades femininas, promovendo a profissionaliza\u00e7\u00e3o dos neg\u00f3cios por meio de capacita\u00e7\u00f5es, oficinas, encontros, consultorias e mentorias.<\/p>\n<p style=\"text-align: justify;\">Para a diretora-t\u00e9cnica do Sebrae\/MS, Sandra Amarilha, investir no fortalecimento das empreendedoras gera impacto concreto nos neg\u00f3cios.<\/p>\n<blockquote><p><em>\u201cNo ciclo mais recente do programa, identificamos que 97% das participantes ampliaram conex\u00f5es e que mais da metade registrou aumento de faturamento. S\u00e3o empresas mais estruturadas, mulheres mais confiantes e neg\u00f3cios mais competitivos. Sabemos que a mortalidade de empresas lideradas por mulheres ainda \u00e9 um desafio nos primeiros anos, mas programas como o Sebrae Delas mostram que \u00e9 poss\u00edvel mudar essa realidade e ampliar as chances de sucesso\u201d, disse.<\/em><\/p><\/blockquote>\n<p style=\"text-align: justify;\"><strong>Jornadas para diferentes momentos do neg\u00f3cio<\/strong><\/p>\n<p style=\"text-align: justify;\">O Sebrae Delas 2026 est\u00e1 estruturado em tr\u00eas jornadas, pensadas para atender diferentes est\u00e1gios de maturidade empresarial.<\/p>\n<p style=\"text-align: justify;\">A Jornada Essencial, em formato h\u00edbrido, \u00e9 voltada para mulheres em transi\u00e7\u00e3o de carreira ou que est\u00e3o iniciando um neg\u00f3cio, mesmo sem CNPJ.<\/p>\n<p style=\"text-align: justify;\">A trilha contempla imers\u00f5es em modelagem de neg\u00f3cios, desenvolvimento de soft skills, encontros de neg\u00f3cios e mentorias individuais, totalizando 67 horas de atividades.<\/p>\n<p style=\"text-align: justify;\">O investimento \u00e9 de 10 parcelas de R$ 75,30, somando R$ 753,00, com oferta de 100 vagas.<\/p>\n<p style=\"text-align: justify;\">J\u00e1 a Jornada Premium, realizada de forma presencial, \u00e9 destinada a empresas formalizadas lideradas por uma ou duas mulheres que desejam aprimorar a gest\u00e3o, ampliar mercado, aumentar vendas e fortalecer redes de relacionamento.<\/p>\n<p style=\"text-align: justify;\">Com carga hor\u00e1ria de 84 horas, o investimento \u00e9 de 10 parcelas de R$ 233,00, totalizando R$ 2.330,00. Na modalidade Premium Duo, voltada a s\u00f3cias da mesma empresa, o investimento \u00e9 de 10 parcelas de R$ 303,00, totalizando R$ 3.030,00. Ao todo, s\u00e3o disponibilizadas 90 vagas.<\/p>\n<p style=\"text-align: justify;\">A Jornada Global, tamb\u00e9m presencial, \u00e9 direcionada a empresas formalizadas com interesse em internacionaliza\u00e7\u00e3o, seja para exportar produtos e servi\u00e7os, importar insumos e equipamentos ou construir novas parcerias.<\/p>\n<p style=\"text-align: justify;\">A trilha inclui capacita\u00e7\u00f5es em exporta\u00e7\u00e3o, importa\u00e7\u00e3o, ESG e forma\u00e7\u00e3o de pre\u00e7o, consultorias especializadas, simula\u00e7\u00e3o de rodada internacional e miss\u00e3o empresarial \u00e0 Argentina no segundo semestre de 2026.<\/p>\n<p style=\"text-align: justify;\">Com 129 horas de atividades, o investimento \u00e9 de 10 parcelas de R$ 1.156,00, totalizando R$ 11.559,00, e s\u00e3o oferecidas 15 vagas.<\/p>\n<p style=\"text-align: justify;\"><span style=\"font-size: 18pt;\"><strong>Como participar<\/strong><\/span><\/p>\n<p style=\"text-align: justify;\">Podem participar mulheres maiores de 18 anos, residentes em Mato Grosso do Sul, com neg\u00f3cio estabelecido no estado ou com ideia definida.<\/p>\n<p style=\"text-align: justify;\">Para a Jornada Essencial, n\u00e3o \u00e9 necess\u00e1rio CNPJ, enquanto para as Jornadas Premium e Global \u00e9 exigido CNPJ ou registro como profissional liberal ou produtora rural.<\/p>\n<p style=\"text-align: justify;\">As participantes devem ter disponibilidade m\u00ednima de seis horas mensais para as atividades e mentorias e assinar termo de ades\u00e3o no in\u00edcio da jornada.<\/p>\n<p style=\"text-align: justify;\">Para receber o certificado, \u00e9 necess\u00e1rio participar de pelo menos 70% das a\u00e7\u00f5es de capacita\u00e7\u00e3o.<\/p>\n<p style=\"text-align: justify;\">Mais informa\u00e7\u00f5es podem ser obtidas junto \u00e0 Central de Relacionamento do Sebrae, no n\u00famero 0800 570 0800 ou no site\u00a0<a href=\"https:\/\/click.divulga.sebrae.ms\/?qs=eyJkZWtJZCI6IjljNTlhNDZmLTUwNDUtNDg2Ni1iN2ExLTdhZjZmODY2NjEwMCIsImRla1ZlcnNpb24iOjEsIml2Ijoia08weGN4MDlOMjhwMjAvaU9zMFNHQT09IiwiY2lwaGVyVGV4dCI6IjhKM2hxcTFkbHVMcURuWUxXY3p1WElqaSt1OVFnbnVKQ2RkeG80M1FJTkhTb0lMQVJVa1ltYnVzKzVzTFJZQnRvVWFDM2V5Vk1ZUUFLelV3bU4wZTVNMkRlNzZRN1RGekhUMDNieW5iVCtJNnpSSVkiLCJhdXRoVGFnIjoiN0pVeGhBQXJOVENZM1I3a3pZTjd2Zz09In0%3D\" target=\"_blank\" rel=\"noopener\" data-saferedirecturl=\"https:\/\/www.google.com\/url?q=https:\/\/click.divulga.sebrae.ms\/?qs%3DeyJkZWtJZCI6IjljNTlhNDZmLTUwNDUtNDg2Ni1iN2ExLTdhZjZmODY2NjEwMCIsImRla1ZlcnNpb24iOjEsIml2Ijoia08weGN4MDlOMjhwMjAvaU9zMFNHQT09IiwiY2lwaGVyVGV4dCI6IjhKM2hxcTFkbHVMcURuWUxXY3p1WElqaSt1OVFnbnVKQ2RkeG80M1FJTkhTb0lMQVJVa1ltYnVzKzVzTFJZQnRvVWFDM2V5Vk1ZUUFLelV3bU4wZTVNMkRlNzZRN1RGekhUMDNieW5iVCtJNnpSSVkiLCJhdXRoVGFnIjoiN0pVeGhBQXJOVENZM1I3a3pZTjd2Zz09In0%253D&amp;source=gmail&amp;ust=1773142663650000&amp;usg=AOvVaw1jor7wUR8zVZYq5yV7Snci\">ms.sebrae.com.br<\/a>.<\/p>\n<p style=\"text-align: justify;\"><i><b>Continue em nossa companhia em:<\/b><\/i> <a href=\"http:\/\/www.mspontocom.com.br\/\"><span style=\"color: #0000ff;\"><span style=\"font-family: Comic Sans MS, cursive;\"><span style=\"font-size: small;\"><u>www.mspontocom.com.br<\/u><\/span><\/span><\/span><\/a><\/p>\n","protected":false},"excerpt":{"rendered":"<p>Est\u00e3o abertas at\u00e9 o dia 31 de mar\u00e7o de 2026 as inscri\u00e7\u00f5es para o ciclo 2026 do Sebrae Delas \u2013 Desenvolvendo Empreendedoras L\u00edderes Apaixonadas pelo Sucesso, programa de acelera\u00e7\u00e3o realizado pelo Sebrae\/MS com foco no fortalecimento do empreendedorismo feminino em Mato Grosso do Sul. As interessadas podem se inscrever pelo site\u00a0ms.sebrae.com.br. Criado em 2019 no [&hellip;]<\/p>\n","protected":false},"author":2,"featured_media":207633,"comment_status":"open","ping_status":"open","sticky":false,"template":"","format":"standard","meta":{"_monsterinsights_skip_tracking":false,"_monsterinsights_sitenote_active":false,"_monsterinsights_sitenote_note":"","_monsterinsights_sitenote_category":0},"categories":[15,74],"tags":[44340,30462,455,988,778,44339],"aioseo_notices":[],"_links":{"self":[{"href":"https:\/\/mspontocom.com.br\/site\/wp-json\/wp\/v2\/posts\/207627"}],"collection":[{"href":"https:\/\/mspontocom.com.br\/site\/wp-json\/wp\/v2\/posts"}],"about":[{"href":"https:\/\/mspontocom.com.br\/site\/wp-json\/wp\/v2\/types\/post"}],"author":[{"embeddable":true,"href":"https:\/\/mspontocom.com.br\/site\/wp-json\/wp\/v2\/users\/2"}],"replies":[{"embeddable":true,"href":"https:\/\/mspontocom.com.br\/site\/wp-json\/wp\/v2\/comments?post=207627"}],"version-history":[{"count":2,"href":"https:\/\/mspontocom.com.br\/site\/wp-json\/wp\/v2\/posts\/207627\/revisions"}],"predecessor-version":[{"id":207634,"href":"https:\/\/mspontocom.com.br\/site\/wp-json\/wp\/v2\/posts\/207627\/revisions\/207634"}],"wp:featuredmedia":[{"embeddable":true,"href":"https:\/\/mspontocom.com.br\/site\/wp-json\/wp\/v2\/media\/207633"}],"wp:attachment":[{"href":"https:\/\/mspontocom.com.br\/site\/wp-json\/wp\/v2\/media?parent=207627"}],"wp:term":[{"taxonomy":"category","embeddable":true,"href":"https:\/\/mspontocom.com.br\/site\/wp-json\/wp\/v2\/categories?post=207627"},{"taxonomy":"post_tag","embeddable":true,"href":"https:\/\/mspontocom.com.br\/site\/wp-json\/wp\/v2\/tags?post=207627"}],"curies":[{"name":"wp","href":"https:\/\/api.w.org\/{rel}","templated":true}]}}