{"id":207639,"date":"2026-03-10T04:55:38","date_gmt":"2026-03-10T08:55:38","guid":{"rendered":"https:\/\/mspontocom.com.br\/site\/?p=207639"},"modified":"2026-03-10T04:55:38","modified_gmt":"2026-03-10T08:55:38","slug":"portugal-poe-lula-em-outdoor-com-mensagem-a-culpa-e-da-corrupcao","status":"publish","type":"post","link":"https:\/\/mspontocom.com.br\/site\/portugal-poe-lula-em-outdoor-com-mensagem-a-culpa-e-da-corrupcao\/","title":{"rendered":"Portugal p\u00f5e Lula em outdoor com mensagem: \u201cA culpa \u00e9 da corrup\u00e7\u00e3o\u201d"},"content":{"rendered":"<p style=\"text-align: justify;\"><img loading=\"lazy\" class=\"alignnone size-large wp-image-207654\" src=\"http:\/\/mspontocom.com.br\/site\/wp-content\/uploads\/2026\/03\/site-portugal-usa-imagem-de-lula-em-outdoor-com-mensagem-a-culpa-e-da-corrupcao-portugal-1024x576.jpeg\" alt=\"\" width=\"1024\" height=\"576\" srcset=\"https:\/\/mspontocom.com.br\/site\/wp-content\/uploads\/2026\/03\/site-portugal-usa-imagem-de-lula-em-outdoor-com-mensagem-a-culpa-e-da-corrupcao-portugal-1024x576.jpeg 1024w, https:\/\/mspontocom.com.br\/site\/wp-content\/uploads\/2026\/03\/site-portugal-usa-imagem-de-lula-em-outdoor-com-mensagem-a-culpa-e-da-corrupcao-portugal-260x146.jpeg 260w, https:\/\/mspontocom.com.br\/site\/wp-content\/uploads\/2026\/03\/site-portugal-usa-imagem-de-lula-em-outdoor-com-mensagem-a-culpa-e-da-corrupcao-portugal-768x432.jpeg 768w, https:\/\/mspontocom.com.br\/site\/wp-content\/uploads\/2026\/03\/site-portugal-usa-imagem-de-lula-em-outdoor-com-mensagem-a-culpa-e-da-corrupcao-portugal.jpeg 1044w\" sizes=\"(max-width: 1024px) 100vw, 1024px\" \/>O partido de direita\u00a0<strong>Chega<\/strong>, de Portugal, instalou um\u00a0<strong>outdoor <\/strong>em Lisboa com cr\u00edticas ao presidente <strong>Lula<\/strong> e ao presidente de\u00a0Angola, Jo\u00e3o Louren\u00e7o.<\/p>\n<p style=\"text-align: justify;\">A pe\u00e7a publicit\u00e1ria foi colocada\u00a0em frente \u00e0 Assembleia da Rep\u00fablica\u00a0nesta\u00a0segunda-feira, 9, coincidindo com o dia da\u00a0posse do novo presidente portugu\u00eas, Ant\u00f3nio Jos\u00e9 Seguro.<\/p>\n<p style=\"text-align: justify;\">O cartaz apresenta fotos dos dois chefes de Estado acompanhadas da frase:\u00a0<strong>\u201cA culpa n\u00e3o \u00e9 de 500 anos de Portugal, \u00e9 da vossa corrup\u00e7\u00e3o.\u201d<\/strong><\/p>\n<p style=\"text-align: justify;\">A a\u00e7\u00e3o foi divulgada nas redes sociais\u00a0pelo l\u00edder do Chega,\u00a0Andr\u00e9 Ventura, que havia disputado a elei\u00e7\u00e3o presidencial contra\u00a0Seguro, sendo derrotado\u00a0no segundo turno.<\/p>\n<h2 id=\"h-eduardo-bolsonaro-comenta-postagem-nas-redes-sociais\" class=\"wp-block-heading\" style=\"text-align: justify;\">Eduardo Bolsonaro comenta postagem nas redes sociais<\/h2>\n<p style=\"text-align: justify;\">A publica\u00e7\u00e3o do l\u00edder do Chega tamb\u00e9m repercutiu entre pol\u00edticos brasileiros.<\/p>\n<p style=\"text-align: justify;\">O\u00a0ex-deputado federal<strong> Eduardo Bolsonaro <\/strong>\u00a0respondeu \u00e0 postagem nas redes sociais.<\/p>\n<blockquote><p><em>\u201cVerdade. Lula rouba e ainda querem botar a culpa em Pedro \u00c1lvares Cabral. Fa\u00e7a-me o favor\u201d.<\/em><\/p><\/blockquote>\n<p style=\"text-align: justify;\"><span style=\"color: #444444;\"><span style=\"font-family: Ubuntu, Helvetica, Arial, sans-serif;\"><span style=\"font-size: large;\"><i><b>Continue em nossa companhia em:<\/b><\/i><\/span><\/span><\/span><span style=\"color: #444444;\"><span style=\"font-family: Montserrat;\"><span style=\"font-size: medium;\">\u00a0<\/span><\/span><\/span><a href=\"http:\/\/www.mspontocom.com.br\/\"><span style=\"color: #0000ff;\"><span style=\"font-family: Comic Sans MS, cursive;\"><span style=\"font-size: medium;\"><u>www.mspontocom.com.br<\/u><\/span><\/span><\/span><\/a><\/p>\n","protected":false},"excerpt":{"rendered":"<p>O partido de direita\u00a0Chega, de Portugal, instalou um\u00a0outdoor em Lisboa com cr\u00edticas ao presidente Lula e ao presidente de\u00a0Angola, Jo\u00e3o Louren\u00e7o. A pe\u00e7a publicit\u00e1ria foi colocada\u00a0em frente \u00e0 Assembleia da Rep\u00fablica\u00a0nesta\u00a0segunda-feira, 9, coincidindo com o dia da\u00a0posse do novo presidente portugu\u00eas, Ant\u00f3nio Jos\u00e9 Seguro. O cartaz apresenta fotos dos dois chefes de Estado acompanhadas da [&hellip;]<\/p>\n","protected":false},"author":2,"featured_media":207654,"comment_status":"open","ping_status":"open","sticky":false,"template":"","format":"standard","meta":{"_monsterinsights_skip_tracking":false,"_monsterinsights_sitenote_active":false,"_monsterinsights_sitenote_note":"","_monsterinsights_sitenote_category":0},"categories":[7,12],"tags":[44344,24557,480,21918,44343,2349,339],"aioseo_notices":[],"_links":{"self":[{"href":"https:\/\/mspontocom.com.br\/site\/wp-json\/wp\/v2\/posts\/207639"}],"collection":[{"href":"https:\/\/mspontocom.com.br\/site\/wp-json\/wp\/v2\/posts"}],"about":[{"href":"https:\/\/mspontocom.com.br\/site\/wp-json\/wp\/v2\/types\/post"}],"author":[{"embeddable":true,"href":"https:\/\/mspontocom.com.br\/site\/wp-json\/wp\/v2\/users\/2"}],"replies":[{"embeddable":true,"href":"https:\/\/mspontocom.com.br\/site\/wp-json\/wp\/v2\/comments?post=207639"}],"version-history":[{"count":2,"href":"https:\/\/mspontocom.com.br\/site\/wp-json\/wp\/v2\/posts\/207639\/revisions"}],"predecessor-version":[{"id":207655,"href":"https:\/\/mspontocom.com.br\/site\/wp-json\/wp\/v2\/posts\/207639\/revisions\/207655"}],"wp:featuredmedia":[{"embeddable":true,"href":"https:\/\/mspontocom.com.br\/site\/wp-json\/wp\/v2\/media\/207654"}],"wp:attachment":[{"href":"https:\/\/mspontocom.com.br\/site\/wp-json\/wp\/v2\/media?parent=207639"}],"wp:term":[{"taxonomy":"category","embeddable":true,"href":"https:\/\/mspontocom.com.br\/site\/wp-json\/wp\/v2\/categories?post=207639"},{"taxonomy":"post_tag","embeddable":true,"href":"https:\/\/mspontocom.com.br\/site\/wp-json\/wp\/v2\/tags?post=207639"}],"curies":[{"name":"wp","href":"https:\/\/api.w.org\/{rel}","templated":true}]}}