{"id":207644,"date":"2026-03-10T04:46:49","date_gmt":"2026-03-10T08:46:49","guid":{"rendered":"https:\/\/mspontocom.com.br\/site\/?p=207644"},"modified":"2026-03-10T04:47:27","modified_gmt":"2026-03-10T08:47:27","slug":"stf-poe-culpa-por-sua-desmoralizacao-em-moro-e-na-lava-jato","status":"publish","type":"post","link":"https:\/\/mspontocom.com.br\/site\/stf-poe-culpa-por-sua-desmoralizacao-em-moro-e-na-lava-jato\/","title":{"rendered":"STF p\u00f5e culpa por sua desmoraliza\u00e7\u00e3o em Moro e na Lava Jato"},"content":{"rendered":"<p style=\"text-align: justify;\"><img loading=\"lazy\" class=\"alignnone size-large wp-image-207647\" src=\"http:\/\/mspontocom.com.br\/site\/wp-content\/uploads\/2026\/03\/site-stf-poe-culpa-por-sua-desmoralizacao-em-moro-e-lava-jato-moro-rindo-1024x576.jpg\" alt=\"\" width=\"1024\" height=\"576\" srcset=\"https:\/\/mspontocom.com.br\/site\/wp-content\/uploads\/2026\/03\/site-stf-poe-culpa-por-sua-desmoralizacao-em-moro-e-lava-jato-moro-rindo-1024x576.jpg 1024w, https:\/\/mspontocom.com.br\/site\/wp-content\/uploads\/2026\/03\/site-stf-poe-culpa-por-sua-desmoralizacao-em-moro-e-lava-jato-moro-rindo-260x146.jpg 260w, https:\/\/mspontocom.com.br\/site\/wp-content\/uploads\/2026\/03\/site-stf-poe-culpa-por-sua-desmoralizacao-em-moro-e-lava-jato-moro-rindo-768x432.jpg 768w, https:\/\/mspontocom.com.br\/site\/wp-content\/uploads\/2026\/03\/site-stf-poe-culpa-por-sua-desmoralizacao-em-moro-e-lava-jato-moro-rindo.jpg 1200w\" sizes=\"(max-width: 1024px) 100vw, 1024px\" \/>O Brasil \u00e9 mesmo o pa\u00eds da piada pronta.<\/p>\n<p class=\"texto\" style=\"text-align: justify;\">As rea\u00e7\u00f5es duras dos ministros do STF, Dias Toffoli e Alexandre de Moraes, contra integrantes da Pol\u00edcia Federal e da Procuradoria Geral da Rep\u00fablica (PGR) teriam como origem uma grande desconfian\u00e7a.<\/p>\n<p class=\"texto\" style=\"text-align: justify;\">Pasmem, os ministros do STF desconfiam de que integrantes da antiga <strong>opera\u00e7\u00e3o Lava Jato<\/strong> permanecem em cargos chaves nesses dois \u00f3rg\u00e3os e <strong>est\u00e3o agindo para desmoralizar o Supremo<\/strong> e atingir o governo.<\/p>\n<blockquote>\n<p class=\"texto\"><em>&#8220;A Lava Jato est\u00e1 super estruturada ainda. Seus integrantes est\u00e3o em postos chaves da PGR, e o Moro tem agentes da Pol\u00edcia Federal absolutamente ligados a ele&#8221;.\u00a0<\/em><\/p>\n<\/blockquote>\n<p class=\"texto\" style=\"text-align: justify;\">O advogado Antonio Carlos de Almeida Castro, conhecido como Kakay, admitiu que remanescentes da Lava Jato na PF e na PGR est\u00e3o por tr\u00e1s dos ataques desferidos contra os ministros Dias Toffoli e Alexandre de Moraes.<\/p>\n<p class=\"texto\" style=\"text-align: justify;\">Segundo Kakay, trata-se de uma opera\u00e7\u00e3o que<strong> teria como coordenador o senador e ex-juiz Sergio Moro<\/strong> (PL-PR), que coordenou a Lava Jato quando estava \u00e0 frente da 13\u00aa Vara Federal.<\/p>\n<p class=\"texto\" style=\"text-align: justify;\">O advogado Eug\u00eanio Arag\u00e3o, que foi ministro da Justi\u00e7a no governo Dilma Rousseff, concorda com Kakay:<\/p>\n<blockquote>\n<p class=\"texto\"><em>&#8220;De fato, tanto a \u00e1rea penal da PGR como a PF est\u00e3o contaminados pelo lavajatismo.\u00a0 Mas tamb\u00e9m o protagonismo algo impr\u00f3prio do STF nas investiga\u00e7\u00f5es vem incomodando muito aos investigadores, que perdem um instrumento de alavancagem corporativa&#8221;, explica.<\/em><\/p>\n<\/blockquote>\n<p class=\"texto\" style=\"text-align: justify;\">Marco Aur\u00e9lio de Carvalho, coordenador do Grupo Prerrogativas, tamb\u00e9m acha, como Kakay, que a oposi\u00e7\u00e3o se juntou aos lavajatistas na tentativa de enfraquecer o STF por avaliar que acabariam atingindo o governo.<\/p>\n<p class=\"texto\" style=\"text-align: justify;\">Segundo ele, oposi\u00e7\u00e3o e lavajatistas aproveitaram-se de brigas internas na PF.<\/p>\n<p class=\"texto\" style=\"text-align: justify;\">No Pal\u00e1cio do Planalto a preocupa\u00e7\u00e3o \u00e9 que os chefes da PF, Andrei Rodrigues, e da Procuradoria-Geral da Rep\u00fablica identifiquem os lavajatistas nos dois \u00f3rg\u00e3os e os afastem de cargo chaves.<\/p>\n<p style=\"text-align: justify;\"><i><b>Continue em nossa companhia em:<\/b><\/i>\u00a0<a href=\"http:\/\/www.mspontocom.com.br\/\"><u>www.mspontocom.com.br<\/u><\/a><\/p>\n","protected":false},"excerpt":{"rendered":"<p>O Brasil \u00e9 mesmo o pa\u00eds da piada pronta. As rea\u00e7\u00f5es duras dos ministros do STF, Dias Toffoli e Alexandre de Moraes, contra integrantes da Pol\u00edcia Federal e da Procuradoria Geral da Rep\u00fablica (PGR) teriam como origem uma grande desconfian\u00e7a. Pasmem, os ministros do STF desconfiam de que integrantes da antiga opera\u00e7\u00e3o Lava Jato permanecem [&hellip;]<\/p>\n","protected":false},"author":2,"featured_media":207647,"comment_status":"open","ping_status":"open","sticky":false,"template":"","format":"standard","meta":{"_monsterinsights_skip_tracking":false,"_monsterinsights_sitenote_active":false,"_monsterinsights_sitenote_note":"","_monsterinsights_sitenote_category":0},"categories":[6,2528,30259,12],"tags":[23787,38395,21419,23158,3014],"aioseo_notices":[],"_links":{"self":[{"href":"https:\/\/mspontocom.com.br\/site\/wp-json\/wp\/v2\/posts\/207644"}],"collection":[{"href":"https:\/\/mspontocom.com.br\/site\/wp-json\/wp\/v2\/posts"}],"about":[{"href":"https:\/\/mspontocom.com.br\/site\/wp-json\/wp\/v2\/types\/post"}],"author":[{"embeddable":true,"href":"https:\/\/mspontocom.com.br\/site\/wp-json\/wp\/v2\/users\/2"}],"replies":[{"embeddable":true,"href":"https:\/\/mspontocom.com.br\/site\/wp-json\/wp\/v2\/comments?post=207644"}],"version-history":[{"count":3,"href":"https:\/\/mspontocom.com.br\/site\/wp-json\/wp\/v2\/posts\/207644\/revisions"}],"predecessor-version":[{"id":207648,"href":"https:\/\/mspontocom.com.br\/site\/wp-json\/wp\/v2\/posts\/207644\/revisions\/207648"}],"wp:featuredmedia":[{"embeddable":true,"href":"https:\/\/mspontocom.com.br\/site\/wp-json\/wp\/v2\/media\/207647"}],"wp:attachment":[{"href":"https:\/\/mspontocom.com.br\/site\/wp-json\/wp\/v2\/media?parent=207644"}],"wp:term":[{"taxonomy":"category","embeddable":true,"href":"https:\/\/mspontocom.com.br\/site\/wp-json\/wp\/v2\/categories?post=207644"},{"taxonomy":"post_tag","embeddable":true,"href":"https:\/\/mspontocom.com.br\/site\/wp-json\/wp\/v2\/tags?post=207644"}],"curies":[{"name":"wp","href":"https:\/\/api.w.org\/{rel}","templated":true}]}}