{"id":207814,"date":"2026-03-16T04:00:49","date_gmt":"2026-03-16T08:00:49","guid":{"rendered":"https:\/\/mspontocom.com.br\/site\/?p=207814"},"modified":"2026-03-16T06:19:30","modified_gmt":"2026-03-16T10:19:30","slug":"aguas-guariroba-lanca-programa-de-qualificacao-profissional-para-o-sistema-prisional","status":"publish","type":"post","link":"https:\/\/mspontocom.com.br\/site\/aguas-guariroba-lanca-programa-de-qualificacao-profissional-para-o-sistema-prisional\/","title":{"rendered":"\u00c1guas Guariroba lan\u00e7a programa de qualifica\u00e7\u00e3o profissional para o sistema prisional"},"content":{"rendered":"<div style=\"text-align: justify;\"><img loading=\"lazy\" class=\"alignnone size-large wp-image-207822\" src=\"http:\/\/mspontocom.com.br\/site\/wp-content\/uploads\/2026\/03\/site-aguas-guariroba-lanca-programa-de-qualificacao-profissional-para-o-sistema-prisional-captura-de-tela-2026-03-13-130358-1024x681.png\" alt=\"\" width=\"1024\" height=\"681\" srcset=\"https:\/\/mspontocom.com.br\/site\/wp-content\/uploads\/2026\/03\/site-aguas-guariroba-lanca-programa-de-qualificacao-profissional-para-o-sistema-prisional-captura-de-tela-2026-03-13-130358-1024x681.png 1024w, https:\/\/mspontocom.com.br\/site\/wp-content\/uploads\/2026\/03\/site-aguas-guariroba-lanca-programa-de-qualificacao-profissional-para-o-sistema-prisional-captura-de-tela-2026-03-13-130358-260x173.png 260w, https:\/\/mspontocom.com.br\/site\/wp-content\/uploads\/2026\/03\/site-aguas-guariroba-lanca-programa-de-qualificacao-profissional-para-o-sistema-prisional-captura-de-tela-2026-03-13-130358-768x511.png 768w, https:\/\/mspontocom.com.br\/site\/wp-content\/uploads\/2026\/03\/site-aguas-guariroba-lanca-programa-de-qualificacao-profissional-para-o-sistema-prisional-captura-de-tela-2026-03-13-130358.png 1290w\" sizes=\"(max-width: 1024px) 100vw, 1024px\" \/>A \u00c1guas Guariroba lan\u00e7ou Programa de Qualifica\u00e7\u00e3o Profissional voltado \u00e0 forma\u00e7\u00e3o t\u00e9cnica de diferentes p\u00fablicos e institui\u00e7\u00f5es de Campo Grande.<\/div>\n<div style=\"text-align: justify;\"><\/div>\n<div style=\"text-align: justify;\">A primeira etapa do programa come\u00e7ou com um curso de capacita\u00e7\u00e3o em hidr\u00e1ulica, com carga hor\u00e1ria total de 40 horas, destinado a 140 reeducandos de unidades prisionais da Capital.<\/div>\n<div style=\"text-align: justify;\"><\/div>\n<div style=\"text-align: justify;\">A a\u00e7\u00e3o \u00e9 realizada em parceria com a Ag\u00eancia Estadual de Administra\u00e7\u00e3o do Sistema Penitenci\u00e1rio (Agepen), o Governo do Estado e a Faculdade Senai de Constru\u00e7\u00e3o, integrando a pol\u00edtica de ressocializa\u00e7\u00e3o do sistema prisional.<\/div>\n<div style=\"text-align: justify;\"><\/div>\n<div style=\"text-align: justify;\">Al\u00e9m de contribuir para a qualifica\u00e7\u00e3o profissional, o curso tamb\u00e9m promove a sustentabilidade no uso da \u00e1gua, j\u00e1 que os participantes s\u00e3o capacitados para identificar vazamentos e realizar manuten\u00e7\u00f5es em tubula\u00e7\u00f5es dentro das unidades prisionais.<\/div>\n<div style=\"text-align: justify;\"><\/div>\n<div style=\"text-align: justify;\">Segundo o diretor-presidente da \u00c1guas Guariroba, Gabriel Buim, a iniciativa une qualifica\u00e7\u00e3o profissional, responsabilidade social e uso consciente da \u00e1gua.<\/div>\n<div style=\"text-align: justify;\"><\/div>\n<blockquote>\n<div><em>\u201cEstamos aqui no Pres\u00eddio de Seguran\u00e7a M\u00e1xima de Campo Grande lan\u00e7ando uma parceria da \u00c1guas Guariroba com o Governo do Estado para capacitar reeducandos e fazer a doa\u00e7\u00e3o de materiais para o sistema prisional de Mato Grosso do Sul, visando o consumo consciente e a redu\u00e7\u00e3o do consumo de \u00e1gua nas unidades prisionais\u201d, afirmou.<\/em><\/div>\n<\/blockquote>\n<div style=\"text-align: justify;\">Todo o material utilizado na capacita\u00e7\u00e3o, incluindo uniformes e equipamentos de seguran\u00e7a, foi doado pela \u00c1guas Guariroba.<\/div>\n<div style=\"text-align: justify;\"><\/div>\n<div style=\"text-align: justify;\">Ao final do curso, os participantes receber\u00e3o certificado, ampliando as possibilidades de inser\u00e7\u00e3o profissional na \u00e1rea de encanador hidr\u00e1ulico.<\/div>\n<div style=\"text-align: justify;\"><\/div>\n<div style=\"text-align: justify;\">Posteriormente, o programa dever\u00e1 ser ampliado para outras institui\u00e7\u00f5es.<\/div>\n<div style=\"text-align: justify;\"><\/div>\n<div style=\"text-align: justify;\">\n<p><span style=\"color: #444444;\"><span style=\"font-family: Ubuntu, Helvetica, Arial, sans-serif;\"><span style=\"font-size: large;\"><i><b>Continue em nossa companhia em:<\/b><\/i><\/span><\/span><\/span><span style=\"color: #444444;\"><span style=\"font-family: Montserrat;\"><span style=\"font-size: medium;\">\u00a0<\/span><\/span><\/span><a href=\"http:\/\/www.mspontocom.com.br\/\"><span style=\"color: #0000ff;\"><span style=\"font-family: Comic Sans MS, cursive;\"><span style=\"font-size: medium;\"><u>www.mspontocom.com.br<\/u><\/span><\/span><\/span><\/a><\/p>\n<\/div>\n","protected":false},"excerpt":{"rendered":"<p>A \u00c1guas Guariroba lan\u00e7ou Programa de Qualifica\u00e7\u00e3o Profissional voltado \u00e0 forma\u00e7\u00e3o t\u00e9cnica de diferentes p\u00fablicos e institui\u00e7\u00f5es de Campo Grande. A primeira etapa do programa come\u00e7ou com um curso de capacita\u00e7\u00e3o em hidr\u00e1ulica, com carga hor\u00e1ria total de 40 horas, destinado a 140 reeducandos de unidades prisionais da Capital. A a\u00e7\u00e3o \u00e9 realizada em parceria [&hellip;]<\/p>\n","protected":false},"author":2,"featured_media":207822,"comment_status":"open","ping_status":"open","sticky":false,"template":"","format":"standard","meta":{"_monsterinsights_skip_tracking":false,"_monsterinsights_sitenote_active":false,"_monsterinsights_sitenote_note":"","_monsterinsights_sitenote_category":0},"categories":[4328],"tags":[],"aioseo_notices":[],"_links":{"self":[{"href":"https:\/\/mspontocom.com.br\/site\/wp-json\/wp\/v2\/posts\/207814"}],"collection":[{"href":"https:\/\/mspontocom.com.br\/site\/wp-json\/wp\/v2\/posts"}],"about":[{"href":"https:\/\/mspontocom.com.br\/site\/wp-json\/wp\/v2\/types\/post"}],"author":[{"embeddable":true,"href":"https:\/\/mspontocom.com.br\/site\/wp-json\/wp\/v2\/users\/2"}],"replies":[{"embeddable":true,"href":"https:\/\/mspontocom.com.br\/site\/wp-json\/wp\/v2\/comments?post=207814"}],"version-history":[{"count":2,"href":"https:\/\/mspontocom.com.br\/site\/wp-json\/wp\/v2\/posts\/207814\/revisions"}],"predecessor-version":[{"id":207823,"href":"https:\/\/mspontocom.com.br\/site\/wp-json\/wp\/v2\/posts\/207814\/revisions\/207823"}],"wp:featuredmedia":[{"embeddable":true,"href":"https:\/\/mspontocom.com.br\/site\/wp-json\/wp\/v2\/media\/207822"}],"wp:attachment":[{"href":"https:\/\/mspontocom.com.br\/site\/wp-json\/wp\/v2\/media?parent=207814"}],"wp:term":[{"taxonomy":"category","embeddable":true,"href":"https:\/\/mspontocom.com.br\/site\/wp-json\/wp\/v2\/categories?post=207814"},{"taxonomy":"post_tag","embeddable":true,"href":"https:\/\/mspontocom.com.br\/site\/wp-json\/wp\/v2\/tags?post=207814"}],"curies":[{"name":"wp","href":"https:\/\/api.w.org\/{rel}","templated":true}]}}