{"id":208013,"date":"2026-03-24T04:30:32","date_gmt":"2026-03-24T08:30:32","guid":{"rendered":"https:\/\/mspontocom.com.br\/site\/?p=208013"},"modified":"2026-03-24T07:39:44","modified_gmt":"2026-03-24T11:39:44","slug":"empresas-de-ms-podem-se-inscrever-para-receber-o-selo-social-empresa-amiga-da-mulher","status":"publish","type":"post","link":"https:\/\/mspontocom.com.br\/site\/empresas-de-ms-podem-se-inscrever-para-receber-o-selo-social-empresa-amiga-da-mulher\/","title":{"rendered":"Empresas de MS podem se inscrever para receber o Selo Social \u201cEmpresa Amiga da Mulher\u201d"},"content":{"rendered":"<p style=\"text-align: justify;\"><img loading=\"lazy\" class=\"alignnone size-full wp-image-208014\" src=\"http:\/\/mspontocom.com.br\/site\/wp-content\/uploads\/2026\/03\/site-empresas-de-ms-podem-se-inscrever-para-receber-o-selo-social-empresa-amiga-da-mulher-selo-e.jpg\" alt=\"\" width=\"730\" height=\"425\" srcset=\"https:\/\/mspontocom.com.br\/site\/wp-content\/uploads\/2026\/03\/site-empresas-de-ms-podem-se-inscrever-para-receber-o-selo-social-empresa-amiga-da-mulher-selo-e.jpg 730w, https:\/\/mspontocom.com.br\/site\/wp-content\/uploads\/2026\/03\/site-empresas-de-ms-podem-se-inscrever-para-receber-o-selo-social-empresa-amiga-da-mulher-selo-e-260x151.jpg 260w\" sizes=\"(max-width: 730px) 100vw, 730px\" \/>Empresas p\u00fablicas e privadas, al\u00e9m de institui\u00e7\u00f5es e funda\u00e7\u00f5es de Mato Grosso do Sul, j\u00e1 podem se inscrever para participar do Selo Social<strong> \u201cEmpresa Amiga da Mulher\u201d<\/strong>, iniciativa que reconhece e d\u00e1 visibilidade a organiza\u00e7\u00f5es que desenvolvem pr\u00e1ticas voltadas \u00e0 promo\u00e7\u00e3o, valoriza\u00e7\u00e3o e defesa dos direitos das mulheres no ambiente de trabalho.<\/p>\n<p style=\"text-align: justify;\">Regulamentado por meio do Decreto n\u00ba 16.055\/2022, o selo busca incentivar a\u00e7\u00f5es que fortale\u00e7am as pol\u00edticas p\u00fablicas para mulheres no Estado, estimulando empresas e institui\u00e7\u00f5es a adotarem medidas concretas para a promo\u00e7\u00e3o da equidade de g\u00eanero.<\/p>\n<p style=\"text-align: justify;\">Podem se inscrever organiza\u00e7\u00f5es que j\u00e1 possuam pr\u00e1ticas e programas implementados ou que apresentem iniciativas voltadas \u00e0 garantia dos direitos humanos das mulheres e \u00e0 promo\u00e7\u00e3o de ambientes de trabalho mais inclusivos e igualit\u00e1rios.<\/p>\n<p style=\"text-align: justify;\">O Selo ser\u00e1 concedido em duas categorias.<\/p>\n<p style=\"text-align: justify;\">A primeira reconhece a\u00e7\u00f5es j\u00e1 implementadas pelas organiza\u00e7\u00f5es, que poder\u00e3o receber classifica\u00e7\u00e3o Ouro, Prata ou Bronze, conforme a abrang\u00eancia das pr\u00e1ticas e o n\u00famero de eixos atendidos.<\/p>\n<p style=\"text-align: justify;\">A segunda contempla iniciativas implement\u00e1veis, destinadas a propostas e projetos que visem fortalecer a presen\u00e7a e a valoriza\u00e7\u00e3o das mulheres no mercado de trabalho.<\/p>\n<p style=\"text-align: justify;\">A iniciativa tamb\u00e9m busca estimular o combate ao ass\u00e9dio moral e sexual no ambiente corporativo, promover a igualdade salarial e incentivar boas pr\u00e1ticas institucionais, como pol\u00edticas de apoio \u00e0 gestante e incentivo ao aleitamento materno.<\/p>\n<blockquote><p><em>\u201cCom o selo, o Governo do Estado pretende ampliar o debate sobre igualdade de g\u00eanero no mundo do trabalho e reconhecer organiza\u00e7\u00f5es comprometidas com a constru\u00e7\u00e3o de ambientes profissionais mais justos, seguros e inclusivos para as mulheres\u201d, explica a Secret\u00e1ria de Estado da Cidadania, Viviane Luiza.<\/em><\/p><\/blockquote>\n<p style=\"text-align: justify;\">As inscri\u00e7\u00f5es poder\u00e3o ser realizadas at\u00e9 10 de julho de 2026, pela internet, por meio da Ficha de<\/p>\n<p style=\"text-align: justify;\">Inscri\u00e7\u00e3o disponibilizada no <a href=\"https:\/\/www.sec.ms.gov.br\/wp-content\/uploads\/2026\/03\/DO12094_09_03_2026.pdf\">Edital<\/a>\u00a0e dever\u00e1 ser enviada ao e-mail\u00a0<a href=\"mailto:empresaamiga@sec.ms.gov.br\">empresaamiga@sec.ms.gov.br<\/a>.<\/p>\n<p style=\"text-align: justify;\">Confira o edital completo\u00a0<a href=\"https:\/\/www.sec.ms.gov.br\/wp-content\/uploads\/2026\/03\/DO12094_09_03_2026.pdf\">aqui<\/a>.<\/p>\n<p style=\"text-align: justify;\"><em>fonte: Jaqueline Hahn Tente, da Comunica\u00e7\u00e3o da Cidadania<\/em><\/p>\n<p style=\"text-align: justify;\"><span style=\"color: #444444;\"><span style=\"font-family: Ubuntu, Helvetica, Arial, sans-serif;\"><span style=\"font-size: large;\"><i><b>Continue em nossa companhia em:<\/b><\/i><\/span><\/span><\/span><span style=\"color: #444444;\"><span style=\"font-family: Montserrat;\"><span style=\"font-size: medium;\">\u00a0<\/span><\/span><\/span><a href=\"http:\/\/www.mspontocom.com.br\/\"><span style=\"color: #0000ff;\"><span style=\"font-family: Comic Sans MS, cursive;\"><span style=\"font-size: medium;\"><u>www.mspontocom.com.br<\/u><\/span><\/span><\/span><\/a><\/p>\n","protected":false},"excerpt":{"rendered":"<p>Empresas p\u00fablicas e privadas, al\u00e9m de institui\u00e7\u00f5es e funda\u00e7\u00f5es de Mato Grosso do Sul, j\u00e1 podem se inscrever para participar do Selo Social \u201cEmpresa Amiga da Mulher\u201d, iniciativa que reconhece e d\u00e1 visibilidade a organiza\u00e7\u00f5es que desenvolvem pr\u00e1ticas voltadas \u00e0 promo\u00e7\u00e3o, valoriza\u00e7\u00e3o e defesa dos direitos das mulheres no ambiente de trabalho. Regulamentado por meio [&hellip;]<\/p>\n","protected":false},"author":2,"featured_media":208014,"comment_status":"open","ping_status":"open","sticky":false,"template":"","format":"standard","meta":{"_monsterinsights_skip_tracking":false,"_monsterinsights_sitenote_active":false,"_monsterinsights_sitenote_note":"","_monsterinsights_sitenote_category":0},"categories":[74],"tags":[1710,26136,81,44413],"aioseo_notices":[],"_links":{"self":[{"href":"https:\/\/mspontocom.com.br\/site\/wp-json\/wp\/v2\/posts\/208013"}],"collection":[{"href":"https:\/\/mspontocom.com.br\/site\/wp-json\/wp\/v2\/posts"}],"about":[{"href":"https:\/\/mspontocom.com.br\/site\/wp-json\/wp\/v2\/types\/post"}],"author":[{"embeddable":true,"href":"https:\/\/mspontocom.com.br\/site\/wp-json\/wp\/v2\/users\/2"}],"replies":[{"embeddable":true,"href":"https:\/\/mspontocom.com.br\/site\/wp-json\/wp\/v2\/comments?post=208013"}],"version-history":[{"count":1,"href":"https:\/\/mspontocom.com.br\/site\/wp-json\/wp\/v2\/posts\/208013\/revisions"}],"predecessor-version":[{"id":208015,"href":"https:\/\/mspontocom.com.br\/site\/wp-json\/wp\/v2\/posts\/208013\/revisions\/208015"}],"wp:featuredmedia":[{"embeddable":true,"href":"https:\/\/mspontocom.com.br\/site\/wp-json\/wp\/v2\/media\/208014"}],"wp:attachment":[{"href":"https:\/\/mspontocom.com.br\/site\/wp-json\/wp\/v2\/media?parent=208013"}],"wp:term":[{"taxonomy":"category","embeddable":true,"href":"https:\/\/mspontocom.com.br\/site\/wp-json\/wp\/v2\/categories?post=208013"},{"taxonomy":"post_tag","embeddable":true,"href":"https:\/\/mspontocom.com.br\/site\/wp-json\/wp\/v2\/tags?post=208013"}],"curies":[{"name":"wp","href":"https:\/\/api.w.org\/{rel}","templated":true}]}}