{"id":208016,"date":"2026-03-24T04:20:43","date_gmt":"2026-03-24T08:20:43","guid":{"rendered":"https:\/\/mspontocom.com.br\/site\/?p=208016"},"modified":"2026-03-24T07:46:56","modified_gmt":"2026-03-24T11:46:56","slug":"procon-ms-publica-as-empresas-mais-reclamadas-em-2025","status":"publish","type":"post","link":"https:\/\/mspontocom.com.br\/site\/procon-ms-publica-as-empresas-mais-reclamadas-em-2025\/","title":{"rendered":"Procon MS publica as empresas mais reclamadas em 2025"},"content":{"rendered":"<p style=\"text-align: justify;\"><img loading=\"lazy\" class=\"alignnone size-full wp-image-208017\" src=\"http:\/\/mspontocom.com.br\/site\/wp-content\/uploads\/2026\/03\/site-procon-ms-publica-relatorio-de-empresas-mais-reclamadas-em-2025-procon.png\" alt=\"\" width=\"730\" height=\"425\" srcset=\"https:\/\/mspontocom.com.br\/site\/wp-content\/uploads\/2026\/03\/site-procon-ms-publica-relatorio-de-empresas-mais-reclamadas-em-2025-procon.png 730w, https:\/\/mspontocom.com.br\/site\/wp-content\/uploads\/2026\/03\/site-procon-ms-publica-relatorio-de-empresas-mais-reclamadas-em-2025-procon-260x151.png 260w\" sizes=\"(max-width: 730px) 100vw, 730px\" \/>O Procon Mato Grosso do Sul publicou os dados do cadastro de reclama\u00e7\u00f5es fundamentadas, referentes aos meses de janeiro a dezembro de 2025.<\/p>\n<p style=\"text-align: justify;\">Os servi\u00e7os banc\u00e1rios, de telefonia e de energia el\u00e9trica foram os mais demandados.<\/p>\n<p style=\"text-align: justify;\">No per\u00edodo, a institui\u00e7\u00e3o realizou 22.980 atendimentos.<\/p>\n<p style=\"text-align: justify;\">Destes, 12.811 (55,75%) foram queixas de consumidores sobre produtos ou servi\u00e7os que, ap\u00f3s an\u00e1lise t\u00e9cnica e comprova\u00e7\u00e3o da rela\u00e7\u00e3o jur\u00eddica de consumo, resultaram em 6.445 reclama\u00e7\u00f5es fundamentadas.<\/p>\n<p style=\"text-align: justify;\">Entre as cinco empresas mais acionadas no ano passado est\u00e3o dois bancos, duas operadoras de telefonia e uma concession\u00e1ria de energia el\u00e9trica.<\/p>\n<p style=\"text-align: justify;\">Os dados completos est\u00e3o dispon\u00edveis para\u00a0<a href=\"https:\/\/www.procon.ms.gov.br\/informativos\/boletins\/\" target=\"_blank\" rel=\"noreferrer noopener\">consulta no site do Procon Mato Grosso do Sul<\/a>\u00a0que, como coordenador do Sistema Estadual de Defesa do Consumidor, lista ainda os relat\u00f3rios de reclama\u00e7\u00f5es fundamentadas elaborados por 20 dos 45 Procons municipais do Estado.<\/p>\n<p><strong>Servi\u00e7o<\/strong><\/p>\n<p>Acesse o cadastro de Reclama\u00e7\u00f5es Fundamentadas de 2025:<\/p>\n<p>&#8211;\u00a0<a href=\"https:\/\/www.procon.ms.gov.br\/wp-content\/uploads\/2026\/03\/Cadastro-de-Reclamacoes-Fundamentadas-2025-%E2%80%93-Procon-Mato-Grosso-do-Sul.pdf\" target=\"_blank\" rel=\"noreferrer noopener\">Procon Mato Grosso do Sul<\/a><br \/>\n&#8211;\u00a0<a href=\"https:\/\/www.procon.ms.gov.br\/wp-content\/uploads\/2026\/03\/Cadastro-de-Reclamacoes-Fundamentadas-2025-%E2%80%93-Amambai.pdf\" target=\"_blank\" rel=\"noreferrer noopener\">Amambai<\/a><br \/>\n&#8211;\u00a0<a href=\"https:\/\/www.procon.ms.gov.br\/wp-content\/uploads\/2026\/03\/Cadastro-de-Reclamacoes-Fundamentadas-2025-%E2%80%93-Aparecida-do-Taboado.pdf\" target=\"_blank\" rel=\"noreferrer noopener\">Aparecida do Taboado<\/a><br \/>\n&#8211;\u00a0<a href=\"https:\/\/www.procon.ms.gov.br\/wp-content\/uploads\/2026\/03\/Cadastro-de-Reclamacoes-Fundamentadas-2025-%E2%80%93-Aquidauana.pdf\" target=\"_blank\" rel=\"noreferrer noopener\">Aquidauana<\/a><br \/>\n&#8211;\u00a0<a href=\"https:\/\/www.procon.ms.gov.br\/wp-content\/uploads\/2026\/03\/Cadastro-de-Reclamacoes-Fundamentadas-2025-%E2%80%93-Bonito.pdf\" target=\"_blank\" rel=\"noreferrer noopener\">Bonito<\/a><br \/>\n&#8211;\u00a0<a href=\"https:\/\/www.procon.ms.gov.br\/wp-content\/uploads\/2026\/03\/Cadastro-de-Reclamacoes-Fundamentadas-2025-%E2%80%93-Caarapo.pdf\" target=\"_blank\" rel=\"noreferrer noopener\">Caarap\u00f3<\/a><br \/>\n&#8211;\u00a0<a href=\"https:\/\/www.procon.ms.gov.br\/wp-content\/uploads\/2026\/03\/Cadastro-de-Reclamacoes-Fundamentadas-2025-%E2%80%93-Costa-Rica.pdf\" target=\"_blank\" rel=\"noreferrer noopener\">Costa Rica<\/a><br \/>\n&#8211;\u00a0<a href=\"https:\/\/www.procon.ms.gov.br\/wp-content\/uploads\/2026\/03\/Cadastro-de-Reclamacoes-Fundamentadas-2025-%E2%80%93-Coxim.pdf\" target=\"_blank\" rel=\"noreferrer noopener\">Coxim<\/a><br \/>\n&#8211;\u00a0<a href=\"https:\/\/www.procon.ms.gov.br\/wp-content\/uploads\/2026\/03\/Cadastro-de-Reclamacoes-Fundamentadas-2025-%E2%80%93-Deodapolis.pdf\" target=\"_blank\" rel=\"noreferrer noopener\">Deod\u00e1polis<\/a><br \/>\n&#8211;\u00a0<a href=\"https:\/\/www.procon.ms.gov.br\/wp-content\/uploads\/2026\/03\/Cadastro-de-Reclamacoes-Fundamentadas-2025-%E2%80%93-Dourados.pdf\" target=\"_blank\" rel=\"noreferrer noopener\">Dourados<\/a><br \/>\n&#8211;\u00a0<a href=\"https:\/\/www.procon.ms.gov.br\/wp-content\/uploads\/2026\/03\/Cadastro-de-Reclamacoes-Fundamentadas-2025-%E2%80%93-Fatima-do-Sul.pdf\" target=\"_blank\" rel=\"noreferrer noopener\">F\u00e1tima do Sul<\/a><br \/>\n&#8211;\u00a0<a href=\"https:\/\/www.procon.ms.gov.br\/wp-content\/uploads\/2026\/03\/Cadastro-de-Reclamacoes-Fundamentadas-2025-%E2%80%93-Inocencia.pdf\" target=\"_blank\" rel=\"noreferrer noopener\">Inoc\u00eancia<\/a><br \/>\n&#8211;\u00a0<a href=\"https:\/\/www.procon.ms.gov.br\/wp-content\/uploads\/2026\/03\/Cadastro-de-Reclamacoes-Fundamentadas-2025-%E2%80%93-Maracaju.pdf\" target=\"_blank\" rel=\"noreferrer noopener\">Maracaju<\/a><br \/>\n&#8211;\u00a0<a href=\"https:\/\/www.procon.ms.gov.br\/wp-content\/uploads\/2026\/03\/Cadastro-de-Reclamacoes-Fundamentadas-2025-%E2%80%93-Miranda.pdf\" target=\"_blank\" rel=\"noreferrer noopener\">Miranda<\/a><br \/>\n&#8211;\u00a0<a href=\"https:\/\/www.procon.ms.gov.br\/wp-content\/uploads\/2026\/03\/Cadastro-de-Reclamacoes-Fundamentadas-2025-%E2%80%93-Navirai.pdf\" target=\"_blank\" rel=\"noreferrer noopener\">Navira\u00ed<\/a><br \/>\n&#8211;\u00a0<a href=\"https:\/\/www.procon.ms.gov.br\/wp-content\/uploads\/2026\/03\/Cadastro-de-Reclamacoes-Fundamentadas-2025-%E2%80%93-Nova-Andradina.pdf\" target=\"_blank\" rel=\"noreferrer noopener\">Nova Andradina<\/a><br \/>\n&#8211;\u00a0<a href=\"https:\/\/www.procon.ms.gov.br\/wp-content\/uploads\/2026\/03\/Cadastro-de-Reclamacoes-Fundamentadas-2025-%E2%80%93-Paranaiba.pdf\" target=\"_blank\" rel=\"noreferrer noopener\">Parana\u00edba<\/a><br \/>\n&#8211;\u00a0<a href=\"https:\/\/www.procon.ms.gov.br\/wp-content\/uploads\/2026\/03\/Cadastro-de-Reclamacoes-Fundamentadas-2025-%E2%80%93-Ponta-Pora.pdf\" target=\"_blank\" rel=\"noreferrer noopener\">Ponta Por\u00e3<\/a><br \/>\n&#8211;\u00a0<a href=\"https:\/\/www.procon.ms.gov.br\/wp-content\/uploads\/2026\/03\/Cadastro-de-Reclamacoes-Fundamentadas-2025-%E2%80%93-Rio-Brilhante.pdf\" target=\"_blank\" rel=\"noreferrer noopener\">Rio Brilhante<\/a><br \/>\n&#8211;\u00a0<a href=\"https:\/\/www.procon.ms.gov.br\/wp-content\/uploads\/2026\/03\/Cadastro-de-Reclamacoes-Fundamentadas-2025-%E2%80%93-Sidrolandia.pdf\" target=\"_blank\" rel=\"noreferrer noopener\">Sidrol\u00e2ndia<\/a><br \/>\n&#8211;\u00a0<a href=\"https:\/\/www.procon.ms.gov.br\/wp-content\/uploads\/2026\/03\/Cadastro-de-Reclamacoes-Fundamentadas-2025-%E2%80%93-Tres-Lagoas.pdf\" target=\"_blank\" rel=\"noreferrer noopener\">Tr\u00eas Lagoas<\/a><\/p>\n<p style=\"text-align: justify;\">\n<p style=\"text-align: justify;\"><span style=\"color: #444444;\"><span style=\"font-family: Ubuntu, Helvetica, Arial, sans-serif;\"><span style=\"font-size: large;\"><i><b>Continue em nossa companhia em:<\/b><\/i><\/span><\/span><\/span><span style=\"color: #444444;\"><span style=\"font-family: Montserrat;\"><span style=\"font-size: medium;\">\u00a0<\/span><\/span><\/span><a href=\"http:\/\/www.mspontocom.com.br\/\"><span style=\"color: #0000ff;\"><span style=\"font-family: Comic Sans MS, cursive;\"><span style=\"font-size: medium;\"><u>www.mspontocom.com.br<\/u><\/span><\/span><\/span><\/a><\/p>\n<p style=\"text-align: justify;\">\n<p><em>fonte:Kleber Clajus, Comunica\u00e7\u00e3o Procon\/MS<br \/>\nFoto: Kleber Clajus\/ProconMS\/Arquivo<\/em><\/p>\n","protected":false},"excerpt":{"rendered":"<p>O Procon Mato Grosso do Sul publicou os dados do cadastro de reclama\u00e7\u00f5es fundamentadas, referentes aos meses de janeiro a dezembro de 2025. Os servi\u00e7os banc\u00e1rios, de telefonia e de energia el\u00e9trica foram os mais demandados. No per\u00edodo, a institui\u00e7\u00e3o realizou 22.980 atendimentos. Destes, 12.811 (55,75%) foram queixas de consumidores sobre produtos ou servi\u00e7os que, [&hellip;]<\/p>\n","protected":false},"author":2,"featured_media":208017,"comment_status":"open","ping_status":"open","sticky":false,"template":"","format":"standard","meta":{"_monsterinsights_skip_tracking":false,"_monsterinsights_sitenote_active":false,"_monsterinsights_sitenote_note":"","_monsterinsights_sitenote_category":0},"categories":[74],"tags":[40580,1710,44415,5082,44414],"aioseo_notices":[],"_links":{"self":[{"href":"https:\/\/mspontocom.com.br\/site\/wp-json\/wp\/v2\/posts\/208016"}],"collection":[{"href":"https:\/\/mspontocom.com.br\/site\/wp-json\/wp\/v2\/posts"}],"about":[{"href":"https:\/\/mspontocom.com.br\/site\/wp-json\/wp\/v2\/types\/post"}],"author":[{"embeddable":true,"href":"https:\/\/mspontocom.com.br\/site\/wp-json\/wp\/v2\/users\/2"}],"replies":[{"embeddable":true,"href":"https:\/\/mspontocom.com.br\/site\/wp-json\/wp\/v2\/comments?post=208016"}],"version-history":[{"count":1,"href":"https:\/\/mspontocom.com.br\/site\/wp-json\/wp\/v2\/posts\/208016\/revisions"}],"predecessor-version":[{"id":208018,"href":"https:\/\/mspontocom.com.br\/site\/wp-json\/wp\/v2\/posts\/208016\/revisions\/208018"}],"wp:featuredmedia":[{"embeddable":true,"href":"https:\/\/mspontocom.com.br\/site\/wp-json\/wp\/v2\/media\/208017"}],"wp:attachment":[{"href":"https:\/\/mspontocom.com.br\/site\/wp-json\/wp\/v2\/media?parent=208016"}],"wp:term":[{"taxonomy":"category","embeddable":true,"href":"https:\/\/mspontocom.com.br\/site\/wp-json\/wp\/v2\/categories?post=208016"},{"taxonomy":"post_tag","embeddable":true,"href":"https:\/\/mspontocom.com.br\/site\/wp-json\/wp\/v2\/tags?post=208016"}],"curies":[{"name":"wp","href":"https:\/\/api.w.org\/{rel}","templated":true}]}}