{"id":208152,"date":"2026-03-30T04:58:08","date_gmt":"2026-03-30T08:58:08","guid":{"rendered":"https:\/\/mspontocom.com.br\/site\/?p=208152"},"modified":"2026-03-30T07:04:09","modified_gmt":"2026-03-30T11:04:09","slug":"acao-inedita-amplia-apoio-a-entidades-sociais-em-campo-grande","status":"publish","type":"post","link":"https:\/\/mspontocom.com.br\/site\/acao-inedita-amplia-apoio-a-entidades-sociais-em-campo-grande\/","title":{"rendered":"A\u00e7\u00e3o in\u00e9dita amplia apoio a entidades sociais em Campo Grande"},"content":{"rendered":"<p style=\"text-align: justify;\"><img loading=\"lazy\" class=\"alignnone size-large wp-image-208155\" src=\"http:\/\/mspontocom.com.br\/site\/wp-content\/uploads\/2026\/03\/site-acao-inedita-amplia-apoio-a-entidades-sociais-em-campo-grande-adriane-1024x682.jpeg\" alt=\"\" width=\"1024\" height=\"682\" srcset=\"https:\/\/mspontocom.com.br\/site\/wp-content\/uploads\/2026\/03\/site-acao-inedita-amplia-apoio-a-entidades-sociais-em-campo-grande-adriane-1024x682.jpeg 1024w, https:\/\/mspontocom.com.br\/site\/wp-content\/uploads\/2026\/03\/site-acao-inedita-amplia-apoio-a-entidades-sociais-em-campo-grande-adriane-260x173.jpeg 260w, https:\/\/mspontocom.com.br\/site\/wp-content\/uploads\/2026\/03\/site-acao-inedita-amplia-apoio-a-entidades-sociais-em-campo-grande-adriane-768x512.jpeg 768w, https:\/\/mspontocom.com.br\/site\/wp-content\/uploads\/2026\/03\/site-acao-inedita-amplia-apoio-a-entidades-sociais-em-campo-grande-adriane.jpeg 1280w\" sizes=\"(max-width: 1024px) 100vw, 1024px\" \/>A Prefeitura Municipal de Campo Grande realizou nesta semana um ato in\u00e9dito de assinatura de cess\u00f5es de uso de \u00e1reas p\u00fablicas para entidades sociais, comunit\u00e1rias e ambientais da Capital.<\/p>\n<p style=\"text-align: justify;\">A iniciativa marca uma nova forma de parceria entre o poder p\u00fablico e a sociedade civil.<\/p>\n<p style=\"text-align: justify;\">A a\u00e7\u00e3o formaliza autoriza\u00e7\u00f5es para utiliza\u00e7\u00e3o de espa\u00e7os p\u00fablicos por um per\u00edodo de dois anos, garantindo seguran\u00e7a jur\u00eddica para institui\u00e7\u00f5es que j\u00e1 desenvolvem projetos com impacto direto nas comunidades.<\/p>\n<p style=\"text-align: justify;\">Ao todo, oito associa\u00e7\u00f5es foram contempladas, com \u00e1reas destinadas a atividades de inclus\u00e3o social, apoio comunit\u00e1rio e sustentabilidade.<\/p>\n<p style=\"text-align: justify;\">Durante o evento, a prefeita Adriane Lopes afirmou que a medida fortalece o trabalho das entidades e assegura continuidade \u00e0s a\u00e7\u00f5es realizadas nos bairros.<\/p>\n<blockquote><p><em>\u201cNosso objetivo \u00e9 dar tranquilidade para que essas institui\u00e7\u00f5es continuem desenvolvendo pol\u00edticas p\u00fablicas que chegam diretamente \u00e0 popula\u00e7\u00e3o\u201d.<\/em>.<\/p><\/blockquote>\n<p style=\"text-align: justify;\"><span style=\"font-size: 18pt;\"><strong>Sobre as associa\u00e7\u00f5es e entidades atendidas<\/strong><\/span><\/p>\n<p style=\"text-align: justify;\">A representante da comunidade quilombola S\u00e3o Jo\u00e3o Batista, Rosana Anuncia\u00e7\u00e3o, falou sobre a import\u00e2ncia da regulariza\u00e7\u00e3o para a continuidade do trabalho social desenvolvido h\u00e1 d\u00e9cadas.<\/p>\n<blockquote><p><em>\u201cEstamos h\u00e1 mais de 30 anos naquele espa\u00e7o e, como associa\u00e7\u00e3o formalizada, h\u00e1 26 anos. Desenvolvemos a\u00e7\u00f5es com crian\u00e7as, adolescentes e fam\u00edlias. A comunidade quilombola abriu as portas para atender quem precisa, e essa formaliza\u00e7\u00e3o garante que possamos continuar esse trabalho com mais seguran\u00e7a\u201d.<\/em><\/p><\/blockquote>\n<p style=\"text-align: justify;\">Entre os demais beneficiados est\u00e3o a Associa\u00e7\u00e3o de Equita\u00e7\u00e3o Inclusiva para Adultos e Crian\u00e7as com Defici\u00eancia (AEIACD), a Associa\u00e7\u00e3o de Jornalistas de M\u00eddia Eletr\u00f4nica do Brasil, o projeto Sal da Terra Luz do Mundo, a Associa\u00e7\u00e3o de Amparo \u00e0 Fam\u00edlia Projeto +1, al\u00e9m das demais entidades contempladas.<\/p>\n<p style=\"text-align: justify;\">As \u00e1reas cedidas variam de 2 mil a mais de 20 mil metros quadrados e ser\u00e3o utilizadas para projetos sociais, ambientais e comunit\u00e1rios, como atendimento a crian\u00e7as e fam\u00edlias, agricultura urbana, educa\u00e7\u00e3o ambiental e inclus\u00e3o de pessoas com defici\u00eancia.<\/p>\n<p style=\"text-align: justify;\"><span style=\"color: #444444;\"><span style=\"font-family: Ubuntu, Helvetica, Arial, sans-serif;\"><span style=\"font-size: large;\"><i><b>Continue em nossa companhia em:<\/b><\/i><\/span><\/span><\/span><span style=\"color: #444444;\"><span style=\"font-family: Montserrat;\"><span style=\"font-size: medium;\">\u00a0<\/span><\/span><\/span><a href=\"http:\/\/www.mspontocom.com.br\/\"><span style=\"color: #0000ff;\"><span style=\"font-family: Comic Sans MS, cursive;\"><span style=\"font-size: medium;\"><u>www.mspontocom.com.br<\/u><\/span><\/span><\/span><\/a><\/p>\n","protected":false},"excerpt":{"rendered":"<p>A Prefeitura Municipal de Campo Grande realizou nesta semana um ato in\u00e9dito de assinatura de cess\u00f5es de uso de \u00e1reas p\u00fablicas para entidades sociais, comunit\u00e1rias e ambientais da Capital. A iniciativa marca uma nova forma de parceria entre o poder p\u00fablico e a sociedade civil. A a\u00e7\u00e3o formaliza autoriza\u00e7\u00f5es para utiliza\u00e7\u00e3o de espa\u00e7os p\u00fablicos por [&hellip;]<\/p>\n","protected":false},"author":2,"featured_media":208155,"comment_status":"open","ping_status":"open","sticky":false,"template":"","format":"standard","meta":{"_monsterinsights_skip_tracking":false,"_monsterinsights_sitenote_active":false,"_monsterinsights_sitenote_note":"","_monsterinsights_sitenote_category":0},"categories":[4328],"tags":[44451,24097,3546,123,34538],"aioseo_notices":[],"_links":{"self":[{"href":"https:\/\/mspontocom.com.br\/site\/wp-json\/wp\/v2\/posts\/208152"}],"collection":[{"href":"https:\/\/mspontocom.com.br\/site\/wp-json\/wp\/v2\/posts"}],"about":[{"href":"https:\/\/mspontocom.com.br\/site\/wp-json\/wp\/v2\/types\/post"}],"author":[{"embeddable":true,"href":"https:\/\/mspontocom.com.br\/site\/wp-json\/wp\/v2\/users\/2"}],"replies":[{"embeddable":true,"href":"https:\/\/mspontocom.com.br\/site\/wp-json\/wp\/v2\/comments?post=208152"}],"version-history":[{"count":2,"href":"https:\/\/mspontocom.com.br\/site\/wp-json\/wp\/v2\/posts\/208152\/revisions"}],"predecessor-version":[{"id":208156,"href":"https:\/\/mspontocom.com.br\/site\/wp-json\/wp\/v2\/posts\/208152\/revisions\/208156"}],"wp:featuredmedia":[{"embeddable":true,"href":"https:\/\/mspontocom.com.br\/site\/wp-json\/wp\/v2\/media\/208155"}],"wp:attachment":[{"href":"https:\/\/mspontocom.com.br\/site\/wp-json\/wp\/v2\/media?parent=208152"}],"wp:term":[{"taxonomy":"category","embeddable":true,"href":"https:\/\/mspontocom.com.br\/site\/wp-json\/wp\/v2\/categories?post=208152"},{"taxonomy":"post_tag","embeddable":true,"href":"https:\/\/mspontocom.com.br\/site\/wp-json\/wp\/v2\/tags?post=208152"}],"curies":[{"name":"wp","href":"https:\/\/api.w.org\/{rel}","templated":true}]}}