{"id":208670,"date":"2026-04-23T06:38:18","date_gmt":"2026-04-23T10:38:18","guid":{"rendered":"https:\/\/mspontocom.com.br\/site\/?p=208670"},"modified":"2026-04-23T06:38:18","modified_gmt":"2026-04-23T10:38:18","slug":"ataques-de-lula-a-trump-e-desespero-na-queda-em-pesquisas","status":"publish","type":"post","link":"https:\/\/mspontocom.com.br\/site\/ataques-de-lula-a-trump-e-desespero-na-queda-em-pesquisas\/","title":{"rendered":"Ataques de Lula a Trump \u00e9 desespero na queda em pesquisas"},"content":{"rendered":"<p style=\"text-align: justify;\"><img loading=\"lazy\" class=\"alignnone size-large wp-image-208682\" src=\"http:\/\/mspontocom.com.br\/site\/wp-content\/uploads\/2026\/04\/site-ataques-de-lula-a-trump-e-desespero-de-campanha-lula-trump-1024x576.webp\" alt=\"\" width=\"1024\" height=\"576\" srcset=\"https:\/\/mspontocom.com.br\/site\/wp-content\/uploads\/2026\/04\/site-ataques-de-lula-a-trump-e-desespero-de-campanha-lula-trump-1024x576.webp 1024w, https:\/\/mspontocom.com.br\/site\/wp-content\/uploads\/2026\/04\/site-ataques-de-lula-a-trump-e-desespero-de-campanha-lula-trump-260x146.webp 260w, https:\/\/mspontocom.com.br\/site\/wp-content\/uploads\/2026\/04\/site-ataques-de-lula-a-trump-e-desespero-de-campanha-lula-trump-768x432.webp 768w, https:\/\/mspontocom.com.br\/site\/wp-content\/uploads\/2026\/04\/site-ataques-de-lula-a-trump-e-desespero-de-campanha-lula-trump.webp 1200w\" sizes=\"(max-width: 1024px) 100vw, 1024px\" \/>Os \u00faltimos ataques de Lula contra o presidente norte-americano <strong>Donald Trump<\/strong> n\u00e3o passa de uma tentativa desesperada de reconquistar uma <span style=\"font-size: 14pt;\"><strong>pseudo<\/strong><\/span> popularidade.<\/p>\n<p style=\"box-sizing: border-box; font-size: 20px; line-height: 32px; margin: 0px auto 1.8rem; max-width: 800px; padding-left: 0px; padding-right: 0px; font-family: 'Open Sans', sans-serif; letter-spacing: -0.6px; text-align: justify;\"><span style=\"font-family: georgia, palatino, serif; font-size: 12pt;\">A promessa de Lula (PT) de aplicar \u201creciprocidade\u201d no caso do delegado brasileiro expulso dos Estados Unidos por tentar burlar regras de imigra\u00e7\u00e3o contra o ex-deputado Alexandre Ramagem, \u00e9 apenas mais uma das v\u00e1rias tentativas do petista, ao longo dos anos, de \u201ccriar caso\u201d e desestabilizar a rela\u00e7\u00e3o entre os dois pa\u00edses.<\/span><\/p>\n<p style=\"box-sizing: border-box; font-size: 20px; line-height: 32px; margin: 0px auto 1.8rem; max-width: 800px; padding-left: 0px; padding-right: 0px; font-family: 'Open Sans', sans-serif; letter-spacing: -0.6px; text-align: justify;\"><span style=\"font-family: georgia, palatino, serif; font-size: 12pt; letter-spacing: -0.6px;\">Come\u00e7ou em 2004, quando Lula amea\u00e7ou expulsar o jornalista Larry Rohter, do New York Times, por reportagem sobre sua bebedeira. Lula acabou recuando. Sempre recua.<\/span><\/p>\n<div id=\"Nota-7\" class=\"entry-block ch-nota Nota-7\" style=\"box-sizing: border-box; display: flex; align-items: center; justify-content: flex-start; gap: 30px; max-width: 800px; margin: 0px auto 1.8rem; font-size: 20px; line-height: 32px; padding-left: 0px; padding-right: 0px; font-family: 'Open Sans', sans-serif; letter-spacing: -0.6px; text-align: justify;\">\n<h3 style=\"box-sizing: border-box; color: #212121; line-height: 1; font-size: 1.63rem; max-width: 800px; width: auto; text-transform: unset; padding: 0px !important; margin: 0px !important;\"><span style=\"font-family: georgia, palatino, serif; font-size: 18pt;\">Amigo de tiranias<\/span><\/h3>\n<\/div>\n<p style=\"box-sizing: border-box; font-size: 20px; line-height: 32px; margin: 0px auto 1.8rem; max-width: 800px; padding-left: 0px; padding-right: 0px; font-family: 'Open Sans', sans-serif; letter-spacing: -0.6px; text-align: justify;\"><span style=\"font-family: georgia, palatino, serif; font-size: 12pt;\">Em 2010, tentou \u201cmediar\u201d em favor do programa nuclear do Ir\u00e3. Foi enxotado pelos EUA, que iniciava san\u00e7\u00f5es contra a ditadura dos aiatol\u00e1s.<\/span><\/p>\n<div id=\"Nota-8\" class=\"entry-block ch-nota Nota-8\" style=\"box-sizing: border-box; display: flex; align-items: center; justify-content: flex-start; gap: 30px; max-width: 800px; margin: 0px auto 1.8rem; font-size: 20px; line-height: 32px; padding-left: 0px; padding-right: 0px; font-family: 'Open Sans', sans-serif; letter-spacing: -0.6px; text-align: justify;\">\n<h3 style=\"box-sizing: border-box; color: #212121; line-height: 1; font-size: 1.63rem; max-width: 800px; width: auto; text-transform: unset; padding: 0px !important; margin: 0px !important;\"><span style=\"font-family: arial, helvetica, sans-serif; font-size: 18pt;\">No lado errado<\/span><\/h3>\n<ul class=\"social-ch\" style=\"box-sizing: border-box; display: flex; list-style: none; align-items: center; gap: 16px; height: 20px; justify-content: flex-start; width: auto; max-width: 800px; padding: 0px !important; margin: 0px !important auto 0px !important auto;\">\n<li style=\"box-sizing: border-box; width: 26px; height: 26px; margin: 0px; line-height: 1;\"><\/li>\n<li style=\"box-sizing: border-box; width: 26px; height: 26px; margin: 0px; line-height: 1;\"><\/li>\n<li style=\"box-sizing: border-box; width: 26px; height: 26px; margin: 0px; line-height: 1;\"><\/li>\n<li style=\"box-sizing: border-box; width: 26px; height: 26px; margin: 0px; line-height: 1;\"><\/li>\n<\/ul>\n<\/div>\n<p style=\"box-sizing: border-box; font-size: 20px; line-height: 32px; margin: 0px auto 1.8rem; max-width: 800px; padding-left: 0px; padding-right: 0px; font-family: 'Open Sans', sans-serif; letter-spacing: -0.6px; text-align: justify;\"><span style=\"font-family: georgia, palatino, serif; font-size: 12pt;\">Na guerra da Ucr\u00e2nia, Lula passou pano para invasores russos. E apoiou os terroristas do Hamas contra Israel, onde virou persona non grata.<\/span><\/p>\n<div id=\"Nota-9\" class=\"entry-block ch-nota Nota-9\" style=\"box-sizing: border-box; display: flex; align-items: center; justify-content: flex-start; gap: 30px; max-width: 800px; margin: 0px auto 1.8rem; font-size: 20px; line-height: 32px; padding-left: 0px; padding-right: 0px; font-family: 'Open Sans', sans-serif; letter-spacing: -0.6px; text-align: justify;\">\n<h3 style=\"box-sizing: border-box; color: #212121; line-height: 1; font-size: 1.63rem; max-width: 800px; width: auto; text-transform: unset; padding: 0px !important; margin: 0px !important;\"><span style=\"font-family: georgia, palatino, serif; font-size: 18pt;\">Ran\u00e7o contra EUA<\/span><\/h3>\n<ul class=\"social-ch\" style=\"box-sizing: border-box; display: flex; list-style: none; align-items: center; gap: 16px; height: 20px; justify-content: flex-start; width: auto; max-width: 800px; padding: 0px !important; margin: 0px !important auto 0px !important auto;\">\n<li style=\"box-sizing: border-box; width: 26px; height: 26px; margin: 0px; line-height: 1;\"><\/li>\n<li style=\"box-sizing: border-box; width: 26px; height: 26px; margin: 0px; line-height: 1;\"><\/li>\n<\/ul>\n<\/div>\n<p style=\"box-sizing: border-box; font-size: 20px; line-height: 32px; margin: 0px auto 1.8rem; max-width: 800px; padding-left: 0px; padding-right: 0px; font-family: 'Open Sans', sans-serif; letter-spacing: -0.6px; text-align: justify;\"><span style=\"font-family: georgia, palatino, serif; font-size: 12pt;\">Em 2023, atual mandato, Lula passou a criticar a \u201chegemonia do d\u00f3lar\u201d e a colecionar provoca\u00e7\u00f5es aos EUA, pa\u00eds que mais investe no Brasil.<\/span><\/p>\n<div id=\"Nota-10\" class=\"entry-block ch-nota Nota-10\" style=\"text-align: justify;\">\n<h3><span style=\"font-size: 18pt;\">Crach\u00e1 retaliado<\/span><\/h3>\n<\/div>\n<p style=\"text-align: justify;\">Ap\u00f3s bravatas de \u201creciprocidade\u201d contra a expuls\u00e3o do seu agente, Lula (PT) baixou a bola. A \u201cretalia\u00e7\u00e3o\u201d ser\u00e1 retirar credenciais de acesso de um policial americano \u00e0 Pol\u00edcia Federal. N\u00e3o \u00e9 nada, n\u00e3o \u00e9 nada, n\u00e3o \u00e9 nada mesmo: o americano apenas perde o crach\u00e1 de acesso ao pr\u00e9dio.<\/p>\n<div id=\"Nota-11\" class=\"entry-block ch-nota Nota-11\" style=\"text-align: justify;\">\n<h3><span style=\"font-size: 18pt;\">Lista arquivada<\/span><\/h3>\n<\/div>\n<p style=\"text-align: justify;\">Sem ter como reagir ao flagrante de manipula\u00e7\u00e3o do ICE para deportar o Alexandre Ramagem, o governo Lula listou op\u00e7\u00f5es de oficiais de intelig\u00eancia a serem expulsos do Pa\u00eds. Recuarem. Sempre recuam.<\/p>\n<p><span style=\"color: #444444;\"><span style=\"font-family: Ubuntu, Helvetica, Arial, sans-serif;\"><span style=\"font-size: large;\"><i><b>Continue em nossa companhia em:<\/b><\/i><\/span><\/span><\/span><span style=\"color: #444444;\"><span style=\"font-family: Montserrat;\"><span style=\"font-size: medium;\">\u00a0<\/span><\/span><\/span><a href=\"http:\/\/www.mspontocom.com.br\/\"><span style=\"color: #0000ff;\"><span style=\"font-family: Comic Sans MS, cursive;\"><span style=\"font-size: medium;\"><u>www.mspontocom.com.br<\/u><\/span><\/span><\/span><\/a><\/p>\n","protected":false},"excerpt":{"rendered":"<p>Os \u00faltimos ataques de Lula contra o presidente norte-americano Donald Trump n\u00e3o passa de uma tentativa desesperada de reconquistar uma pseudo popularidade. A promessa de Lula (PT) de aplicar \u201creciprocidade\u201d no caso do delegado brasileiro expulso dos Estados Unidos por tentar burlar regras de imigra\u00e7\u00e3o contra o ex-deputado Alexandre Ramagem, \u00e9 apenas mais uma das [&hellip;]<\/p>\n","protected":false},"author":2,"featured_media":208682,"comment_status":"open","ping_status":"open","sticky":false,"template":"","format":"standard","meta":{"_monsterinsights_skip_tracking":false,"_monsterinsights_sitenote_active":false,"_monsterinsights_sitenote_note":"","_monsterinsights_sitenote_category":0},"categories":[6,30260,7,30259,12],"tags":[25403,38626,480,17368,2511,28326],"aioseo_notices":[],"_links":{"self":[{"href":"https:\/\/mspontocom.com.br\/site\/wp-json\/wp\/v2\/posts\/208670"}],"collection":[{"href":"https:\/\/mspontocom.com.br\/site\/wp-json\/wp\/v2\/posts"}],"about":[{"href":"https:\/\/mspontocom.com.br\/site\/wp-json\/wp\/v2\/types\/post"}],"author":[{"embeddable":true,"href":"https:\/\/mspontocom.com.br\/site\/wp-json\/wp\/v2\/users\/2"}],"replies":[{"embeddable":true,"href":"https:\/\/mspontocom.com.br\/site\/wp-json\/wp\/v2\/comments?post=208670"}],"version-history":[{"count":2,"href":"https:\/\/mspontocom.com.br\/site\/wp-json\/wp\/v2\/posts\/208670\/revisions"}],"predecessor-version":[{"id":208683,"href":"https:\/\/mspontocom.com.br\/site\/wp-json\/wp\/v2\/posts\/208670\/revisions\/208683"}],"wp:featuredmedia":[{"embeddable":true,"href":"https:\/\/mspontocom.com.br\/site\/wp-json\/wp\/v2\/media\/208682"}],"wp:attachment":[{"href":"https:\/\/mspontocom.com.br\/site\/wp-json\/wp\/v2\/media?parent=208670"}],"wp:term":[{"taxonomy":"category","embeddable":true,"href":"https:\/\/mspontocom.com.br\/site\/wp-json\/wp\/v2\/categories?post=208670"},{"taxonomy":"post_tag","embeddable":true,"href":"https:\/\/mspontocom.com.br\/site\/wp-json\/wp\/v2\/tags?post=208670"}],"curies":[{"name":"wp","href":"https:\/\/api.w.org\/{rel}","templated":true}]}}