{"id":208674,"date":"2026-04-23T07:21:49","date_gmt":"2026-04-23T11:21:49","guid":{"rendered":"https:\/\/mspontocom.com.br\/site\/?p=208674"},"modified":"2026-04-23T07:21:49","modified_gmt":"2026-04-23T11:21:49","slug":"zema-rebate-gilmar-o-supremo-e-o-incendiario-do-brasil","status":"publish","type":"post","link":"https:\/\/mspontocom.com.br\/site\/zema-rebate-gilmar-o-supremo-e-o-incendiario-do-brasil\/","title":{"rendered":"Zema rebate Gilmar: \u201cO Supremo \u00e9 o incendi\u00e1rio do Brasil\u201d"},"content":{"rendered":"<p style=\"text-align: justify;\"><em><img loading=\"lazy\" class=\"alignnone size-full wp-image-208686\" src=\"http:\/\/mspontocom.com.br\/site\/wp-content\/uploads\/2026\/04\/site-zema-rebate-gilmar-o-supremo-e-o-incendiario-do-brasil-zema.webp\" alt=\"\" width=\"418\" height=\"235\" srcset=\"https:\/\/mspontocom.com.br\/site\/wp-content\/uploads\/2026\/04\/site-zema-rebate-gilmar-o-supremo-e-o-incendiario-do-brasil-zema.webp 418w, https:\/\/mspontocom.com.br\/site\/wp-content\/uploads\/2026\/04\/site-zema-rebate-gilmar-o-supremo-e-o-incendiario-do-brasil-zema-260x146.webp 260w\" sizes=\"(max-width: 418px) 100vw, 418px\" \/><\/em><\/p>\n<p style=\"text-align: justify;\"><em>Supremo, no passado, era a institui\u00e7\u00e3o em que o Brasil se apoiava para resolver suas crises. O Supremo era o bombeiro do Brasil. Agora \u00e9 o contr\u00e1rio: o Supremo \u00e9 o incendi\u00e1rio do Brasil. \u00c9 o bombeiro que chega jogando gasolina, s\u00f3 agravando a situa\u00e7\u00e3o\u201d<\/em>, disse\u00a0<strong>Romeu Zema<\/strong> nesta quarta-feira.<\/p>\n<p style=\"text-align: justify;\">Foi uma resposta ao ministro do STF, Gilmar Mendes.<\/p>\n<p style=\"text-align: justify;\">A declara\u00e7\u00e3o foi feita em entrevista coletiva na C\u00e2mara dos Deputados, em Bras\u00edlia, ao lado de parlamentares da oposi\u00e7\u00e3o.<\/p>\n<h2 id=\"h-o-estopim-do-confronto\" class=\"wp-block-heading\" style=\"text-align: justify;\">O estopim do confronto<\/h2>\n<p style=\"text-align: justify;\">A disputa teve origem em um v\u00eddeo divulgado por Zema no m\u00eas passado \u2014 e republicado na segunda-feira, 20, ap\u00f3s a coluna M\u00f4nica Bergamo noticiar o pedido de Gilmar \u2014 em que bonecos caricatos imitam o pr\u00f3prio Gilmar Mendes e o ministro\u00a0<strong>Dias Toffoli<\/strong>\u00a0conversando sobre o\u00a0<strong>caso Master<\/strong>.<\/p>\n<p style=\"text-align: justify;\">Para Zema, enquadrar o conte\u00fado como desinforma\u00e7\u00e3o representa uma restri\u00e7\u00e3o \u00e0 liberdade de express\u00e3o:\u00a0<em>\u201cN\u00f3s estamos vendo um atentado \u00e0 democracia. N\u00e3o se pode mais fazer caricatura, ser ir\u00f4nico\u201d<\/em>.<\/p>\n<blockquote><p>\u201c<em>Isso n\u00e3o pode ser feito, pelo que eu sei, na Coreia do Norte, em Cuba, em alguns regimes totalmente autorit\u00e1rios. Parece que estamos correndo risco neste momento de caminharmos nesse sentido\u201d<\/em>, afirmou.<\/p><\/blockquote>\n<h2 id=\"h-zema-quer-reformar-stf\" class=\"wp-block-heading\" style=\"text-align: justify;\">Zema quer reformar STF<\/h2>\n<p style=\"text-align: justify;\">Al\u00e9m das cr\u00edticas, Zema apresentou um conjunto de mudan\u00e7as que pretende adotar caso seja eleito presidente.<\/p>\n<p style=\"text-align: justify;\">Entre elas est\u00e3o a exig\u00eancia de\u00a0<strong>idade m\u00ednima de 60 anos<\/strong>\u00a0para indica\u00e7\u00f5es ao tribunal, a\u00a0<strong>extin\u00e7\u00e3o de decis\u00f5es monocr\u00e1ticas<\/strong>\u00a0e a abertura de processo de\u00a0<strong>impeachment<\/strong>\u00a0contra ministros com apenas maioria simples do Senado \u2014 sem depender, segundo ele, de\u00a0<em>\u201cpresidente omisso que tem o rabo preso\u201d<\/em>, em refer\u00eancia ao senador\u00a0<strong>Davi Alcolumbre.<\/strong><\/p>\n<p style=\"text-align: justify;\"><span style=\"color: #444444;\"><span style=\"font-family: Ubuntu, Helvetica, Arial, sans-serif;\"><span style=\"font-size: large;\"><i><b>Continue em nossa companhia em:<\/b><\/i><\/span><\/span><\/span><span style=\"color: #444444;\"><span style=\"font-family: Montserrat;\"><span style=\"font-size: medium;\">\u00a0<\/span><\/span><\/span><a href=\"http:\/\/www.mspontocom.com.br\/\"><span style=\"color: #0000ff;\"><span style=\"font-family: Comic Sans MS, cursive;\"><span style=\"font-size: medium;\"><u>www.mspontocom.com.br<\/u><\/span><\/span><\/span><\/a><\/p>\n","protected":false},"excerpt":{"rendered":"<p>Supremo, no passado, era a institui\u00e7\u00e3o em que o Brasil se apoiava para resolver suas crises. O Supremo era o bombeiro do Brasil. Agora \u00e9 o contr\u00e1rio: o Supremo \u00e9 o incendi\u00e1rio do Brasil. \u00c9 o bombeiro que chega jogando gasolina, s\u00f3 agravando a situa\u00e7\u00e3o\u201d, disse\u00a0Romeu Zema nesta quarta-feira. Foi uma resposta ao ministro do [&hellip;]<\/p>\n","protected":false},"author":2,"featured_media":208686,"comment_status":"open","ping_status":"open","sticky":false,"template":"","format":"standard","meta":{"_monsterinsights_skip_tracking":false,"_monsterinsights_sitenote_active":false,"_monsterinsights_sitenote_note":"","_monsterinsights_sitenote_category":0},"categories":[6,30260,2528,30259,12],"tags":[30254,35644,44540,27034,3659,35003],"aioseo_notices":[],"_links":{"self":[{"href":"https:\/\/mspontocom.com.br\/site\/wp-json\/wp\/v2\/posts\/208674"}],"collection":[{"href":"https:\/\/mspontocom.com.br\/site\/wp-json\/wp\/v2\/posts"}],"about":[{"href":"https:\/\/mspontocom.com.br\/site\/wp-json\/wp\/v2\/types\/post"}],"author":[{"embeddable":true,"href":"https:\/\/mspontocom.com.br\/site\/wp-json\/wp\/v2\/users\/2"}],"replies":[{"embeddable":true,"href":"https:\/\/mspontocom.com.br\/site\/wp-json\/wp\/v2\/comments?post=208674"}],"version-history":[{"count":2,"href":"https:\/\/mspontocom.com.br\/site\/wp-json\/wp\/v2\/posts\/208674\/revisions"}],"predecessor-version":[{"id":208687,"href":"https:\/\/mspontocom.com.br\/site\/wp-json\/wp\/v2\/posts\/208674\/revisions\/208687"}],"wp:featuredmedia":[{"embeddable":true,"href":"https:\/\/mspontocom.com.br\/site\/wp-json\/wp\/v2\/media\/208686"}],"wp:attachment":[{"href":"https:\/\/mspontocom.com.br\/site\/wp-json\/wp\/v2\/media?parent=208674"}],"wp:term":[{"taxonomy":"category","embeddable":true,"href":"https:\/\/mspontocom.com.br\/site\/wp-json\/wp\/v2\/categories?post=208674"},{"taxonomy":"post_tag","embeddable":true,"href":"https:\/\/mspontocom.com.br\/site\/wp-json\/wp\/v2\/tags?post=208674"}],"curies":[{"name":"wp","href":"https:\/\/api.w.org\/{rel}","templated":true}]}}