{"id":208695,"date":"2026-04-23T04:05:21","date_gmt":"2026-04-23T08:05:21","guid":{"rendered":"https:\/\/mspontocom.com.br\/site\/?p=208695"},"modified":"2026-04-23T08:14:48","modified_gmt":"2026-04-23T12:14:48","slug":"fiems-defende-mais-tempo-para-debate-sobre-escala-6x1","status":"publish","type":"post","link":"https:\/\/mspontocom.com.br\/site\/fiems-defende-mais-tempo-para-debate-sobre-escala-6x1\/","title":{"rendered":"Fiems defende mais tempo para debate sobre escala 6&#215;1"},"content":{"rendered":"<p style=\"font-weight: 400; text-align: justify;\"><img loading=\"lazy\" class=\"alignnone size-large wp-image-208696\" src=\"http:\/\/mspontocom.com.br\/site\/wp-content\/uploads\/2026\/04\/site-fiems-defende-mais-tempo-para-debate-sobre-escala-6x1-longen-tribuna-livre-1024x768.jpg\" alt=\"\" width=\"1024\" height=\"768\" srcset=\"https:\/\/mspontocom.com.br\/site\/wp-content\/uploads\/2026\/04\/site-fiems-defende-mais-tempo-para-debate-sobre-escala-6x1-longen-tribuna-livre-1024x768.jpg 1024w, https:\/\/mspontocom.com.br\/site\/wp-content\/uploads\/2026\/04\/site-fiems-defende-mais-tempo-para-debate-sobre-escala-6x1-longen-tribuna-livre-260x195.jpg 260w, https:\/\/mspontocom.com.br\/site\/wp-content\/uploads\/2026\/04\/site-fiems-defende-mais-tempo-para-debate-sobre-escala-6x1-longen-tribuna-livre-768x576.jpg 768w, https:\/\/mspontocom.com.br\/site\/wp-content\/uploads\/2026\/04\/site-fiems-defende-mais-tempo-para-debate-sobre-escala-6x1-longen-tribuna-livre-1536x1152.jpg 1536w, https:\/\/mspontocom.com.br\/site\/wp-content\/uploads\/2026\/04\/site-fiems-defende-mais-tempo-para-debate-sobre-escala-6x1-longen-tribuna-livre.jpg 1920w\" sizes=\"(max-width: 1024px) 100vw, 1024px\" \/>O presidente da Fiems, S\u00e9rgio Longen (foto \u00e0 esquerda), avaliou como precipitada e excessivamente politizada a forma como vem sendo conduzido o debate sobre a proposta de mudan\u00e7a da<strong> escala de trabalho 6&#215;1 no pa\u00eds.<\/strong><\/p>\n<p style=\"font-weight: 400; text-align: justify;\">A avalia\u00e7\u00e3o foi feita durante entrevista ao programa Tribuna Livre, da r\u00e1dio Capital FM 95.<\/p>\n<p style=\"font-weight: 400; text-align: justify;\">O l\u00edder empresarial defendeu que o tema seja amplamente discutido no pa\u00eds, mas em um ambiente t\u00e9cnico, com tempo adequado e participa\u00e7\u00e3o equilibrada de representantes patronais e laborais.<\/p>\n<p style=\"font-weight: 400; text-align: justify;\">Ele destacou que a ind\u00fastria n\u00e3o se op\u00f5e ao debate, mas argumenta que discutir o tema \u00e0s v\u00e9speras das elei\u00e7\u00f5es n\u00e3o \u00e9 o momento adequado.<\/p>\n<blockquote>\n<p style=\"font-weight: 400;\"><em>\u201cPrecisamos rediscutir o trabalho no Brasil e entender os lados laboral e patronal. Avan\u00e7amos positivamente na reforma trabalhista, mas ainda temos mais a ser constru\u00eddo com as duas frentes. V\u00e1rios pontos podem ser colocados na mesa, mas entendo que devemos discutir isso no ano que vem, quando teremos um Congresso Nacional renovado, com tempo e condi\u00e7\u00f5es necess\u00e1rias para debater esse projeto de Brasil\u201d, afirmou Longen.<\/em><\/p>\n<\/blockquote>\n<p style=\"font-weight: 400; text-align: justify;\">O presidente da Fiems tamb\u00e9m ponderou que a forma como a proposta foi apresentada \u00e0 sociedade pode gerar expectativas irreais.<\/p>\n<blockquote>\n<p style=\"font-weight: 400;\"><em>\u201cFoi vendido para a sociedade algo que n\u00e3o vai ser realizado. As pessoas n\u00e3o podem imaginar que v\u00e3o trabalhar menos e ganhar a mesma coisa\u201d, completou o l\u00edder empresarial.<\/em><\/p>\n<\/blockquote>\n<p style=\"font-weight: 400; text-align: justify;\">Outro ponto enfatizado na entrevista foi a crescente dificuldade das empresas em contratar m\u00e3o de obra.<\/p>\n<p style=\"font-weight: 400; text-align: justify;\">O presidente da Fiems atribuiu o cen\u00e1rio a fatores como a elevada carga tribut\u00e1ria sobre a folha de pagamento e a concorr\u00eancia com programas sociais, que, segundo ele, precisam ser melhor avaliados quanto ao seu modelo de funcionamento.<\/p>\n<p style=\"text-align: justify;\"><span style=\"color: #444444;\"><span style=\"font-family: Ubuntu, Helvetica, Arial, sans-serif;\"><span style=\"font-size: large;\"><i><b>Continue em nossa companhia em:<\/b><\/i><\/span><\/span><\/span><span style=\"color: #444444;\"><span style=\"font-family: Montserrat;\"><span style=\"font-size: medium;\">\u00a0<\/span><\/span><\/span><a href=\"http:\/\/www.mspontocom.com.br\/\"><span style=\"color: #0000ff;\"><span style=\"font-family: Comic Sans MS, cursive;\"><span style=\"font-size: medium;\"><u>www.mspontocom.com.br<\/u><\/span><\/span><\/span><\/a><\/p>\n<p style=\"font-weight: 400; text-align: justify;\">\n","protected":false},"excerpt":{"rendered":"<p>O presidente da Fiems, S\u00e9rgio Longen (foto \u00e0 esquerda), avaliou como precipitada e excessivamente politizada a forma como vem sendo conduzido o debate sobre a proposta de mudan\u00e7a da escala de trabalho 6&#215;1 no pa\u00eds. A avalia\u00e7\u00e3o foi feita durante entrevista ao programa Tribuna Livre, da r\u00e1dio Capital FM 95. O l\u00edder empresarial defendeu que [&hellip;]<\/p>\n","protected":false},"author":2,"featured_media":208696,"comment_status":"open","ping_status":"open","sticky":false,"template":"","format":"standard","meta":{"_monsterinsights_skip_tracking":false,"_monsterinsights_sitenote_active":false,"_monsterinsights_sitenote_note":"","_monsterinsights_sitenote_category":0},"categories":[15,74],"tags":[3309,24612,44544,2887,44543],"aioseo_notices":[],"_links":{"self":[{"href":"https:\/\/mspontocom.com.br\/site\/wp-json\/wp\/v2\/posts\/208695"}],"collection":[{"href":"https:\/\/mspontocom.com.br\/site\/wp-json\/wp\/v2\/posts"}],"about":[{"href":"https:\/\/mspontocom.com.br\/site\/wp-json\/wp\/v2\/types\/post"}],"author":[{"embeddable":true,"href":"https:\/\/mspontocom.com.br\/site\/wp-json\/wp\/v2\/users\/2"}],"replies":[{"embeddable":true,"href":"https:\/\/mspontocom.com.br\/site\/wp-json\/wp\/v2\/comments?post=208695"}],"version-history":[{"count":1,"href":"https:\/\/mspontocom.com.br\/site\/wp-json\/wp\/v2\/posts\/208695\/revisions"}],"predecessor-version":[{"id":208697,"href":"https:\/\/mspontocom.com.br\/site\/wp-json\/wp\/v2\/posts\/208695\/revisions\/208697"}],"wp:featuredmedia":[{"embeddable":true,"href":"https:\/\/mspontocom.com.br\/site\/wp-json\/wp\/v2\/media\/208696"}],"wp:attachment":[{"href":"https:\/\/mspontocom.com.br\/site\/wp-json\/wp\/v2\/media?parent=208695"}],"wp:term":[{"taxonomy":"category","embeddable":true,"href":"https:\/\/mspontocom.com.br\/site\/wp-json\/wp\/v2\/categories?post=208695"},{"taxonomy":"post_tag","embeddable":true,"href":"https:\/\/mspontocom.com.br\/site\/wp-json\/wp\/v2\/tags?post=208695"}],"curies":[{"name":"wp","href":"https:\/\/api.w.org\/{rel}","templated":true}]}}