{"id":208741,"date":"2026-04-26T06:51:55","date_gmt":"2026-04-26T10:51:55","guid":{"rendered":"https:\/\/mspontocom.com.br\/site\/?p=208741"},"modified":"2026-04-26T06:51:55","modified_gmt":"2026-04-26T10:51:55","slug":"moro-e-flavio-juntos-em-video-do-pl-nao-aceitamos-bandidos","status":"publish","type":"post","link":"https:\/\/mspontocom.com.br\/site\/moro-e-flavio-juntos-em-video-do-pl-nao-aceitamos-bandidos\/","title":{"rendered":"Moro e Fl\u00e1vio juntos em v\u00eddeo do PL: &#8220;N\u00e3o aceitamos bandidos&#8221;"},"content":{"rendered":"<p><img loading=\"lazy\" class=\"size-full wp-image-208742\" src=\"http:\/\/mspontocom.com.br\/site\/wp-content\/uploads\/2026\/04\/site-moro-e-flavio-aparecem-em-video-do-pl-nao-aceitamos-bandidos-flavio-moro1.jpg\" alt=\"\" width=\"800\" height=\"533\" srcset=\"https:\/\/mspontocom.com.br\/site\/wp-content\/uploads\/2026\/04\/site-moro-e-flavio-aparecem-em-video-do-pl-nao-aceitamos-bandidos-flavio-moro1.jpg 800w, https:\/\/mspontocom.com.br\/site\/wp-content\/uploads\/2026\/04\/site-moro-e-flavio-aparecem-em-video-do-pl-nao-aceitamos-bandidos-flavio-moro1-260x173.jpg 260w, https:\/\/mspontocom.com.br\/site\/wp-content\/uploads\/2026\/04\/site-moro-e-flavio-aparecem-em-video-do-pl-nao-aceitamos-bandidos-flavio-moro1-768x512.jpg 768w\" sizes=\"(max-width: 800px) 100vw, 800px\" \/><\/p>\n<p style=\"text-align: justify;\">O diret\u00f3rio do Partido Liberal (PL) no Paran\u00e1 compartilhou propaganda com o pr\u00e9-candidato da legenda ao Planalto, o senador <strong>Fl\u00e1vio Bolsonaro<\/strong> (PL), o pr\u00e9-candidato ao governo do Estado do Paran\u00e1, <strong>S\u00e9rgio Moro<\/strong> (PL), e o pr\u00e9-candidato ao Senado pelo PL, Filipe Barros.<\/p>\n<p style=\"text-align: justify;\">A pe\u00e7a publicit\u00e1ria marca a 1\u00aa apari\u00e7\u00e3o conjunta de Fl\u00e1vio Bolsonaro com o ex-juiz da opera\u00e7\u00e3o Lava Jato \u00a0em um v\u00eddeo do partido.<\/p>\n<p style=\"text-align: justify;\">Nas imagens, Fl\u00e1vio Bolsonaro afirma que o PL Paran\u00e1 est\u00e1 em crescimento.<\/p>\n<p style=\"text-align: justify;\">Filipe Barros convida o eleitorado a se juntar ao partido. \u201cEscolha o lado certo e o caminho seguro\u201d.<\/p>\n<p style=\"text-align: justify;\">Moro prop\u00f5e fazer do Paran\u00e1 uma fortaleza da sigla.<\/p>\n<p style=\"text-align: justify;\">Os pr\u00e9-candidatos apresentam como objetivo a prote\u00e7\u00e3o do Paran\u00e1 e mudan\u00e7as no Brasil.<\/p>\n<p style=\"text-align: justify;\">Eles declaram no material que o grupo<strong> n\u00e3o aceita \u201cpetistas e bandidos\u201d e que \u201cchega deles\u201d.<\/strong><\/p>\n<p style=\"text-align: justify;\">Moro apoiou a reelei\u00e7\u00e3o de Bolsonaro em 2022, o que apaziguou sua rela\u00e7\u00e3o com a fam\u00edlia e os apoiadores.<\/p>\n<p style=\"text-align: justify;\"><span style=\"color: #444444;\"><span style=\"font-family: Ubuntu, Helvetica, Arial, sans-serif;\"><span style=\"font-size: large;\"><i><b>Continue em nossa companhia em:<\/b><\/i><\/span><\/span><\/span><span style=\"color: #444444;\"><span style=\"font-family: Montserrat;\"><span style=\"font-size: medium;\">\u00a0<\/span><\/span><\/span><a href=\"http:\/\/www.mspontocom.com.br\/\"><span style=\"color: #0000ff;\"><span style=\"font-family: Comic Sans MS, cursive;\"><span style=\"font-size: medium;\"><u>www.mspontocom.com.br<\/u><\/span><\/span><\/span><\/a><\/p>\n","protected":false},"excerpt":{"rendered":"<p>O diret\u00f3rio do Partido Liberal (PL) no Paran\u00e1 compartilhou propaganda com o pr\u00e9-candidato da legenda ao Planalto, o senador Fl\u00e1vio Bolsonaro (PL), o pr\u00e9-candidato ao governo do Estado do Paran\u00e1, S\u00e9rgio Moro (PL), e o pr\u00e9-candidato ao Senado pelo PL, Filipe Barros. A pe\u00e7a publicit\u00e1ria marca a 1\u00aa apari\u00e7\u00e3o conjunta de Fl\u00e1vio Bolsonaro com o [&hellip;]<\/p>\n","protected":false},"author":2,"featured_media":208742,"comment_status":"open","ping_status":"open","sticky":false,"template":"","format":"standard","meta":{"_monsterinsights_skip_tracking":false,"_monsterinsights_sitenote_active":false,"_monsterinsights_sitenote_note":"","_monsterinsights_sitenote_category":0},"categories":[6,30260,30259,12],"tags":[652,43890,23158,44550,35408,2735],"aioseo_notices":[],"_links":{"self":[{"href":"https:\/\/mspontocom.com.br\/site\/wp-json\/wp\/v2\/posts\/208741"}],"collection":[{"href":"https:\/\/mspontocom.com.br\/site\/wp-json\/wp\/v2\/posts"}],"about":[{"href":"https:\/\/mspontocom.com.br\/site\/wp-json\/wp\/v2\/types\/post"}],"author":[{"embeddable":true,"href":"https:\/\/mspontocom.com.br\/site\/wp-json\/wp\/v2\/users\/2"}],"replies":[{"embeddable":true,"href":"https:\/\/mspontocom.com.br\/site\/wp-json\/wp\/v2\/comments?post=208741"}],"version-history":[{"count":2,"href":"https:\/\/mspontocom.com.br\/site\/wp-json\/wp\/v2\/posts\/208741\/revisions"}],"predecessor-version":[{"id":208744,"href":"https:\/\/mspontocom.com.br\/site\/wp-json\/wp\/v2\/posts\/208741\/revisions\/208744"}],"wp:featuredmedia":[{"embeddable":true,"href":"https:\/\/mspontocom.com.br\/site\/wp-json\/wp\/v2\/media\/208742"}],"wp:attachment":[{"href":"https:\/\/mspontocom.com.br\/site\/wp-json\/wp\/v2\/media?parent=208741"}],"wp:term":[{"taxonomy":"category","embeddable":true,"href":"https:\/\/mspontocom.com.br\/site\/wp-json\/wp\/v2\/categories?post=208741"},{"taxonomy":"post_tag","embeddable":true,"href":"https:\/\/mspontocom.com.br\/site\/wp-json\/wp\/v2\/tags?post=208741"}],"curies":[{"name":"wp","href":"https:\/\/api.w.org\/{rel}","templated":true}]}}