{"id":208745,"date":"2026-04-26T07:02:25","date_gmt":"2026-04-26T11:02:25","guid":{"rendered":"https:\/\/mspontocom.com.br\/site\/?p=208745"},"modified":"2026-04-26T07:02:25","modified_gmt":"2026-04-26T11:02:25","slug":"pt-pede-retorno-do-ditador-maduro-a-venezuela-durante-evento-do-partido","status":"publish","type":"post","link":"http:\/\/mspontocom.com.br\/site\/pt-pede-retorno-do-ditador-maduro-a-venezuela-durante-evento-do-partido\/","title":{"rendered":"PT pede retorno do ditador Maduro \u00e0 Venezuela durante evento do partido"},"content":{"rendered":"<p style=\"text-align: justify;\"><img loading=\"lazy\" class=\"alignnone size-full wp-image-208746\" src=\"http:\/\/mspontocom.com.br\/site\/wp-content\/uploads\/2026\/04\/site-pt-pede-retorno-do-ditador-maduro-a-venezuela-durante-evento-do-partido-maduro.webp\" alt=\"\" width=\"700\" height=\"394\" srcset=\"http:\/\/mspontocom.com.br\/site\/wp-content\/uploads\/2026\/04\/site-pt-pede-retorno-do-ditador-maduro-a-venezuela-durante-evento-do-partido-maduro.webp 700w, http:\/\/mspontocom.com.br\/site\/wp-content\/uploads\/2026\/04\/site-pt-pede-retorno-do-ditador-maduro-a-venezuela-durante-evento-do-partido-maduro-260x146.webp 260w\" sizes=\"(max-width: 700px) 100vw, 700px\" \/><\/p>\n<p style=\"text-align: justify;\">Um banner com a frase\u00a0<em>\u201clos queremos de vuelta\u201d<\/em> marcou o 8\u00ba congresso do<strong>\u00a0do PT<\/strong>, realizado nesta em Bras\u00edlia.<\/p>\n<p style=\"text-align: justify;\">A pe\u00e7a pedia a liberdade de Nicol\u00e1s\u00a0<strong>Maduro<\/strong> \u00a0al\u00e9m de defender seu retorno\u00a0 \u00e0 Venezuela.<\/p>\n<h2 id=\"h-bandeiras-e-cartazes-em-apoio-ao-ditador\" class=\"wp-block-heading\" style=\"text-align: justify;\">Bandeiras e cartazes em apoio ao ditador<\/h2>\n<p style=\"text-align: justify;\">Al\u00e9m do banner, militantes petistas empunharam bandeiras venezuelanas durante o evento.<\/p>\n<p style=\"text-align: justify;\">Um cartaz exibido no congresso se referia a\u00a0<strong>Maduro<\/strong>\u00a0como\u00a0<em>\u201cpresidente da Venezuela\u201d<\/em>.<\/p>\n<p style=\"text-align: justify;\">Tanto\u00a0<strong>Maduro<\/strong> quanto sua esposa Cilia Flores foram capturados por for\u00e7as militares dos Estados Unidos em janeiro, na capital Caracas, e transferidos para Nova York.<\/p>\n<h2 id=\"h-lula-envia-video-ao-congresso-sem-comparecer-pessoalmente\" class=\"wp-block-heading\" style=\"text-align: justify;\">Lula envia v\u00eddeo ao congresso<\/h2>\n<p style=\"text-align: justify;\">O presidente Lula n\u00e3o esteve presente fisicamente no 8\u00ba Congresso do PT.<\/p>\n<p style=\"text-align: justify;\">Em vez disso, enviou uma grava\u00e7\u00e3o em v\u00eddeo \u00e0 milit\u00e2ncia na sexta-feira, 24. Na mensagem, o petista defendeu que a atua\u00e7\u00e3o pol\u00edtica precisa ir al\u00e9m das redes sociais.<\/p>\n<h2 id=\"h-liderancas-e-aliados-presentes-no-evento\" class=\"wp-block-heading\" style=\"text-align: justify;\">Lideran\u00e7as e aliados presentes no evento<\/h2>\n<p style=\"text-align: justify;\">O\u00a0congresso\u00a0reuniu lideran\u00e7as do\u00a0<strong>PT<\/strong>\u00a0e aliados do partido.<\/p>\n<p style=\"text-align: justify;\">O evento serviu de palco para manifesta\u00e7\u00f5es de apoio a pautas internacionais, como a defesa de\u00a0<strong>Maduro<\/strong>, e para a articula\u00e7\u00e3o da estrat\u00e9gia eleitoral do partido no governo.<\/p>\n<p style=\"text-align: justify;\"><span style=\"color: #444444;\"><span style=\"font-family: Ubuntu, Helvetica, Arial, sans-serif;\"><span style=\"font-size: large;\"><i><b>Continue em nossa companhia em:<\/b><\/i><\/span><\/span><\/span><span style=\"color: #444444;\"><span style=\"font-family: Montserrat;\"><span style=\"font-size: medium;\">\u00a0<\/span><\/span><\/span><a href=\"http:\/\/www.mspontocom.com.br\/\"><span style=\"color: #0000ff;\"><span style=\"font-family: Comic Sans MS, cursive;\"><span style=\"font-size: medium;\"><u>www.mspontocom.com.br<\/u><\/span><\/span><\/span><\/a><\/p>\n","protected":false},"excerpt":{"rendered":"<p>Um banner com a frase\u00a0\u201clos queremos de vuelta\u201d marcou o 8\u00ba congresso do\u00a0do PT, realizado nesta em Bras\u00edlia. A pe\u00e7a pedia a liberdade de Nicol\u00e1s\u00a0Maduro \u00a0al\u00e9m de defender seu retorno\u00a0 \u00e0 Venezuela. Bandeiras e cartazes em apoio ao ditador Al\u00e9m do banner, militantes petistas empunharam bandeiras venezuelanas durante o evento. Um cartaz exibido no congresso [&hellip;]<\/p>\n","protected":false},"author":2,"featured_media":208746,"comment_status":"open","ping_status":"open","sticky":false,"template":"","format":"standard","meta":{"_monsterinsights_skip_tracking":false,"_monsterinsights_sitenote_active":false,"_monsterinsights_sitenote_note":"","_monsterinsights_sitenote_category":0},"categories":[6,30260,7,30259,12],"tags":[37170,244,29082,2349,533,3638,1310],"aioseo_notices":[],"_links":{"self":[{"href":"http:\/\/mspontocom.com.br\/site\/wp-json\/wp\/v2\/posts\/208745"}],"collection":[{"href":"http:\/\/mspontocom.com.br\/site\/wp-json\/wp\/v2\/posts"}],"about":[{"href":"http:\/\/mspontocom.com.br\/site\/wp-json\/wp\/v2\/types\/post"}],"author":[{"embeddable":true,"href":"http:\/\/mspontocom.com.br\/site\/wp-json\/wp\/v2\/users\/2"}],"replies":[{"embeddable":true,"href":"http:\/\/mspontocom.com.br\/site\/wp-json\/wp\/v2\/comments?post=208745"}],"version-history":[{"count":1,"href":"http:\/\/mspontocom.com.br\/site\/wp-json\/wp\/v2\/posts\/208745\/revisions"}],"predecessor-version":[{"id":208747,"href":"http:\/\/mspontocom.com.br\/site\/wp-json\/wp\/v2\/posts\/208745\/revisions\/208747"}],"wp:featuredmedia":[{"embeddable":true,"href":"http:\/\/mspontocom.com.br\/site\/wp-json\/wp\/v2\/media\/208746"}],"wp:attachment":[{"href":"http:\/\/mspontocom.com.br\/site\/wp-json\/wp\/v2\/media?parent=208745"}],"wp:term":[{"taxonomy":"category","embeddable":true,"href":"http:\/\/mspontocom.com.br\/site\/wp-json\/wp\/v2\/categories?post=208745"},{"taxonomy":"post_tag","embeddable":true,"href":"http:\/\/mspontocom.com.br\/site\/wp-json\/wp\/v2\/tags?post=208745"}],"curies":[{"name":"wp","href":"https:\/\/api.w.org\/{rel}","templated":true}]}}