{"id":208751,"date":"2026-04-27T06:00:06","date_gmt":"2026-04-27T10:00:06","guid":{"rendered":"https:\/\/mspontocom.com.br\/site\/?p=208751"},"modified":"2026-04-27T06:00:06","modified_gmt":"2026-04-27T10:00:06","slug":"lula-fica-fora-da-agrishow-e-amplia-oposicao-do-agronegocio","status":"publish","type":"post","link":"https:\/\/mspontocom.com.br\/site\/lula-fica-fora-da-agrishow-e-amplia-oposicao-do-agronegocio\/","title":{"rendered":"Lula fica fora da Agrishow e amplia oposi\u00e7\u00e3o do agroneg\u00f3cio"},"content":{"rendered":"<div class=\"styles__TopAndMainSiteContainer-sc-1yv6i7m-0 bEgOtj\">\n<div class=\"styles__Navbarv2Container-sc-1tq7vc6-0 kIcUaN navbar-v3-container\">\n<div class=\"navbar-v3-content container-fixed \">\n<div class=\"container-content container\">\n<div class=\"container-left-content\"><\/div>\n<\/div>\n<\/div>\n<\/div>\n<\/div>\n<header class=\"styles__ContainerHeaderNoticiaBlockStyled-sc-17abcbt-0 fQbvEb\">\n<div class=\"container\">\n<div class=\"container-news-informs\">\n<h1><\/h1>\n<\/div>\n<\/div>\n<\/header>\n<div id=\"content\" class=\"styles__ContentWrapperContainerStyled-sc-1ehbu6v-0 iMMgpd content-wrapper -paywall-parent box\">\n<div class=\"styles__ContentWrapperContainerStyled-sc-1ehbu6v-0 iMMgpd content-wrapper news-body container content template-coluna already-sliced already-checked\" data-paywall-wrapper=\"true\">\n<p class=\"styles__ParagraphStyled-sc-6adecn-0 geGWDE theme-default  \" data-component-name=\"paragraph\"><img loading=\"lazy\" class=\"alignnone size-full wp-image-208752\" src=\"http:\/\/mspontocom.com.br\/site\/wp-content\/uploads\/2026\/04\/site-lula-fica-fora-da-agrishow-e-amplia-oposicao-do-agronegocio-lula-mst.webp\" alt=\"\" width=\"414\" height=\"280\" srcset=\"https:\/\/mspontocom.com.br\/site\/wp-content\/uploads\/2026\/04\/site-lula-fica-fora-da-agrishow-e-amplia-oposicao-do-agronegocio-lula-mst.webp 414w, https:\/\/mspontocom.com.br\/site\/wp-content\/uploads\/2026\/04\/site-lula-fica-fora-da-agrishow-e-amplia-oposicao-do-agronegocio-lula-mst-260x176.webp 260w\" sizes=\"(max-width: 414px) 100vw, 414px\" \/><\/p>\n<p class=\"styles__ParagraphStyled-sc-6adecn-0 geGWDE theme-default  \" data-component-name=\"paragraph\">O presidente Lula\u00a0n\u00e3o ir\u00e1 a\u00a0<strong>Agrishow 2026<\/strong>, que teve abertura oficial neste domingo, 26, em Ribeir\u00e3o Preto (SP), e fechar\u00e1 o terceiro mandato sem comparecer \u00e0 maior feira agropecu\u00e1ria do pa\u00eds .<\/p>\n<p class=\"styles__ParagraphStyled-sc-6adecn-0 geGWDE theme-default  \" data-component-name=\"paragraph\">Com isso, o petista amplia o terreno do setor com seus opositores, em pleno ano eleitoral.<\/p>\n<div class=\"styles__MultiParagraphAdStyled-sc-1yb8ue6-0 kAOghv theme-default\" data-component-name=\"multi-paragraph\">\n<div class=\" ads-container\">\n<div class=\"styles__Container-sc-1v8tg5g-0 cYtLaa\">\n<p class=\"ads-placeholder-label\">Flavio Bolsonaro \u00a0confirmou presen\u00e7a.<\/p>\n<\/div>\n<\/div>\n<div class=\"paragraph\">\n<p>O filho do ex-presidente Jair Bolsonaro vai \u00e0 Agrishow de bra\u00e7os dados com o governador de S\u00e3o Paulo, Tarc\u00edsio de Freitas.<\/p>\n<p>Zema e Caiado, nos dias seguintes, transformando os corredores da feira em espa\u00e7o para refor\u00e7ar cr\u00edticas ao atual governo, principalmente diante de um p\u00fablico que tem muito mais proximidade com a direita.<\/p>\n<p>Nos \u00faltimos anos, a Agrishow deixou de ser apenas um hub de neg\u00f3cios e virou um term\u00f4metro da sucess\u00e3o presidencial.<\/p>\n<p>Com a inelegibilidade de\u00a0<strong>Jair Bolsonaro<\/strong>, o setor \u2014 historicamente alinhado ao ex-presidente \u2014 tornou-se o principal esp\u00f3lio pol\u00edtico em disputa.<\/p>\n<\/div>\n<\/div>\n<p class=\"styles__ParagraphStyled-sc-6adecn-0 geGWDE theme-default  \" data-component-name=\"paragraph\">A rela\u00e7\u00e3o entre o governo Lula e a Agrishow e o entrou em colapso logo no primeiro ano de mandato.<\/p>\n<p data-component-name=\"paragraph\">Lula sabe que enfrentaria um p\u00fablico majoritariamente cr\u00edtico e um hist\u00f3rico de tens\u00f5es com o setor.<\/p>\n<\/div>\n<\/div>\n","protected":false},"excerpt":{"rendered":"<p>O presidente Lula\u00a0n\u00e3o ir\u00e1 a\u00a0Agrishow 2026, que teve abertura oficial neste domingo, 26, em Ribeir\u00e3o Preto (SP), e fechar\u00e1 o terceiro mandato sem comparecer \u00e0 maior feira agropecu\u00e1ria do pa\u00eds . Com isso, o petista amplia o terreno do setor com seus opositores, em pleno ano eleitoral. Flavio Bolsonaro \u00a0confirmou presen\u00e7a. O filho do ex-presidente [&hellip;]<\/p>\n","protected":false},"author":2,"featured_media":208752,"comment_status":"open","ping_status":"open","sticky":false,"template":"","format":"standard","meta":{"_monsterinsights_skip_tracking":false,"_monsterinsights_sitenote_active":false,"_monsterinsights_sitenote_note":"","_monsterinsights_sitenote_category":0},"categories":[6,30260,15,30259,12,14],"tags":[27750,39515,1005,24097,480,4285],"aioseo_notices":[],"_links":{"self":[{"href":"https:\/\/mspontocom.com.br\/site\/wp-json\/wp\/v2\/posts\/208751"}],"collection":[{"href":"https:\/\/mspontocom.com.br\/site\/wp-json\/wp\/v2\/posts"}],"about":[{"href":"https:\/\/mspontocom.com.br\/site\/wp-json\/wp\/v2\/types\/post"}],"author":[{"embeddable":true,"href":"https:\/\/mspontocom.com.br\/site\/wp-json\/wp\/v2\/users\/2"}],"replies":[{"embeddable":true,"href":"https:\/\/mspontocom.com.br\/site\/wp-json\/wp\/v2\/comments?post=208751"}],"version-history":[{"count":2,"href":"https:\/\/mspontocom.com.br\/site\/wp-json\/wp\/v2\/posts\/208751\/revisions"}],"predecessor-version":[{"id":208754,"href":"https:\/\/mspontocom.com.br\/site\/wp-json\/wp\/v2\/posts\/208751\/revisions\/208754"}],"wp:featuredmedia":[{"embeddable":true,"href":"https:\/\/mspontocom.com.br\/site\/wp-json\/wp\/v2\/media\/208752"}],"wp:attachment":[{"href":"https:\/\/mspontocom.com.br\/site\/wp-json\/wp\/v2\/media?parent=208751"}],"wp:term":[{"taxonomy":"category","embeddable":true,"href":"https:\/\/mspontocom.com.br\/site\/wp-json\/wp\/v2\/categories?post=208751"},{"taxonomy":"post_tag","embeddable":true,"href":"https:\/\/mspontocom.com.br\/site\/wp-json\/wp\/v2\/tags?post=208751"}],"curies":[{"name":"wp","href":"https:\/\/api.w.org\/{rel}","templated":true}]}}