{"id":208755,"date":"2026-04-27T06:11:21","date_gmt":"2026-04-27T10:11:21","guid":{"rendered":"https:\/\/mspontocom.com.br\/site\/?p=208755"},"modified":"2026-04-27T06:11:21","modified_gmt":"2026-04-27T10:11:21","slug":"eua-acusam-governo-lula-de-anunciar-acordos-inexistentes","status":"publish","type":"post","link":"https:\/\/mspontocom.com.br\/site\/eua-acusam-governo-lula-de-anunciar-acordos-inexistentes\/","title":{"rendered":"EUA acusam governo Lula de anunciar acordos inexistentes"},"content":{"rendered":"<p style=\"text-align: justify;\"><img loading=\"lazy\" class=\"alignnone size-full wp-image-208756\" src=\"http:\/\/mspontocom.com.br\/site\/wp-content\/uploads\/2026\/04\/site-eua-acusam-governo-lula-de-anunciar-acordos-inexistentes-lula-mentiroso.jpeg\" alt=\"\" width=\"636\" height=\"443\" srcset=\"https:\/\/mspontocom.com.br\/site\/wp-content\/uploads\/2026\/04\/site-eua-acusam-governo-lula-de-anunciar-acordos-inexistentes-lula-mentiroso.jpeg 636w, https:\/\/mspontocom.com.br\/site\/wp-content\/uploads\/2026\/04\/site-eua-acusam-governo-lula-de-anunciar-acordos-inexistentes-lula-mentiroso-260x181.jpeg 260w\" sizes=\"(max-width: 636px) 100vw, 636px\" \/><\/p>\n<p style=\"text-align: justify;\">Uma sequ\u00eancia de epis\u00f3dios diplom\u00e1ticos entre\u00a0Brasi<strong>l<\/strong> e Estados Unidos\u00a0culminou numa crise aberta entre os dois pa\u00edses.<\/p>\n<p style=\"text-align: justify;\">Integrantes do governo norte-americano classificaram como\u00a0<strong>\u201cexagero\u201d<\/strong>\u00a0os an\u00fancios feitos pelo governo\u00a0<strong>Lula<\/strong> sobre supostas parcerias bilaterais.<\/p>\n<p style=\"text-align: justify;\">\u00a0Na avalia\u00e7\u00e3o de <strong>Washington<\/strong>, o governo brasileiro teria <span style=\"font-size: 14pt;\"><strong>mentido<\/strong><\/span> sobre\u00a0<strong>acordos<\/strong>\u00a0que jamais foram firmados, utilizando a imagem institucional americana para construir uma narrativa politicamente favor\u00e1vel ao PT \u00e0s v\u00e9speras de 2026.<\/p>\n<h2 id=\"h-a-reuniao-sobre-o-porto-de-santos-que-virou-cooperacao-sem-assinatura\" class=\"wp-block-heading\" style=\"text-align: justify;\">Mentira n\u00famero 1<\/h2>\n<p style=\"text-align: justify;\">O primeiro dos dois epis\u00f3dios contestados ocorreu em 10 de abril.<\/p>\n<p style=\"text-align: justify;\">Representantes dos\u00a0<strong>EUA<\/strong>\u00a0participaram de um encontro com o ministro da Fazenda Dario Durigan, o diretor-geral da PF Andrei Rodrigues e o secret\u00e1rio da Receita Federal Robinson Barreirinhas.<\/p>\n<p style=\"text-align: justify;\">A pauta girava em torno da expans\u00e3o da fiscaliza\u00e7\u00e3o remota do Porto de Santos.<\/p>\n<p style=\"text-align: justify;\">Na mesa, discutiu-se uma carta de inten\u00e7\u00f5es \u2014 que, contudo, n\u00e3o chegou a ser assinada.<\/p>\n<p style=\"text-align: justify;\">Encerrada a reuni\u00e3o, os tr\u00eas representantes brasileiros convocaram coletiva de imprensa e comunicaram a\u00a0<strong>\u201cformaliza\u00e7\u00e3o de uma coopera\u00e7\u00e3o com os EUA para o combate de armas e drogas\u201d<\/strong>.<\/p>\n<p style=\"text-align: justify;\">O presidente\u00a0<strong>Lula<\/strong>\u00a0repercutiu o an\u00fancio em suas redes sociais.<\/p>\n<p style=\"text-align: justify;\">Do lado americano, por\u00e9m, nenhuma autoridade reconheceu que qualquer acordo novo tivesse sido celebrado naquela conversa.<\/p>\n<h2 id=\"h-caso-ramagem-o-anuncio-que-irritou-washington\" class=\"wp-block-heading\" style=\"text-align: justify;\">Mentira n\u00famero 2<\/h2>\n<p style=\"text-align: justify;\">O segundo epis\u00f3dio \u2014 considerado ainda mais grave sob o prisma diplom\u00e1tico \u2014 aconteceu em 13 de abril.<\/p>\n<p style=\"text-align: justify;\">O governo brasileiro divulgou a deten\u00e7\u00e3o do ex-deputado Alexandre Ramagem\u00a0na Fl\u00f3rida, apresentando-a como resultado de\u00a0<strong>\u201ccoopera\u00e7\u00e3o internacional\u201d<\/strong>\u00a0entre a Pol\u00edcia Federal e o ICE.<\/p>\n<p style=\"text-align: justify;\">A rea\u00e7\u00e3o em\u00a0<strong>Washington<\/strong>\u00a0foi imediata.<\/p>\n<p style=\"text-align: justify;\">O governo americano n\u00e3o havia autorizado nenhuma divulga\u00e7\u00e3o e n\u00e3o identificava na deten\u00e7\u00e3o qualquer opera\u00e7\u00e3o coordenada com o\u00a0Brasil.<\/p>\n<p style=\"text-align: justify;\">Ap\u00f3s o epis\u00f3dio, autoridades norte-americanas passaram a investigar as circunst\u00e2ncias reais do caso.<\/p>\n<p style=\"text-align: justify;\">A conclus\u00e3o a que chegaram confirmou a vers\u00e3o que aliados de Ramagem defendiam desde o in\u00edcio: a deten\u00e7\u00e3o decorreu de um problema de visto, cujo prazo de perman\u00eancia nos\u00a0<strong>EUA<\/strong>\u00a0havia expirado.<\/p>\n<p style=\"text-align: justify;\">Ramagem foi liberado no dia 15 de abril e segue em territ\u00f3rio americano.<\/p>\n<h2 id=\"h-narrativa-eleitoral-desmontada-por-washington\" class=\"wp-block-heading\" style=\"text-align: justify;\">Narrativa eleitoral desmontada por Washington<\/h2>\n<p style=\"text-align: justify;\">O conjunto dos fatos desenha um cen\u00e1rio em que o governo brasileiro teria constru\u00eddo deliberadamente uma narrativa de coopera\u00e7\u00e3o policial com os\u00a0<strong>EUA<\/strong>\u00a0visando ganhos eleitorais.<\/p>\n<p style=\"text-align: justify;\">\u00a0<strong>Acordos inexistentes<\/strong>\u00a0foram anunciados, deten\u00e7\u00f5es foram divulgadas como se fossem opera\u00e7\u00f5es conjuntas e o nome de\u00a0<strong>Washington<\/strong>\u00a0foi utilizado para refor\u00e7ar o discurso de combate ao crime organizado que\u00a0<strong>Lula<\/strong> busca consolidar antes das elei\u00e7\u00f5es \u00a0de 2026.<\/p>\n<p style=\"text-align: justify;\">Os\u00a0<strong>Estados Unidos<\/strong> n\u00e3o aceitaram servir de coadjuvantes nessa estrat\u00e9gia.<\/p>\n<p style=\"text-align: justify;\"><span style=\"color: #444444;\"><span style=\"font-family: Ubuntu, Helvetica, Arial, sans-serif;\"><span style=\"font-size: large;\"><i><b>Continue em nossa companhia em:<\/b><\/i><\/span><\/span><\/span><span style=\"color: #444444;\"><span style=\"font-family: Montserrat;\"><span style=\"font-size: medium;\">\u00a0<\/span><\/span><\/span><a href=\"http:\/\/www.mspontocom.com.br\/\"><span style=\"color: #0000ff;\"><span style=\"font-family: Comic Sans MS, cursive;\"><span style=\"font-size: medium;\"><u>www.mspontocom.com.br<\/u><\/span><\/span><\/span><\/a><\/p>\n","protected":false},"excerpt":{"rendered":"<p>Uma sequ\u00eancia de epis\u00f3dios diplom\u00e1ticos entre\u00a0Brasil e Estados Unidos\u00a0culminou numa crise aberta entre os dois pa\u00edses. Integrantes do governo norte-americano classificaram como\u00a0\u201cexagero\u201d\u00a0os an\u00fancios feitos pelo governo\u00a0Lula sobre supostas parcerias bilaterais. \u00a0Na avalia\u00e7\u00e3o de Washington, o governo brasileiro teria mentido sobre\u00a0acordos\u00a0que jamais foram firmados, utilizando a imagem institucional americana para construir uma narrativa politicamente favor\u00e1vel ao [&hellip;]<\/p>\n","protected":false},"author":2,"featured_media":208756,"comment_status":"open","ping_status":"open","sticky":false,"template":"","format":"standard","meta":{"_monsterinsights_skip_tracking":false,"_monsterinsights_sitenote_active":false,"_monsterinsights_sitenote_note":"","_monsterinsights_sitenote_category":0},"categories":[30260,7,30259,12],"tags":[44551,28727,26370,1539,78,480],"aioseo_notices":[],"_links":{"self":[{"href":"https:\/\/mspontocom.com.br\/site\/wp-json\/wp\/v2\/posts\/208755"}],"collection":[{"href":"https:\/\/mspontocom.com.br\/site\/wp-json\/wp\/v2\/posts"}],"about":[{"href":"https:\/\/mspontocom.com.br\/site\/wp-json\/wp\/v2\/types\/post"}],"author":[{"embeddable":true,"href":"https:\/\/mspontocom.com.br\/site\/wp-json\/wp\/v2\/users\/2"}],"replies":[{"embeddable":true,"href":"https:\/\/mspontocom.com.br\/site\/wp-json\/wp\/v2\/comments?post=208755"}],"version-history":[{"count":1,"href":"https:\/\/mspontocom.com.br\/site\/wp-json\/wp\/v2\/posts\/208755\/revisions"}],"predecessor-version":[{"id":208757,"href":"https:\/\/mspontocom.com.br\/site\/wp-json\/wp\/v2\/posts\/208755\/revisions\/208757"}],"wp:featuredmedia":[{"embeddable":true,"href":"https:\/\/mspontocom.com.br\/site\/wp-json\/wp\/v2\/media\/208756"}],"wp:attachment":[{"href":"https:\/\/mspontocom.com.br\/site\/wp-json\/wp\/v2\/media?parent=208755"}],"wp:term":[{"taxonomy":"category","embeddable":true,"href":"https:\/\/mspontocom.com.br\/site\/wp-json\/wp\/v2\/categories?post=208755"},{"taxonomy":"post_tag","embeddable":true,"href":"https:\/\/mspontocom.com.br\/site\/wp-json\/wp\/v2\/tags?post=208755"}],"curies":[{"name":"wp","href":"https:\/\/api.w.org\/{rel}","templated":true}]}}