{"id":208761,"date":"2026-04-27T08:14:49","date_gmt":"2026-04-27T12:14:49","guid":{"rendered":"https:\/\/mspontocom.com.br\/site\/?p=208761"},"modified":"2026-04-27T08:14:49","modified_gmt":"2026-04-27T12:14:49","slug":"saiu-edital-da-agu-com-vagas-para-niveis-medio-e-superior","status":"publish","type":"post","link":"https:\/\/mspontocom.com.br\/site\/saiu-edital-da-agu-com-vagas-para-niveis-medio-e-superior\/","title":{"rendered":"Saiu edital da AGU com vagas para n\u00edveis m\u00e9dio e superior"},"content":{"rendered":"<p style=\"text-align: justify;\"><img loading=\"lazy\" class=\"alignnone size-full wp-image-208763\" src=\"http:\/\/mspontocom.com.br\/site\/wp-content\/uploads\/2026\/04\/site-saiu-edital-da-agu-com-vagas-para-niveis-medio-e-superior-agu.jpg\" alt=\"\" width=\"512\" height=\"512\" srcset=\"https:\/\/mspontocom.com.br\/site\/wp-content\/uploads\/2026\/04\/site-saiu-edital-da-agu-com-vagas-para-niveis-medio-e-superior-agu.jpg 512w, https:\/\/mspontocom.com.br\/site\/wp-content\/uploads\/2026\/04\/site-saiu-edital-da-agu-com-vagas-para-niveis-medio-e-superior-agu-260x260.jpg 260w, https:\/\/mspontocom.com.br\/site\/wp-content\/uploads\/2026\/04\/site-saiu-edital-da-agu-com-vagas-para-niveis-medio-e-superior-agu-150x150.jpg 150w\" sizes=\"(max-width: 512px) 100vw, 512px\" \/><\/p>\n<p style=\"text-align: justify;\">Saiu\u00a0<strong>novo edital da AGU com vagas para candidatos dos n\u00edveis m\u00e9dio e superior<\/strong>\u00a0de diferentes \u00e1reas.<\/p>\n<p style=\"text-align: justify;\">A Secret\u00e1ria Geral de Administra\u00e7\u00e3o da Advocacia Geral da Uni\u00e3o quer formar cadastro reserva de jovens talentos em diversas cidades do Brasil.<\/p>\n<p style=\"text-align: justify;\">As inscri\u00e7\u00f5es ser\u00e3o abertas nos pr\u00f3ximos dias.<\/p>\n<p style=\"text-align: justify;\">Poder\u00e3o se inscrever no\u00a0<strong>processo seletivo 2026 da AGU<\/strong> os alunos do ensino m\u00e9dio regular e tamb\u00e9m universit\u00e1rios das \u00e1reas de Administra\u00e7\u00e3o, Administra\u00e7\u00e3o P\u00fablica, Arquitetura e Urbanismo, Arquivologia, Ci\u00eancias Cont\u00e1beis, Design Gr\u00e1fico, Direito, Economia, Engenharia Civil, Engenharia de Software, Hist\u00f3ria e Intelig\u00eancia Artificial.<\/p>\n<h2 style=\"text-align: justify;\">Como se inscrever<\/h2>\n<p style=\"text-align: justify;\">\u00a0Quem quiser participar do <strong>processo seletivo 2026 da Advocacia Geral da Uni\u00e3o<\/strong>\u00a0dever\u00e1 efetuar a inscri\u00e7\u00e3o no per\u00edodo de 27 de abril a 15 de maio, exclusivamente via internet, no site do CIEE (Centro de Integra\u00e7\u00e3o Empresa-Escola):\u00a0<a href=\"https:\/\/pp.ciee.org.br\/vitrine\/14067\/detalhe\">https:\/\/pp.ciee.org.br\/14067<\/a>.<\/p>\n<p style=\"text-align: justify;\"><span style=\"color: #444444;\"><span style=\"font-family: Ubuntu, Helvetica, Arial, sans-serif;\"><span style=\"font-size: large;\"><i><b>Continue em nossa companhia em:<\/b><\/i><\/span><\/span><\/span><span style=\"color: #444444;\"><span style=\"font-family: Montserrat;\"><span style=\"font-size: medium;\">\u00a0<\/span><\/span><\/span><a href=\"http:\/\/www.mspontocom.com.br\/\"><span style=\"color: #0000ff;\"><span style=\"font-family: Comic Sans MS, cursive;\"><span style=\"font-size: medium;\"><u>www.mspontocom.com.br<\/u><\/span><\/span><\/span><\/a><\/p>\n","protected":false},"excerpt":{"rendered":"<p>Saiu\u00a0novo edital da AGU com vagas para candidatos dos n\u00edveis m\u00e9dio e superior\u00a0de diferentes \u00e1reas. A Secret\u00e1ria Geral de Administra\u00e7\u00e3o da Advocacia Geral da Uni\u00e3o quer formar cadastro reserva de jovens talentos em diversas cidades do Brasil. As inscri\u00e7\u00f5es ser\u00e3o abertas nos pr\u00f3ximos dias. Poder\u00e3o se inscrever no\u00a0processo seletivo 2026 da AGU os alunos do [&hellip;]<\/p>\n","protected":false},"author":2,"featured_media":208763,"comment_status":"open","ping_status":"open","sticky":false,"template":"","format":"standard","meta":{"_monsterinsights_skip_tracking":false,"_monsterinsights_sitenote_active":false,"_monsterinsights_sitenote_note":"","_monsterinsights_sitenote_category":0},"categories":[28176],"tags":[6085,125,44555,25027,347],"aioseo_notices":[],"_links":{"self":[{"href":"https:\/\/mspontocom.com.br\/site\/wp-json\/wp\/v2\/posts\/208761"}],"collection":[{"href":"https:\/\/mspontocom.com.br\/site\/wp-json\/wp\/v2\/posts"}],"about":[{"href":"https:\/\/mspontocom.com.br\/site\/wp-json\/wp\/v2\/types\/post"}],"author":[{"embeddable":true,"href":"https:\/\/mspontocom.com.br\/site\/wp-json\/wp\/v2\/users\/2"}],"replies":[{"embeddable":true,"href":"https:\/\/mspontocom.com.br\/site\/wp-json\/wp\/v2\/comments?post=208761"}],"version-history":[{"count":2,"href":"https:\/\/mspontocom.com.br\/site\/wp-json\/wp\/v2\/posts\/208761\/revisions"}],"predecessor-version":[{"id":208764,"href":"https:\/\/mspontocom.com.br\/site\/wp-json\/wp\/v2\/posts\/208761\/revisions\/208764"}],"wp:featuredmedia":[{"embeddable":true,"href":"https:\/\/mspontocom.com.br\/site\/wp-json\/wp\/v2\/media\/208763"}],"wp:attachment":[{"href":"https:\/\/mspontocom.com.br\/site\/wp-json\/wp\/v2\/media?parent=208761"}],"wp:term":[{"taxonomy":"category","embeddable":true,"href":"https:\/\/mspontocom.com.br\/site\/wp-json\/wp\/v2\/categories?post=208761"},{"taxonomy":"post_tag","embeddable":true,"href":"https:\/\/mspontocom.com.br\/site\/wp-json\/wp\/v2\/tags?post=208761"}],"curies":[{"name":"wp","href":"https:\/\/api.w.org\/{rel}","templated":true}]}}