{"id":208768,"date":"2026-04-27T09:01:12","date_gmt":"2026-04-27T13:01:12","guid":{"rendered":"https:\/\/mspontocom.com.br\/site\/?p=208768"},"modified":"2026-04-27T09:01:12","modified_gmt":"2026-04-27T13:01:12","slug":"fiesp-pesquisa-acordo-mercosul-e-a-uniao-europeia-participe","status":"publish","type":"post","link":"http:\/\/mspontocom.com.br\/site\/fiesp-pesquisa-acordo-mercosul-e-a-uniao-europeia-participe\/","title":{"rendered":"FIESP: Pesquisa: Acordo Mercosul e a Uni\u00e3o Europeia. Participe"},"content":{"rendered":"<table border=\"0\" width=\"100%\" cellspacing=\"0\" cellpadding=\"0\">\n<tbody>\n<tr>\n<td>\n<p style=\"text-align: justify;\"><span><img loading=\"lazy\" class=\"alignnone size-large wp-image-208769\" src=\"http:\/\/mspontocom.com.br\/site\/wp-content\/uploads\/2026\/04\/site-fiesp-pesquisa-acordo-mercosul-e-a-uniao-europeia-participe-fiesp-1024x683.png\" alt=\"\" width=\"1024\" height=\"683\" srcset=\"http:\/\/mspontocom.com.br\/site\/wp-content\/uploads\/2026\/04\/site-fiesp-pesquisa-acordo-mercosul-e-a-uniao-europeia-participe-fiesp-1024x683.png 1024w, http:\/\/mspontocom.com.br\/site\/wp-content\/uploads\/2026\/04\/site-fiesp-pesquisa-acordo-mercosul-e-a-uniao-europeia-participe-fiesp-260x173.png 260w, http:\/\/mspontocom.com.br\/site\/wp-content\/uploads\/2026\/04\/site-fiesp-pesquisa-acordo-mercosul-e-a-uniao-europeia-participe-fiesp-768x512.png 768w, http:\/\/mspontocom.com.br\/site\/wp-content\/uploads\/2026\/04\/site-fiesp-pesquisa-acordo-mercosul-e-a-uniao-europeia-participe-fiesp.png 1200w\" sizes=\"(max-width: 1024px) 100vw, 1024px\" \/>Com a entrada em vigor, em\u00a0<strong>1\u00ba de maio de 2026<\/strong>, do\u00a0<strong>Acordo Provis\u00f3rio de Com\u00e9rcio entre o MERCOSUL e a Uni\u00e3o Europeia<\/strong>, abre-se um novo contexto de oportunidades para as empresas exportadoras.<\/p>\n<p>A utiliza\u00e7\u00e3o pr\u00e1tica do acordo, no entanto, envolve desafios que podem impactar as opera\u00e7\u00f5es.<\/p>\n<p>A Fiesp est\u00e1 conduzindo uma pesquisa para compreender o n\u00edvel de preparo das empresas e identificar os principais pontos de aten\u00e7\u00e3o na utiliza\u00e7\u00e3o do acordo.<\/p>\n<p>Sua participa\u00e7\u00e3o \u00e9 importante para contribuir com esse diagn\u00f3stico.<br \/>\nSe sua empresa exporta ou pretende exportar para a Uni\u00e3o Europeia,\u00a0<strong>sua resposta levar\u00e1 apenas 5 a 10 minutos<\/strong>.<\/span><\/p>\n<p><span><strong>A pesquisa ficar\u00e1 dispon\u00edvel por tempo limitado.\u00a0<\/strong><\/span><\/p>\n<\/td>\n<\/tr>\n<\/tbody>\n<\/table>\n<table border=\"0\" width=\"100%\" cellspacing=\"0\" cellpadding=\"0\">\n<tbody>\n<tr>\n<td style=\"text-align: justify;\">\n<table class=\"m_387202263902178125ak-button\" border=\"0\" cellspacing=\"0\" cellpadding=\"0\">\n<tbody>\n<tr>\n<td align=\"center\" valign=\"middle\"><a title=\"Acesse aqui e responda a pesquisa!\" href=\"http:\/\/emkt.fiesp.ind.br\/emkt\/tracer\/?2,8801084,6941154f,bc45,1\" target=\"_blank\" rel=\"noopener\" data-saferedirecturl=\"https:\/\/www.google.com\/url?q=http:\/\/emkt.fiesp.ind.br\/emkt\/tracer\/?2,8801084,6941154f,bc45,1&amp;source=gmail&amp;ust=1777380062316000&amp;usg=AOvVaw3o9M5joLiwtRrYrZGbleGK\">Responder pesquisa<\/a><\/td>\n<\/tr>\n<\/tbody>\n<\/table>\n<\/td>\n<\/tr>\n<\/tbody>\n<\/table>\n","protected":false},"excerpt":{"rendered":"<p>Com a entrada em vigor, em\u00a01\u00ba de maio de 2026, do\u00a0Acordo Provis\u00f3rio de Com\u00e9rcio entre o MERCOSUL e a Uni\u00e3o Europeia, abre-se um novo contexto de oportunidades para as empresas exportadoras. A utiliza\u00e7\u00e3o pr\u00e1tica do acordo, no entanto, envolve desafios que podem impactar as opera\u00e7\u00f5es. A Fiesp est\u00e1 conduzindo uma pesquisa para compreender o n\u00edvel [&hellip;]<\/p>\n","protected":false},"author":2,"featured_media":208769,"comment_status":"open","ping_status":"open","sticky":false,"template":"","format":"standard","meta":{"_monsterinsights_skip_tracking":false,"_monsterinsights_sitenote_active":false,"_monsterinsights_sitenote_note":"","_monsterinsights_sitenote_category":0},"categories":[15],"tags":[7556,11460,1213,24154,733,777],"aioseo_notices":[],"_links":{"self":[{"href":"http:\/\/mspontocom.com.br\/site\/wp-json\/wp\/v2\/posts\/208768"}],"collection":[{"href":"http:\/\/mspontocom.com.br\/site\/wp-json\/wp\/v2\/posts"}],"about":[{"href":"http:\/\/mspontocom.com.br\/site\/wp-json\/wp\/v2\/types\/post"}],"author":[{"embeddable":true,"href":"http:\/\/mspontocom.com.br\/site\/wp-json\/wp\/v2\/users\/2"}],"replies":[{"embeddable":true,"href":"http:\/\/mspontocom.com.br\/site\/wp-json\/wp\/v2\/comments?post=208768"}],"version-history":[{"count":1,"href":"http:\/\/mspontocom.com.br\/site\/wp-json\/wp\/v2\/posts\/208768\/revisions"}],"predecessor-version":[{"id":208770,"href":"http:\/\/mspontocom.com.br\/site\/wp-json\/wp\/v2\/posts\/208768\/revisions\/208770"}],"wp:featuredmedia":[{"embeddable":true,"href":"http:\/\/mspontocom.com.br\/site\/wp-json\/wp\/v2\/media\/208769"}],"wp:attachment":[{"href":"http:\/\/mspontocom.com.br\/site\/wp-json\/wp\/v2\/media?parent=208768"}],"wp:term":[{"taxonomy":"category","embeddable":true,"href":"http:\/\/mspontocom.com.br\/site\/wp-json\/wp\/v2\/categories?post=208768"},{"taxonomy":"post_tag","embeddable":true,"href":"http:\/\/mspontocom.com.br\/site\/wp-json\/wp\/v2\/tags?post=208768"}],"curies":[{"name":"wp","href":"https:\/\/api.w.org\/{rel}","templated":true}]}}