{"id":208777,"date":"2026-04-28T07:35:56","date_gmt":"2026-04-28T11:35:56","guid":{"rendered":"https:\/\/mspontocom.com.br\/site\/?p=208777"},"modified":"2026-04-28T07:35:56","modified_gmt":"2026-04-28T11:35:56","slug":"pf-manda-tirar-faixa-que-dizia-ladrao-em-evento-de-lula","status":"publish","type":"post","link":"https:\/\/mspontocom.com.br\/site\/pf-manda-tirar-faixa-que-dizia-ladrao-em-evento-de-lula\/","title":{"rendered":"PF manda tirar faixa que dizia \u201cladr\u00e3o\u201d em evento de Lula"},"content":{"rendered":"<div class=\"video-destaque-desktop\">\n<div class=\"video-destaque-desktop__description\">\n<p style=\"text-align: justify;\"><img loading=\"lazy\" class=\"alignnone size-large wp-image-208778\" src=\"http:\/\/mspontocom.com.br\/site\/wp-content\/uploads\/2026\/04\/site-pf-manda-tirar-faixa-que-dizia-ladrao-em-evento-de-lula-lula-ladrao-1024x762.jpg\" alt=\"\" width=\"1024\" height=\"762\" srcset=\"https:\/\/mspontocom.com.br\/site\/wp-content\/uploads\/2026\/04\/site-pf-manda-tirar-faixa-que-dizia-ladrao-em-evento-de-lula-lula-ladrao-1024x762.jpg 1024w, https:\/\/mspontocom.com.br\/site\/wp-content\/uploads\/2026\/04\/site-pf-manda-tirar-faixa-que-dizia-ladrao-em-evento-de-lula-lula-ladrao-260x193.jpg 260w, https:\/\/mspontocom.com.br\/site\/wp-content\/uploads\/2026\/04\/site-pf-manda-tirar-faixa-que-dizia-ladrao-em-evento-de-lula-lula-ladrao-768x571.jpg 768w, https:\/\/mspontocom.com.br\/site\/wp-content\/uploads\/2026\/04\/site-pf-manda-tirar-faixa-que-dizia-ladrao-em-evento-de-lula-lula-ladrao.jpg 1179w\" sizes=\"(max-width: 1024px) 100vw, 1024px\" \/>A Policia Federal de Lula deixou de ser uma pol\u00edcia de Estado, como manda a constitui\u00e7\u00e3o, para se tornar uma pol\u00edcia de governo.<\/p>\n<p style=\"text-align: justify;\">Est\u00e1 expl\u00edcita a censura praticada pelo \u00f3rg\u00e3o.<\/p>\n<p style=\"text-align: justify;\">Um empres\u00e1rio virou alvo da Pol\u00edcia Federal por colocar uma faixa contra o presidente Lula na cidade de Presidente Prudente, no interior de S\u00e3o Paulo.<\/p>\n<p style=\"text-align: justify;\">Lula estaria na cidade nesta segunda-feira, 27, e por conta de uma quest\u00e3o de agenda, a visita foi cancelada.<\/p>\n<div class=\"ad-wrapper-div\">\n<div class=\"video-destaque-desktop\">\n<div class=\"video-destaque-desktop__description\">\n<div class=\"video-destaque-desktop\">\n<div class=\"video-destaque-desktop__description\">\n<p style=\"text-align: justify;\">Esse empres\u00e1rio, no entanto, se antecipou na semana passada, e indignado com a visita de Lula ao munic\u00edpio, decidiu manifestar a sua opini\u00e3o de forma pac\u00edfica.<\/p>\n<p style=\"text-align: justify;\">Ele colocou uma faixa com a palavra <strong>\u201cladr\u00e3o\u201d<\/strong> na sacada do seu pr\u00f3prio apartamento, sem mencionar o petista.<\/p>\n<p style=\"text-align: justify;\">Mas a Pol\u00edcia Federal sabe bem a fama do descondenado.<\/p>\n<p style=\"text-align: justify;\"><span style=\"color: #444444;\"><span style=\"font-family: Ubuntu, Helvetica, Arial, sans-serif;\"><span style=\"font-size: large;\"><i><b>Continue em nossa companhia em:<\/b><\/i><\/span><\/span><\/span><span style=\"color: #444444;\"><span style=\"font-family: Montserrat;\"><span style=\"font-size: medium;\">\u00a0<\/span><\/span><\/span><a href=\"http:\/\/www.mspontocom.com.br\/\"><span style=\"color: #0000ff;\"><span style=\"font-family: Comic Sans MS, cursive;\"><span style=\"font-size: medium;\"><u>www.mspontocom.com.br<\/u><\/span><\/span><\/span><\/a><\/p>\n<p style=\"text-align: justify;\">\n<\/div>\n<\/div>\n<div class=\"ad-wrapper-div\"><\/div>\n<\/div>\n<\/div>\n<\/div>\n<\/div>\n<\/div>\n","protected":false},"excerpt":{"rendered":"<p>A Policia Federal de Lula deixou de ser uma pol\u00edcia de Estado, como manda a constitui\u00e7\u00e3o, para se tornar uma pol\u00edcia de governo. Est\u00e1 expl\u00edcita a censura praticada pelo \u00f3rg\u00e3o. Um empres\u00e1rio virou alvo da Pol\u00edcia Federal por colocar uma faixa contra o presidente Lula na cidade de Presidente Prudente, no interior de S\u00e3o Paulo. [&hellip;]<\/p>\n","protected":false},"author":2,"featured_media":208778,"comment_status":"open","ping_status":"open","sticky":false,"template":"","format":"standard","meta":{"_monsterinsights_skip_tracking":false,"_monsterinsights_sitenote_active":false,"_monsterinsights_sitenote_note":"","_monsterinsights_sitenote_category":0},"categories":[6,30260,30259,12],"tags":[244,21825,7800,480,44557,4100],"aioseo_notices":[],"_links":{"self":[{"href":"https:\/\/mspontocom.com.br\/site\/wp-json\/wp\/v2\/posts\/208777"}],"collection":[{"href":"https:\/\/mspontocom.com.br\/site\/wp-json\/wp\/v2\/posts"}],"about":[{"href":"https:\/\/mspontocom.com.br\/site\/wp-json\/wp\/v2\/types\/post"}],"author":[{"embeddable":true,"href":"https:\/\/mspontocom.com.br\/site\/wp-json\/wp\/v2\/users\/2"}],"replies":[{"embeddable":true,"href":"https:\/\/mspontocom.com.br\/site\/wp-json\/wp\/v2\/comments?post=208777"}],"version-history":[{"count":1,"href":"https:\/\/mspontocom.com.br\/site\/wp-json\/wp\/v2\/posts\/208777\/revisions"}],"predecessor-version":[{"id":208779,"href":"https:\/\/mspontocom.com.br\/site\/wp-json\/wp\/v2\/posts\/208777\/revisions\/208779"}],"wp:featuredmedia":[{"embeddable":true,"href":"https:\/\/mspontocom.com.br\/site\/wp-json\/wp\/v2\/media\/208778"}],"wp:attachment":[{"href":"https:\/\/mspontocom.com.br\/site\/wp-json\/wp\/v2\/media?parent=208777"}],"wp:term":[{"taxonomy":"category","embeddable":true,"href":"https:\/\/mspontocom.com.br\/site\/wp-json\/wp\/v2\/categories?post=208777"},{"taxonomy":"post_tag","embeddable":true,"href":"https:\/\/mspontocom.com.br\/site\/wp-json\/wp\/v2\/tags?post=208777"}],"curies":[{"name":"wp","href":"https:\/\/api.w.org\/{rel}","templated":true}]}}